{"id":204621,"date":"2025-11-05T04:23:28","date_gmt":"2025-11-05T08:23:28","guid":{"rendered":"https:\/\/mspontocom.com.br\/site\/?p=204621"},"modified":"2025-11-05T08:30:05","modified_gmt":"2025-11-05T12:30:05","slug":"sebrae-leva-capacitacoes-e-atendimento-ao-renova-centro-neste-sabado-em-campo-grande","status":"publish","type":"post","link":"https:\/\/mspontocom.com.br\/site\/sebrae-leva-capacitacoes-e-atendimento-ao-renova-centro-neste-sabado-em-campo-grande\/","title":{"rendered":"Sebrae leva capacita\u00e7\u00f5es e atendimento ao Renova Centro neste s\u00e1bado em Campo Grande"},"content":{"rendered":"<p style=\"text-align: justify;\"><img loading=\"lazy\" class=\"alignnone size-full wp-image-204628\" src=\"http:\/\/mspontocom.com.br\/site\/wp-content\/uploads\/2025\/11\/site-sebrae-leva-capacitacoes-e-atendimento-ao-renova-centro-neste-sabado-em-campo-grande-renova.webp\" alt=\"\" width=\"427\" height=\"320\" srcset=\"https:\/\/mspontocom.com.br\/site\/wp-content\/uploads\/2025\/11\/site-sebrae-leva-capacitacoes-e-atendimento-ao-renova-centro-neste-sabado-em-campo-grande-renova.webp 427w, https:\/\/mspontocom.com.br\/site\/wp-content\/uploads\/2025\/11\/site-sebrae-leva-capacitacoes-e-atendimento-ao-renova-centro-neste-sabado-em-campo-grande-renova-260x195.webp 260w\" sizes=\"(max-width: 427px) 100vw, 427px\" \/><\/p>\n<p style=\"text-align: justify;\">O Sebrae\/MS participa neste s\u00e1bado (8) da programa\u00e7\u00e3o do Renova Centro, a\u00e7\u00e3o que promete movimentar o cora\u00e7\u00e3o de Campo Grande com atividades voltadas \u00e0 cultura, educa\u00e7\u00e3o e empreendedorismo.<\/p>\n<p style=\"text-align: justify;\">O evento ser\u00e1 realizado na Rua Quatorze de Julho, n\u00ba 2377, a partir das 8h, e tem como objetivo fortalecer o com\u00e9rcio local e promover o desenvolvimento econ\u00f4mico e humano da regi\u00e3o.<\/p>\n<p style=\"text-align: justify;\">Idealizado pela Rede MS, o Renova Centro conta com o apoio do Sebrae\/MS, Senac, Associa\u00e7\u00e3o Comercial e Industrial de Campo Grande (ACICG) e P\u00e1tio Central Shopping. A proposta \u00e9 valorizar o centro da cidade, unindo cultura, capacita\u00e7\u00e3o e lazer em um \u00fanico espa\u00e7o.<\/p>\n<p style=\"text-align: justify;\">Durante o evento, o Sebrae\/MS estar\u00e1 presente com tr\u00eas a\u00e7\u00f5es gratuitas voltadas ao p\u00fablico empreendedor: um mutir\u00e3o de atendimento e duas palestras da trilha \u201cSalva Vendas\u201d, com foco em estrat\u00e9gias pr\u00e1ticas para ampliar resultados e fortalecer a presen\u00e7a no mercado.<\/p>\n<p style=\"text-align: justify;\"><strong>Mutir\u00e3o de atendimento e capacita\u00e7\u00f5es em marketing e vendas<\/strong><\/p>\n<p style=\"text-align: justify;\">Das 8h \u00e0s 18h, os microempreendedores individuais (MEIs) poder\u00e3o participar do mutir\u00e3o de atendimento promovido pelo Sebrae\/MS, voltado \u00e0 regulariza\u00e7\u00e3o de CNPJs com pend\u00eancias.<\/p>\n<p style=\"text-align: justify;\">A a\u00e7\u00e3o auxilia os empreendedores a colocarem em dia d\u00e9bitos e declara\u00e7\u00f5es, evitando o cancelamento do registro e garantindo a manuten\u00e7\u00e3o dos benef\u00edcios da formaliza\u00e7\u00e3o.<\/p>\n<p style=\"text-align: justify;\">Al\u00e9m do atendimento, o Sebrae\/MS promove duas palestras gratuitas com temas voltados \u00e0 pr\u00e1tica e ao dia a dia dos neg\u00f3cios.<\/p>\n<p style=\"text-align: justify;\">Das 14h \u00e0s 16h, a palestra \u201cSalva Vendas: Quero Vender Mais e Agora?\u201d abordar\u00e1 estrat\u00e9gias para reposicionar marcas, entender o comportamento do consumidor e aumentar as vendas.<\/p>\n<p style=\"text-align: justify;\">Na sequ\u00eancia, das 16h \u00e0s 18h, ser\u00e1 realizada a palestra \u201cSalva Vendas: Al\u00e9m do Marketing Digital\u201d, que trar\u00e1 dicas aplic\u00e1veis de posicionamento, inova\u00e7\u00e3o e marketing como ferramenta essencial para impulsionar resultados.<\/p>\n<p style=\"text-align: justify;\">Para mais informa\u00e7\u00f5es sobre as a\u00e7\u00f5es do Sebrae\/MS, basta entrar em contato pelo telefone 0800 570 0800 ou acessar\u00a0<a href=\"https:\/\/click.divulga.sebrae.ms\/?qs=4b55f828c4dfe5b0b4b55e49f5a7467a29f8f269c1f14d7a0906a1e7013883c5df2d399fccbc1bcb202ed5ef731044254bce930a1929b9d4\" target=\"_blank\" rel=\"noopener\" data-saferedirecturl=\"https:\/\/www.google.com\/url?q=https:\/\/click.divulga.sebrae.ms\/?qs%3D4b55f828c4dfe5b0b4b55e49f5a7467a29f8f269c1f14d7a0906a1e7013883c5df2d399fccbc1bcb202ed5ef731044254bce930a1929b9d4&amp;source=gmail&amp;ust=1762430285385000&amp;usg=AOvVaw1je7_ydkCySNGuQRo-q1Pr\">ms.sebrae.com.br<\/a>.<\/p>\n<p style=\"text-align: justify;\"><i><b>Continue em nossa companhia em:<\/b><\/i> <a href=\"http:\/\/www.mspontocom.com.br\/\"><span style=\"color: #0000ff;\"><span style=\"font-family: Comic Sans MS, cursive;\"><span style=\"font-size: small;\"><u>www.mspontocom.com.br<\/u><\/span><\/span><\/span><\/a><\/p>\n","protected":false},"excerpt":{"rendered":"<p>O Sebrae\/MS participa neste s\u00e1bado (8) da programa\u00e7\u00e3o do Renova Centro, a\u00e7\u00e3o que promete movimentar o cora\u00e7\u00e3o de Campo Grande com atividades voltadas \u00e0 cultura, educa\u00e7\u00e3o e empreendedorismo. O evento ser\u00e1 realizado na Rua Quatorze de Julho, n\u00ba 2377, a partir das 8h, e tem como objetivo fortalecer o com\u00e9rcio local e promover o desenvolvimento [&hellip;]<\/p>\n","protected":false},"author":2,"featured_media":204628,"comment_status":"open","ping_status":"open","sticky":false,"template":"","format":"standard","meta":{"_monsterinsights_skip_tracking":false,"_monsterinsights_sitenote_active":false,"_monsterinsights_sitenote_note":"","_monsterinsights_sitenote_category":0},"categories":[4328,15],"tags":[1999,43829,6321],"aioseo_notices":[],"_links":{"self":[{"href":"https:\/\/mspontocom.com.br\/site\/wp-json\/wp\/v2\/posts\/204621"}],"collection":[{"href":"https:\/\/mspontocom.com.br\/site\/wp-json\/wp\/v2\/posts"}],"about":[{"href":"https:\/\/mspontocom.com.br\/site\/wp-json\/wp\/v2\/types\/post"}],"author":[{"embeddable":true,"href":"https:\/\/mspontocom.com.br\/site\/wp-json\/wp\/v2\/users\/2"}],"replies":[{"embeddable":true,"href":"https:\/\/mspontocom.com.br\/site\/wp-json\/wp\/v2\/comments?post=204621"}],"version-history":[{"count":2,"href":"https:\/\/mspontocom.com.br\/site\/wp-json\/wp\/v2\/posts\/204621\/revisions"}],"predecessor-version":[{"id":204629,"href":"https:\/\/mspontocom.com.br\/site\/wp-json\/wp\/v2\/posts\/204621\/revisions\/204629"}],"wp:featuredmedia":[{"embeddable":true,"href":"https:\/\/mspontocom.com.br\/site\/wp-json\/wp\/v2\/media\/204628"}],"wp:attachment":[{"href":"https:\/\/mspontocom.com.br\/site\/wp-json\/wp\/v2\/media?parent=204621"}],"wp:term":[{"taxonomy":"category","embeddable":true,"href":"https:\/\/mspontocom.com.br\/site\/wp-json\/wp\/v2\/categories?post=204621"},{"taxonomy":"post_tag","embeddable":true,"href":"https:\/\/mspontocom.com.br\/site\/wp-json\/wp\/v2\/tags?post=204621"}],"curies":[{"name":"wp","href":"https:\/\/api.w.org\/{rel}","templated":true}]}}