{"id":204687,"date":"2025-11-07T03:59:28","date_gmt":"2025-11-07T07:59:28","guid":{"rendered":"https:\/\/mspontocom.com.br\/site\/?p=204687"},"modified":"2025-11-07T08:04:51","modified_gmt":"2025-11-07T12:04:51","slug":"vitrine-internacional-empresarios-de-ms-expoem-produtos-na-cop30","status":"publish","type":"post","link":"https:\/\/mspontocom.com.br\/site\/vitrine-internacional-empresarios-de-ms-expoem-produtos-na-cop30\/","title":{"rendered":"Vitrine internacional: Empres\u00e1rios de MS exp\u00f5em produtos na COP30"},"content":{"rendered":"<p style=\"text-align: justify;\"><img loading=\"lazy\" class=\"alignnone size-full wp-image-204693\" src=\"http:\/\/mspontocom.com.br\/site\/wp-content\/uploads\/2025\/11\/site-vitrine-internacional-empresarios-de-ms-expoem-produtos-regionais-na-cop30-sebrae4.jpg\" alt=\"\" width=\"810\" height=\"540\" srcset=\"https:\/\/mspontocom.com.br\/site\/wp-content\/uploads\/2025\/11\/site-vitrine-internacional-empresarios-de-ms-expoem-produtos-regionais-na-cop30-sebrae4.jpg 810w, https:\/\/mspontocom.com.br\/site\/wp-content\/uploads\/2025\/11\/site-vitrine-internacional-empresarios-de-ms-expoem-produtos-regionais-na-cop30-sebrae4-260x173.jpg 260w, https:\/\/mspontocom.com.br\/site\/wp-content\/uploads\/2025\/11\/site-vitrine-internacional-empresarios-de-ms-expoem-produtos-regionais-na-cop30-sebrae4-768x512.jpg 768w\" sizes=\"(max-width: 810px) 100vw, 810px\" \/>Empreendedores de Mato Grosso do Sul ter\u00e3o a oportunidade de exibirem os produtos que desenvolvem durante a 30\u00aa Confer\u00eancia das Partes (COP 30), que ser\u00e1 realizada entre os dias 10 e 21 de novembro em Bel\u00e9m, capital do Par\u00e1.<\/p>\n<p style=\"text-align: justify;\">Por meio do Sebrae\/MS, seis empresas do Estado ir\u00e3o enviar juntas mais de mil produtos para exposi\u00e7\u00e3o e vendas, mostrando ao mundo a riqueza cultural e a biodiversidade do Pantanal e Cerrado.<\/p>\n<p style=\"text-align: justify;\">\u00a0Durante o evento, os produtos sul-mato-grossenses ser\u00e3o expostos em uma loja colaborativa do Sebrae, que re\u00fane produtos de empresas atendidas pela institui\u00e7\u00e3o em \u00e2mbito nacional, que permanecer\u00e1 \u00e0 disposi\u00e7\u00e3o do p\u00fablico no pavilh\u00e3o da Green Zone.<\/p>\n<p style=\"text-align: justify;\"><span style=\"font-size: 18pt;\"><strong>Inova\u00e7\u00e3o e sustentabilidade<\/strong><\/span><\/p>\n<p style=\"text-align: justify;\">As empresas presentes na COP 30 s\u00e3o:\u00a0<a href=\"https:\/\/click.divulga.sebrae.ms\/?qs=96058fb717b75436ba73339692bdc498c9212369c148b96f545e7f3c999100aa0eda88c601c7c3767656958d2195128236bc6bd664cabb80\" target=\"_blank\" rel=\"noopener\" data-saferedirecturl=\"https:\/\/www.google.com\/url?q=https:\/\/click.divulga.sebrae.ms\/?qs%3D96058fb717b75436ba73339692bdc498c9212369c148b96f545e7f3c999100aa0eda88c601c7c3767656958d2195128236bc6bd664cabb80&amp;source=gmail&amp;ust=1762599698842000&amp;usg=AOvVaw0acJGP2sqoL2MrcdydtqwP\">Yb\u00e1 Pet<\/a>,\u00a0<a href=\"https:\/\/click.divulga.sebrae.ms\/?qs=96058fb717b7543644f8c7479867125257271013604dd7432bc8685a99becabba97bb42980c1a9b7f0ec671b4d1b149e0f8bf5d7a518e3e1\" target=\"_blank\" rel=\"noopener\" data-saferedirecturl=\"https:\/\/www.google.com\/url?q=https:\/\/click.divulga.sebrae.ms\/?qs%3D96058fb717b7543644f8c7479867125257271013604dd7432bc8685a99becabba97bb42980c1a9b7f0ec671b4d1b149e0f8bf5d7a518e3e1&amp;source=gmail&amp;ust=1762599698842000&amp;usg=AOvVaw31pReBEZL8uBhoqDkAk0bd\">Inspira\u00ea<\/a>,\u00a0<a href=\"https:\/\/click.divulga.sebrae.ms\/?qs=96058fb717b7543604a63bcb3b6327c1696e920a657087f2188804febe5dd9a1cbe21e50190bd748bd55a965c75b8f0b4ad668edb2ff1781\" target=\"_blank\" rel=\"noopener\" data-saferedirecturl=\"https:\/\/www.google.com\/url?q=https:\/\/click.divulga.sebrae.ms\/?qs%3D96058fb717b7543604a63bcb3b6327c1696e920a657087f2188804febe5dd9a1cbe21e50190bd748bd55a965c75b8f0b4ad668edb2ff1781&amp;source=gmail&amp;ust=1762599698842000&amp;usg=AOvVaw3VyCF7mxWIOeCNBxRq-awF\">L\u00fa Lopes Ateli\u00ea<\/a>,\u00a0<a href=\"https:\/\/click.divulga.sebrae.ms\/?qs=96058fb717b754367ff01273f7b89f12b229dc58f404f95ad075e6d4c5cd6c353de2d9962e993ec1798a4d9cac4b892d81cee0c40a113353\" target=\"_blank\" rel=\"noopener\" data-saferedirecturl=\"https:\/\/www.google.com\/url?q=https:\/\/click.divulga.sebrae.ms\/?qs%3D96058fb717b754367ff01273f7b89f12b229dc58f404f95ad075e6d4c5cd6c353de2d9962e993ec1798a4d9cac4b892d81cee0c40a113353&amp;source=gmail&amp;ust=1762599698842000&amp;usg=AOvVaw0vuPaKjK0Y3sJQL4HTRyf5\">Pimenta da Serra<\/a>,\u00a0<a href=\"https:\/\/click.divulga.sebrae.ms\/?qs=96058fb717b75436c5c87a244c119b556bb257b1ccd9fe27df3f14784cd620a488c3d9284f0246c3188ed59b3fbf8dc1d0c3507bcfed6c4e\" target=\"_blank\" rel=\"noopener\" data-saferedirecturl=\"https:\/\/www.google.com\/url?q=https:\/\/click.divulga.sebrae.ms\/?qs%3D96058fb717b75436c5c87a244c119b556bb257b1ccd9fe27df3f14784cd620a488c3d9284f0246c3188ed59b3fbf8dc1d0c3507bcfed6c4e&amp;source=gmail&amp;ust=1762599698842000&amp;usg=AOvVaw1pfDbnCSvuW83fBCuuYJQH\">Ateli\u00ea Anjos\u00a0<\/a>\u00a0e\u00a0<a href=\"https:\/\/click.divulga.sebrae.ms\/?qs=96058fb717b7543652dbb9b84b3acf16641ca45fddf2cd2aa1a839cb613571aa6c518b4750e1137470ea8b02db7a776efe89c5af94e51219\" target=\"_blank\" rel=\"noopener\" data-saferedirecturl=\"https:\/\/www.google.com\/url?q=https:\/\/click.divulga.sebrae.ms\/?qs%3D96058fb717b7543652dbb9b84b3acf16641ca45fddf2cd2aa1a839cb613571aa6c518b4750e1137470ea8b02db7a776efe89c5af94e51219&amp;source=gmail&amp;ust=1762599698842000&amp;usg=AOvVaw2zh29oW4AEKqUgfY5W8qgC\">Divina Joya<\/a>.<\/p>\n<p style=\"text-align: justify;\">Em comum, elas s\u00e3o integrantes do\u00a0<a href=\"https:\/\/click.divulga.sebrae.ms\/?qs=96058fb717b754363e4aba09d96084499381217497fb657319fb40e4e81bdd1df08d1e95eba6bddf8112ab4fcca1b058be0390e43d0e3cfe\" target=\"_blank\" rel=\"noopener\" data-saferedirecturl=\"https:\/\/www.google.com\/url?q=https:\/\/click.divulga.sebrae.ms\/?qs%3D96058fb717b754363e4aba09d96084499381217497fb657319fb40e4e81bdd1df08d1e95eba6bddf8112ab4fcca1b058be0390e43d0e3cfe&amp;source=gmail&amp;ust=1762599698842000&amp;usg=AOvVaw02N3_rMzAJpn2w2SbLbFj1\">Made in Pantanal\u00a0<\/a>\u00a0\u2014 selo desenvolvido pelo Sebrae\/MS como um registro de proced\u00eancia e valoriza\u00e7\u00e3o territorial \u2013 e foram selecionadas a partir de um edital p\u00fablico voltado a neg\u00f3cios com produtos que destaquem a sustentabilidade e os valores do territ\u00f3rio, como o uso de mat\u00e9ria-prima local e o fortalecimento das comunidades onde est\u00e3o inseridas.<\/p>\n<p style=\"text-align: justify;\">Para conhecer as empresas participantes do selo Made In Pantanal, basta acessar a plataforma clicando\u00a0<a href=\"https:\/\/click.divulga.sebrae.ms\/?qs=96058fb717b754363e4aba09d96084499381217497fb657319fb40e4e81bdd1df08d1e95eba6bddf8112ab4fcca1b058be0390e43d0e3cfe\" target=\"_blank\" rel=\"noopener\" data-saferedirecturl=\"https:\/\/www.google.com\/url?q=https:\/\/click.divulga.sebrae.ms\/?qs%3D96058fb717b754363e4aba09d96084499381217497fb657319fb40e4e81bdd1df08d1e95eba6bddf8112ab4fcca1b058be0390e43d0e3cfe&amp;source=gmail&amp;ust=1762599698842000&amp;usg=AOvVaw02N3_rMzAJpn2w2SbLbFj1\">aqui<\/a>.<\/p>\n<p style=\"text-align: justify;\">Outras informa\u00e7\u00f5es sobre as a\u00e7\u00f5es realizadas pelo Sebrae\/MS e parceiros podem ser obtidas pelo telefone 0800 570 0800 ou pelo site\u00a0<a href=\"https:\/\/click.divulga.sebrae.ms\/?qs=96058fb717b75436dbb268d2ca14a16c893142227afed9d43bcc3e12bd182b905e2b701de40fa267c1638c261f58f3a9197e361062de287f\" target=\"_blank\" rel=\"noopener\" data-saferedirecturl=\"https:\/\/www.google.com\/url?q=https:\/\/click.divulga.sebrae.ms\/?qs%3D96058fb717b75436dbb268d2ca14a16c893142227afed9d43bcc3e12bd182b905e2b701de40fa267c1638c261f58f3a9197e361062de287f&amp;source=gmail&amp;ust=1762599698842000&amp;usg=AOvVaw1OWC7OACjj4bz3QydKT2Mn\">ms.sebrae.com.br<\/a>.<\/p>\n<p style=\"text-align: justify;\"><i><b>Continue em nossa companhia em:<\/b><\/i> <a href=\"http:\/\/www.mspontocom.com.br\/\"><span style=\"color: #0000ff;\"><span style=\"font-family: Comic Sans MS, cursive;\"><span style=\"font-size: small;\"><u>www.mspontocom.com.br<\/u><\/span><\/span><\/span><\/a><\/p>\n","protected":false},"excerpt":{"rendered":"<p>Empreendedores de Mato Grosso do Sul ter\u00e3o a oportunidade de exibirem os produtos que desenvolvem durante a 30\u00aa Confer\u00eancia das Partes (COP 30), que ser\u00e1 realizada entre os dias 10 e 21 de novembro em Bel\u00e9m, capital do Par\u00e1. Por meio do Sebrae\/MS, seis empresas do Estado ir\u00e3o enviar juntas mais de mil produtos para [&hellip;]<\/p>\n","protected":false},"author":2,"featured_media":204693,"comment_status":"open","ping_status":"open","sticky":false,"template":"","format":"standard","meta":{"_monsterinsights_skip_tracking":false,"_monsterinsights_sitenote_active":false,"_monsterinsights_sitenote_note":"","_monsterinsights_sitenote_category":0},"categories":[74],"tags":[42668,3720,43844,81],"aioseo_notices":[],"_links":{"self":[{"href":"https:\/\/mspontocom.com.br\/site\/wp-json\/wp\/v2\/posts\/204687"}],"collection":[{"href":"https:\/\/mspontocom.com.br\/site\/wp-json\/wp\/v2\/posts"}],"about":[{"href":"https:\/\/mspontocom.com.br\/site\/wp-json\/wp\/v2\/types\/post"}],"author":[{"embeddable":true,"href":"https:\/\/mspontocom.com.br\/site\/wp-json\/wp\/v2\/users\/2"}],"replies":[{"embeddable":true,"href":"https:\/\/mspontocom.com.br\/site\/wp-json\/wp\/v2\/comments?post=204687"}],"version-history":[{"count":2,"href":"https:\/\/mspontocom.com.br\/site\/wp-json\/wp\/v2\/posts\/204687\/revisions"}],"predecessor-version":[{"id":204694,"href":"https:\/\/mspontocom.com.br\/site\/wp-json\/wp\/v2\/posts\/204687\/revisions\/204694"}],"wp:featuredmedia":[{"embeddable":true,"href":"https:\/\/mspontocom.com.br\/site\/wp-json\/wp\/v2\/media\/204693"}],"wp:attachment":[{"href":"https:\/\/mspontocom.com.br\/site\/wp-json\/wp\/v2\/media?parent=204687"}],"wp:term":[{"taxonomy":"category","embeddable":true,"href":"https:\/\/mspontocom.com.br\/site\/wp-json\/wp\/v2\/categories?post=204687"},{"taxonomy":"post_tag","embeddable":true,"href":"https:\/\/mspontocom.com.br\/site\/wp-json\/wp\/v2\/tags?post=204687"}],"curies":[{"name":"wp","href":"https:\/\/api.w.org\/{rel}","templated":true}]}}