{"id":204689,"date":"2025-11-07T03:51:14","date_gmt":"2025-11-07T07:51:14","guid":{"rendered":"https:\/\/mspontocom.com.br\/site\/?p=204689"},"modified":"2025-11-07T07:58:44","modified_gmt":"2025-11-07T11:58:44","slug":"fiems-marca-presenca-no-brazil-africa-forum-2025","status":"publish","type":"post","link":"https:\/\/mspontocom.com.br\/site\/fiems-marca-presenca-no-brazil-africa-forum-2025\/","title":{"rendered":"Fiems marca presen\u00e7a no Brazil Africa Forum 2025"},"content":{"rendered":"<p class=\"m_-4860176476432724937MsoNoSpacing\" style=\"text-align: justify;\"><img loading=\"lazy\" class=\"alignnone size-full wp-image-204691\" src=\"http:\/\/mspontocom.com.br\/site\/wp-content\/uploads\/2025\/11\/site-fiems-marca-presenca-no-brazil-africa-forum-2025-afrizca.jpg\" alt=\"\" width=\"236\" height=\"214\" \/><\/p>\n<p class=\"m_-4860176476432724937MsoNoSpacing\" style=\"text-align: justify;\">O diretor de rela\u00e7\u00f5es internacionais da Fiems, Aur\u00e9lio Rocha, participou do Brazil \u00c1frica Forum 2025, realizado nos dias 4 e 5 de novembro, em S\u00e3o Paulo.<\/p>\n<p class=\"m_-4860176476432724937MsoNoSpacing\" style=\"text-align: justify;\">O evento reuniu lideran\u00e7as empresariais, autoridades e lideran\u00e7as empresariais para discutir novas oportunidades de coopera\u00e7\u00e3o entre Brasil, \u00c1frica e Oriente M\u00e9dio, com foco em com\u00e9rcio exterior e soberania alimentar.<u><\/u><u><\/u><u><\/u>\u00a0<u><\/u><\/p>\n<p class=\"m_-4860176476432724937MsoNoSpacing\" style=\"text-align: justify;\">A participa\u00e7\u00e3o da Fiems\u00a0 amplia as exporta\u00e7\u00f5es e abre novos mercados para produtos de Mato Grosso do Sul, consolidando o Estado como ponte estrat\u00e9gica entre a Am\u00e9rica do Sul e o continente africano.<u><\/u><u><\/u><u><\/u>\u00a0<u><\/u><\/p>\n<blockquote>\n<p class=\"m_-4860176476432724937MsoNoSpacing\"><em>\u201cParticipar do f\u00f3rum foi uma oportunidade valiosa de aprofundar o di\u00e1logo com pa\u00edses africanos e refor\u00e7ar nosso prop\u00f3sito de promover o com\u00e9rcio internacional e ampliar as exporta\u00e7\u00f5es do Mato Grosso do Sul\u201d, destacou Aur\u00e9lio Rocha.<\/em><\/p>\n<\/blockquote>\n<p class=\"m_-4860176476432724937MsoNoSpacing\" style=\"text-align: justify;\">\n<p class=\"m_-4860176476432724937MsoNoSpacing\" style=\"text-align: justify;\">Durante o evento, foram realizados pain\u00e9is com representantes do Itamaraty, Banco do Brasil, Banco da Amaz\u00f4nia, CAF e do Kigali International Financial Centre, al\u00e9m da participa\u00e7\u00e3o da ministra Reem Bint Ebrahim Al Hashimy, dos Emirados \u00c1rabes Unidos.<u><\/u><u><\/u><u><\/u>\u00a0<u><\/u><\/p>\n<p class=\"m_-4860176476432724937MsoNoSpacing\" style=\"text-align: justify;\"><b><span style=\"font-size: 18pt;\">Miss\u00e3o \u00c1frica<\/span><u><\/u><u><\/u><\/b><u><\/u>\u00a0<u><\/u><\/p>\n<p class=\"m_-4860176476432724937MsoNoSpacing\" style=\"text-align: justify;\">Em junho de 2025, uma miss\u00e3o empresarial liderada pela Fiems embarcou para a \u00c1frica do Sul com o objetivo de ampliar mercados e fortalecer a presen\u00e7a internacional da ind\u00fastria sul-mato-grossense. O grupo, formado por 19 empres\u00e1rios, cumpriu uma agenda estrat\u00e9gica que incluiu visitas \u00e0s cidades de Cidade do Cabo, Joanesburgo e Pret\u00f3ria.<u><\/u><u><\/u><\/p>\n<p style=\"text-align: justify;\"><i><b>Continue em nossa companhia em:<\/b><\/i> <a href=\"http:\/\/www.mspontocom.com.br\/\"><span style=\"color: #0000ff;\"><span style=\"font-family: Comic Sans MS, cursive;\"><span style=\"font-size: small;\"><u>www.mspontocom.com.br<\/u><\/span><\/span><\/span><\/a><\/p>\n<p class=\"m_-4860176476432724937MsoNoSpacing\" style=\"text-align: justify;\">\n","protected":false},"excerpt":{"rendered":"<p>O diretor de rela\u00e7\u00f5es internacionais da Fiems, Aur\u00e9lio Rocha, participou do Brazil \u00c1frica Forum 2025, realizado nos dias 4 e 5 de novembro, em S\u00e3o Paulo. O evento reuniu lideran\u00e7as empresariais, autoridades e lideran\u00e7as empresariais para discutir novas oportunidades de coopera\u00e7\u00e3o entre Brasil, \u00c1frica e Oriente M\u00e9dio, com foco em com\u00e9rcio exterior e soberania alimentar.\u00a0 [&hellip;]<\/p>\n","protected":false},"author":2,"featured_media":204691,"comment_status":"open","ping_status":"open","sticky":false,"template":"","format":"standard","meta":{"_monsterinsights_skip_tracking":false,"_monsterinsights_sitenote_active":false,"_monsterinsights_sitenote_note":"","_monsterinsights_sitenote_category":0},"categories":[74],"tags":[43843,2887,26851],"aioseo_notices":[],"_links":{"self":[{"href":"https:\/\/mspontocom.com.br\/site\/wp-json\/wp\/v2\/posts\/204689"}],"collection":[{"href":"https:\/\/mspontocom.com.br\/site\/wp-json\/wp\/v2\/posts"}],"about":[{"href":"https:\/\/mspontocom.com.br\/site\/wp-json\/wp\/v2\/types\/post"}],"author":[{"embeddable":true,"href":"https:\/\/mspontocom.com.br\/site\/wp-json\/wp\/v2\/users\/2"}],"replies":[{"embeddable":true,"href":"https:\/\/mspontocom.com.br\/site\/wp-json\/wp\/v2\/comments?post=204689"}],"version-history":[{"count":2,"href":"https:\/\/mspontocom.com.br\/site\/wp-json\/wp\/v2\/posts\/204689\/revisions"}],"predecessor-version":[{"id":204692,"href":"https:\/\/mspontocom.com.br\/site\/wp-json\/wp\/v2\/posts\/204689\/revisions\/204692"}],"wp:featuredmedia":[{"embeddable":true,"href":"https:\/\/mspontocom.com.br\/site\/wp-json\/wp\/v2\/media\/204691"}],"wp:attachment":[{"href":"https:\/\/mspontocom.com.br\/site\/wp-json\/wp\/v2\/media?parent=204689"}],"wp:term":[{"taxonomy":"category","embeddable":true,"href":"https:\/\/mspontocom.com.br\/site\/wp-json\/wp\/v2\/categories?post=204689"},{"taxonomy":"post_tag","embeddable":true,"href":"https:\/\/mspontocom.com.br\/site\/wp-json\/wp\/v2\/tags?post=204689"}],"curies":[{"name":"wp","href":"https:\/\/api.w.org\/{rel}","templated":true}]}}