{"id":204733,"date":"2025-11-10T06:56:18","date_gmt":"2025-11-10T10:56:18","guid":{"rendered":"https:\/\/mspontocom.com.br\/site\/?p=204733"},"modified":"2025-11-10T06:56:18","modified_gmt":"2025-11-10T10:56:18","slug":"deputado-da-direita-de-portugal-sugere-que-lula-e-ladrao","status":"publish","type":"post","link":"https:\/\/mspontocom.com.br\/site\/deputado-da-direita-de-portugal-sugere-que-lula-e-ladrao\/","title":{"rendered":"Deputado da Direita de Portugal sugere que Lula \u00e9 ladr\u00e3o"},"content":{"rendered":"<p style=\"text-align: justify;\" data-start=\"117\" data-end=\"358\"><img loading=\"lazy\" class=\"alignnone size-full wp-image-204734\" src=\"http:\/\/mspontocom.com.br\/site\/wp-content\/uploads\/2025\/11\/site-deputado-da-direita-de-portugal-sugere-que-lula-e-ladrao-chega.jpeg\" alt=\"\" width=\"697\" height=\"373\" srcset=\"https:\/\/mspontocom.com.br\/site\/wp-content\/uploads\/2025\/11\/site-deputado-da-direita-de-portugal-sugere-que-lula-e-ladrao-chega.jpeg 697w, https:\/\/mspontocom.com.br\/site\/wp-content\/uploads\/2025\/11\/site-deputado-da-direita-de-portugal-sugere-que-lula-e-ladrao-chega-260x139.jpeg 260w\" sizes=\"(max-width: 697px) 100vw, 697px\" \/>Uma publica\u00e7\u00e3o do deputado portugu\u00eas\u00a0Andr\u00e9 Ventura, l\u00edder do partido de direita\u00a0Chega, gerou pol\u00eamica ap\u00f3s o parlamentar sugerir, de forma ir\u00f4nica, que o presidente Lula (PT)\u00a0seria ladr\u00e3o.<\/p>\n<p style=\"text-align: justify;\" data-start=\"360\" data-end=\"605\">O coment\u00e1rio surgiu depois que o\u00a0Pal\u00e1cio do Planalto\u00a0divulgou nas redes sociais uma foto oficial da\u00a0COP30, confer\u00eancia da ONU sobre mudan\u00e7as clim\u00e1ticas, em que Lula aparece ao lado do\u00a0primeiro-ministro de Portugal, Lu\u00eds Montenegro.<\/p>\n<p style=\"text-align: justify;\" data-start=\"607\" data-end=\"645\">Reagindo \u00e0 imagem, Ventura escreveu:<\/p>\n<blockquote data-start=\"646\" data-end=\"702\">\n<p data-start=\"648\" data-end=\"702\"><span style=\"font-size: 14pt;\"><strong><em>Ser\u00e1 que o primeiro-ministro ficou com a carteira?\u201d<\/em><\/strong><\/span><\/p>\n<\/blockquote>\n<p style=\"text-align: justify;\" data-start=\"704\" data-end=\"946\">A frase, interpretada como uma insinua\u00e7\u00e3o de que Lula roubaria, rapidamente viralizou nas redes sociais.<\/p>\n","protected":false},"excerpt":{"rendered":"<p>Uma publica\u00e7\u00e3o do deputado portugu\u00eas\u00a0Andr\u00e9 Ventura, l\u00edder do partido de direita\u00a0Chega, gerou pol\u00eamica ap\u00f3s o parlamentar sugerir, de forma ir\u00f4nica, que o presidente Lula (PT)\u00a0seria ladr\u00e3o. O coment\u00e1rio surgiu depois que o\u00a0Pal\u00e1cio do Planalto\u00a0divulgou nas redes sociais uma foto oficial da\u00a0COP30, confer\u00eancia da ONU sobre mudan\u00e7as clim\u00e1ticas, em que Lula aparece ao lado do\u00a0primeiro-ministro de [&hellip;]<\/p>\n","protected":false},"author":2,"featured_media":204734,"comment_status":"open","ping_status":"open","sticky":false,"template":"","format":"standard","meta":{"_monsterinsights_skip_tracking":false,"_monsterinsights_sitenote_active":false,"_monsterinsights_sitenote_note":"","_monsterinsights_sitenote_category":0},"categories":[30260,7,30259,12],"tags":[39028,24557,1430,32323,7800,480,339],"aioseo_notices":[],"_links":{"self":[{"href":"https:\/\/mspontocom.com.br\/site\/wp-json\/wp\/v2\/posts\/204733"}],"collection":[{"href":"https:\/\/mspontocom.com.br\/site\/wp-json\/wp\/v2\/posts"}],"about":[{"href":"https:\/\/mspontocom.com.br\/site\/wp-json\/wp\/v2\/types\/post"}],"author":[{"embeddable":true,"href":"https:\/\/mspontocom.com.br\/site\/wp-json\/wp\/v2\/users\/2"}],"replies":[{"embeddable":true,"href":"https:\/\/mspontocom.com.br\/site\/wp-json\/wp\/v2\/comments?post=204733"}],"version-history":[{"count":1,"href":"https:\/\/mspontocom.com.br\/site\/wp-json\/wp\/v2\/posts\/204733\/revisions"}],"predecessor-version":[{"id":204735,"href":"https:\/\/mspontocom.com.br\/site\/wp-json\/wp\/v2\/posts\/204733\/revisions\/204735"}],"wp:featuredmedia":[{"embeddable":true,"href":"https:\/\/mspontocom.com.br\/site\/wp-json\/wp\/v2\/media\/204734"}],"wp:attachment":[{"href":"https:\/\/mspontocom.com.br\/site\/wp-json\/wp\/v2\/media?parent=204733"}],"wp:term":[{"taxonomy":"category","embeddable":true,"href":"https:\/\/mspontocom.com.br\/site\/wp-json\/wp\/v2\/categories?post=204733"},{"taxonomy":"post_tag","embeddable":true,"href":"https:\/\/mspontocom.com.br\/site\/wp-json\/wp\/v2\/tags?post=204733"}],"curies":[{"name":"wp","href":"https:\/\/api.w.org\/{rel}","templated":true}]}}