{"id":204742,"date":"2025-11-10T04:59:32","date_gmt":"2025-11-10T08:59:32","guid":{"rendered":"https:\/\/mspontocom.com.br\/site\/?p=204742"},"modified":"2025-11-10T08:03:57","modified_gmt":"2025-11-10T12:03:57","slug":"plano-brasis-chega-em-mato-grosso-do-sul-para-ampliar-o-turismo-internacional","status":"publish","type":"post","link":"https:\/\/mspontocom.com.br\/site\/plano-brasis-chega-em-mato-grosso-do-sul-para-ampliar-o-turismo-internacional\/","title":{"rendered":"Plano Brasis chega em Mato Grosso do Sul para ampliar o turismo internacional"},"content":{"rendered":"<p style=\"text-align: justify;\"><img loading=\"lazy\" class=\"alignnone size-full wp-image-204747\" src=\"http:\/\/mspontocom.com.br\/site\/wp-content\/uploads\/2025\/11\/site-plano-brasis-chega-em-mato-grosso-do-sul-com-acoes-para-ampliar-o-turismo-internacional-brasis.jpg\" alt=\"\" width=\"1000\" height=\"563\" srcset=\"https:\/\/mspontocom.com.br\/site\/wp-content\/uploads\/2025\/11\/site-plano-brasis-chega-em-mato-grosso-do-sul-com-acoes-para-ampliar-o-turismo-internacional-brasis.jpg 1000w, https:\/\/mspontocom.com.br\/site\/wp-content\/uploads\/2025\/11\/site-plano-brasis-chega-em-mato-grosso-do-sul-com-acoes-para-ampliar-o-turismo-internacional-brasis-260x146.jpg 260w, https:\/\/mspontocom.com.br\/site\/wp-content\/uploads\/2025\/11\/site-plano-brasis-chega-em-mato-grosso-do-sul-com-acoes-para-ampliar-o-turismo-internacional-brasis-768x432.jpg 768w\" sizes=\"(max-width: 1000px) 100vw, 1000px\" \/>O estado de Mato Grosso do Sul (MS) dar\u00e1 um importante passo para fortalecer sua posi\u00e7\u00e3o como destino no mercado global.<\/p>\n<p style=\"text-align: justify;\">Nesta ter\u00e7a-feira (11), a Embratur, o Governo do Estado e o Sebrae realizam o encontro para apresenta\u00e7\u00e3o do Plano Brasis 2025\u20132027.<\/p>\n<p style=\"text-align: justify;\">De forma in\u00e9dita, a iniciativa apresentar\u00e1 ao trade tur\u00edstico local, as diretrizes do Plano Internacional de Marketing Tur\u00edstico do Brasil e o plano de a\u00e7\u00e3o para promover internacionalmente o estado.<\/p>\n<p style=\"text-align: justify;\">O encontro contar\u00e1 com a presen\u00e7a do diretor de Marketing Internacional e Sustentabilidade da Embratur, Bruno Reis e da Gerente de Projetos Estruturantes da Ag\u00eancia, Ana Paula Jacques.<\/p>\n<p style=\"text-align: justify;\">Do Governo do Estado participam o secret\u00e1rio de Esporte, de Turismo e de Cultura, Marcelo Miranda e o diretor-presidente da Funda\u00e7\u00e3o de Turismo de Mato Grosso do Sul Bruno Wendling.<\/p>\n<p style=\"text-align: justify;\">J\u00e1 por parte do Sebrae, estar\u00e1 presente a diretora-t\u00e9cnica do institui\u00e7\u00e3o em MS, Sandra Amarilha.<\/p>\n<p style=\"text-align: justify;\"><strong>Servi\u00e7o<\/strong><\/p>\n<p style=\"text-align: justify;\"><strong>O qu\u00ea:<\/strong>\u00a0Encontro de Apresenta\u00e7\u00e3o e Devolutiva do Plano Brasis 2025-2027 \u2013 Mato Grosso do Sul<\/p>\n<p style=\"text-align: justify;\"><strong>Data:<\/strong>\u00a011 de novembro de 2025 (ter\u00e7a-feira)<\/p>\n<p style=\"text-align: justify;\"><strong>Hor\u00e1rio:<\/strong>\u00a015h30<\/p>\n<p style=\"text-align: justify;\"><strong>Local:<\/strong>\u00a0Audit\u00f3rio Jorge Elias Zahran na Sede do Sebrae\/MS.<\/p>\n<p style=\"text-align: justify;\"><strong>Endere\u00e7o:<\/strong>\u00a0Rua Brasil, 180 \u2013 Monte Castelo, Campo Grande (MS)<\/p>\n<p style=\"text-align: justify;\">\n<p style=\"text-align: justify;\"><i><b>Continue em nossa companhia em:<\/b><\/i> <a href=\"http:\/\/www.mspontocom.com.br\/\"><span style=\"color: #0000ff;\"><span style=\"font-family: Comic Sans MS, cursive;\"><span style=\"font-size: small;\"><u>www.mspontocom.com.br<\/u><\/span><\/span><\/span><\/a><\/p>\n","protected":false},"excerpt":{"rendered":"<p>O estado de Mato Grosso do Sul (MS) dar\u00e1 um importante passo para fortalecer sua posi\u00e7\u00e3o como destino no mercado global. Nesta ter\u00e7a-feira (11), a Embratur, o Governo do Estado e o Sebrae realizam o encontro para apresenta\u00e7\u00e3o do Plano Brasis 2025\u20132027. De forma in\u00e9dita, a iniciativa apresentar\u00e1 ao trade tur\u00edstico local, as diretrizes do [&hellip;]<\/p>\n","protected":false},"author":2,"featured_media":204747,"comment_status":"open","ping_status":"open","sticky":false,"template":"","format":"standard","meta":{"_monsterinsights_skip_tracking":false,"_monsterinsights_sitenote_active":false,"_monsterinsights_sitenote_note":"","_monsterinsights_sitenote_category":0},"categories":[74,10],"tags":[3316,43860,39745],"aioseo_notices":[],"_links":{"self":[{"href":"https:\/\/mspontocom.com.br\/site\/wp-json\/wp\/v2\/posts\/204742"}],"collection":[{"href":"https:\/\/mspontocom.com.br\/site\/wp-json\/wp\/v2\/posts"}],"about":[{"href":"https:\/\/mspontocom.com.br\/site\/wp-json\/wp\/v2\/types\/post"}],"author":[{"embeddable":true,"href":"https:\/\/mspontocom.com.br\/site\/wp-json\/wp\/v2\/users\/2"}],"replies":[{"embeddable":true,"href":"https:\/\/mspontocom.com.br\/site\/wp-json\/wp\/v2\/comments?post=204742"}],"version-history":[{"count":2,"href":"https:\/\/mspontocom.com.br\/site\/wp-json\/wp\/v2\/posts\/204742\/revisions"}],"predecessor-version":[{"id":204748,"href":"https:\/\/mspontocom.com.br\/site\/wp-json\/wp\/v2\/posts\/204742\/revisions\/204748"}],"wp:featuredmedia":[{"embeddable":true,"href":"https:\/\/mspontocom.com.br\/site\/wp-json\/wp\/v2\/media\/204747"}],"wp:attachment":[{"href":"https:\/\/mspontocom.com.br\/site\/wp-json\/wp\/v2\/media?parent=204742"}],"wp:term":[{"taxonomy":"category","embeddable":true,"href":"https:\/\/mspontocom.com.br\/site\/wp-json\/wp\/v2\/categories?post=204742"},{"taxonomy":"post_tag","embeddable":true,"href":"https:\/\/mspontocom.com.br\/site\/wp-json\/wp\/v2\/tags?post=204742"}],"curies":[{"name":"wp","href":"https:\/\/api.w.org\/{rel}","templated":true}]}}