{"id":204753,"date":"2025-11-11T06:19:38","date_gmt":"2025-11-11T10:19:38","guid":{"rendered":"https:\/\/mspontocom.com.br\/site\/?p=204753"},"modified":"2025-11-11T06:19:38","modified_gmt":"2025-11-11T10:19:38","slug":"trump-mostrou-dedo-do-meio-ao-brasil-diz-governador-dos-eua","status":"publish","type":"post","link":"https:\/\/mspontocom.com.br\/site\/trump-mostrou-dedo-do-meio-ao-brasil-diz-governador-dos-eua\/","title":{"rendered":"Trump mostrou \u201cdedo do meio\u201d ao Brasil, diz governador dos EUA"},"content":{"rendered":"<p style=\"text-align: justify;\"><img loading=\"lazy\" class=\"alignnone size-full wp-image-204761\" src=\"http:\/\/mspontocom.com.br\/site\/wp-content\/uploads\/2025\/11\/site-trump-mostrou-dedo-do-meio-ao-brasil-diz-governador-da-california-donald-trump-dedo.jpg\" alt=\"\" width=\"1088\" height=\"628\" srcset=\"https:\/\/mspontocom.com.br\/site\/wp-content\/uploads\/2025\/11\/site-trump-mostrou-dedo-do-meio-ao-brasil-diz-governador-da-california-donald-trump-dedo.jpg 1088w, https:\/\/mspontocom.com.br\/site\/wp-content\/uploads\/2025\/11\/site-trump-mostrou-dedo-do-meio-ao-brasil-diz-governador-da-california-donald-trump-dedo-260x150.jpg 260w, https:\/\/mspontocom.com.br\/site\/wp-content\/uploads\/2025\/11\/site-trump-mostrou-dedo-do-meio-ao-brasil-diz-governador-da-california-donald-trump-dedo-1024x591.jpg 1024w, https:\/\/mspontocom.com.br\/site\/wp-content\/uploads\/2025\/11\/site-trump-mostrou-dedo-do-meio-ao-brasil-diz-governador-da-california-donald-trump-dedo-768x443.jpg 768w\" sizes=\"(max-width: 1088px) 100vw, 1088px\" \/>O governador da Calif\u00f3rnia, Gavin Newsom (Partido Democrata), afirmou nesta 2\u00aa feira que a imposi\u00e7\u00e3o de tarifas de 50% foi um <strong>\u201cdedo do meio\u201d<\/strong> do governo Donald Trump ao Brasil.<\/p>\n<p style=\"text-align: justify;\">Gavin deu a declara\u00e7\u00e3o em S\u00e3o Paulo, durante o Global Investors\u2019 Symposium S\u00e3o Paulo 2025, organizado pelo Milken Institute.<\/p>\n<blockquote>\n<p style=\"text-align: justify;\"><em>\u201cO Brasil \u00e9 um dos nossos grandes parceiros comerciais. \u00c9 o pa\u00eds com o qual dever\u00edamos nos envolver. <strong>No entanto, dedo do meio com 50% de tarifas<\/strong>. Isso \u00e9 vergonhoso\u201d, afirmou Newsom.\u00a0<\/em><\/p>\n<\/blockquote>\n<p style=\"text-align: justify;\">O governador\u00a0expressou frustra\u00e7\u00e3o com a situa\u00e7\u00e3o pol\u00edtica nos Estados Unidos: \u201cEu tenho 4 filhos, n\u00e3o sei que droga est\u00e1 acontecendo no meu pa\u00eds\u201d.<\/p>\n<p style=\"text-align: justify;\">Newsom \u00e9 conhecido como um forte cr\u00edtico de Trump e suas pol\u00edticas, especialmente em \u00e1reas como meio ambiente e imigra\u00e7\u00e3o.<\/p>\n<p style=\"text-align: justify;\"><i><b>Continue em nossa companhia em:<\/b><\/i> <a href=\"http:\/\/www.mspontocom.com.br\/\"><span style=\"color: #0000ff;\"><span style=\"font-family: Comic Sans MS, cursive;\"><span style=\"font-size: small;\"><u>www.mspontocom.com.br<\/u><\/span><\/span><\/span><\/a><\/p>\n<p style=\"text-align: justify;\">Fonte: Poder 360<\/p>\n","protected":false},"excerpt":{"rendered":"<p>O governador da Calif\u00f3rnia, Gavin Newsom (Partido Democrata), afirmou nesta 2\u00aa feira que a imposi\u00e7\u00e3o de tarifas de 50% foi um \u201cdedo do meio\u201d do governo Donald Trump ao Brasil. Gavin deu a declara\u00e7\u00e3o em S\u00e3o Paulo, durante o Global Investors\u2019 Symposium S\u00e3o Paulo 2025, organizado pelo Milken Institute. \u201cO Brasil \u00e9 um dos nossos [&hellip;]<\/p>\n","protected":false},"author":2,"featured_media":204761,"comment_status":"open","ping_status":"open","sticky":false,"template":"","format":"standard","meta":{"_monsterinsights_skip_tracking":false,"_monsterinsights_sitenote_active":false,"_monsterinsights_sitenote_note":"","_monsterinsights_sitenote_category":0},"categories":[30260,7,30259,12],"tags":[30254,3579,43863,1539,92,28326],"aioseo_notices":[],"_links":{"self":[{"href":"https:\/\/mspontocom.com.br\/site\/wp-json\/wp\/v2\/posts\/204753"}],"collection":[{"href":"https:\/\/mspontocom.com.br\/site\/wp-json\/wp\/v2\/posts"}],"about":[{"href":"https:\/\/mspontocom.com.br\/site\/wp-json\/wp\/v2\/types\/post"}],"author":[{"embeddable":true,"href":"https:\/\/mspontocom.com.br\/site\/wp-json\/wp\/v2\/users\/2"}],"replies":[{"embeddable":true,"href":"https:\/\/mspontocom.com.br\/site\/wp-json\/wp\/v2\/comments?post=204753"}],"version-history":[{"count":2,"href":"https:\/\/mspontocom.com.br\/site\/wp-json\/wp\/v2\/posts\/204753\/revisions"}],"predecessor-version":[{"id":204762,"href":"https:\/\/mspontocom.com.br\/site\/wp-json\/wp\/v2\/posts\/204753\/revisions\/204762"}],"wp:featuredmedia":[{"embeddable":true,"href":"https:\/\/mspontocom.com.br\/site\/wp-json\/wp\/v2\/media\/204761"}],"wp:attachment":[{"href":"https:\/\/mspontocom.com.br\/site\/wp-json\/wp\/v2\/media?parent=204753"}],"wp:term":[{"taxonomy":"category","embeddable":true,"href":"https:\/\/mspontocom.com.br\/site\/wp-json\/wp\/v2\/categories?post=204753"},{"taxonomy":"post_tag","embeddable":true,"href":"https:\/\/mspontocom.com.br\/site\/wp-json\/wp\/v2\/tags?post=204753"}],"curies":[{"name":"wp","href":"https:\/\/api.w.org\/{rel}","templated":true}]}}