{"id":204843,"date":"2025-11-13T04:55:49","date_gmt":"2025-11-13T08:55:49","guid":{"rendered":"https:\/\/mspontocom.com.br\/site\/?p=204843"},"modified":"2025-11-13T07:23:50","modified_gmt":"2025-11-13T11:23:50","slug":"fiems-leva-inovacao-e-praticas-da-industria-de-ms-para-a-cop30","status":"publish","type":"post","link":"https:\/\/mspontocom.com.br\/site\/fiems-leva-inovacao-e-praticas-da-industria-de-ms-para-a-cop30\/","title":{"rendered":"Fiems leva inova\u00e7\u00e3o e pr\u00e1ticas da ind\u00fastria de MS para a COP30"},"content":{"rendered":"<p class=\"m_-7034873326364094597MsoNoSpacing\" style=\"text-align: justify;\"><img loading=\"lazy\" class=\"alignnone size-full wp-image-204848\" src=\"http:\/\/mspontocom.com.br\/site\/wp-content\/uploads\/2025\/11\/site-fiems-leva-inovacao-e-praticas-da-industria-de-ms-para-a-cop30-cop30.webp\" alt=\"\" width=\"1024\" height=\"683\" srcset=\"https:\/\/mspontocom.com.br\/site\/wp-content\/uploads\/2025\/11\/site-fiems-leva-inovacao-e-praticas-da-industria-de-ms-para-a-cop30-cop30.webp 1024w, https:\/\/mspontocom.com.br\/site\/wp-content\/uploads\/2025\/11\/site-fiems-leva-inovacao-e-praticas-da-industria-de-ms-para-a-cop30-cop30-260x173.webp 260w, https:\/\/mspontocom.com.br\/site\/wp-content\/uploads\/2025\/11\/site-fiems-leva-inovacao-e-praticas-da-industria-de-ms-para-a-cop30-cop30-768x512.webp 768w\" sizes=\"(max-width: 1024px) 100vw, 1024px\" \/>A ind\u00fastria sul-mato-grossense marca presen\u00e7a na COP30, o maior evento das Na\u00e7\u00f5es Unidas para discuss\u00e3o e negocia\u00e7\u00f5es sobre as mudan\u00e7as do clima.<\/p>\n<p class=\"m_-7034873326364094597MsoNoSpacing\" style=\"text-align: justify;\">Boas pr\u00e1ticas e solu\u00e7\u00f5es inovadoras ser\u00e3o apresentadas em Bel\u00e9m (PA) pela Fiems e pelo Sesi, em parceria com o governo do Estado e a Confedera\u00e7\u00e3o Nacional da Ind\u00fastria (CNI), entre os dias 11 e 14 de novembro.<u><\/u><u><\/u><u><\/u>\u00a0<u><\/u><\/p>\n<p class=\"m_-7034873326364094597MsoNoSpacing\" style=\"text-align: justify;\">A CNI ter\u00e1 estande pr\u00f3prio na Blue Zone da COP30, com agenda que inclui pain\u00e9is, apresenta\u00e7\u00f5es de casos de sucesso, divulga\u00e7\u00e3o de pesquisas e estudos e momentos de conex\u00e3o entre l\u00edderes e negociadores.<\/p>\n<p class=\"m_-7034873326364094597MsoNoSpacing\" style=\"text-align: justify;\">Nesse ambiente, a Fiems ser\u00e1 representada pelo diretor de sustentabilidade, Robson Del Casale.<u><\/u><u><\/u><u><\/u>\u00a0<u><\/u><\/p>\n<p class=\"m_-7034873326364094597MsoNoSpacing\" style=\"text-align: justify;\">Tr\u00eas casos de sucesso da ind\u00fastria sul-mato-grossense ser\u00e3o apresentados no estande e far\u00e3o parte de um booklet de boas pr\u00e1ticas da ind\u00fastria nacional.<\/p>\n<p class=\"m_-7034873326364094597MsoNoSpacing\" style=\"text-align: justify;\">O foco de atua\u00e7\u00e3o \u00e9 a economia circular, por meio das ind\u00fastrias Organoeste (transforma\u00e7\u00e3o de res\u00edduos org\u00e2nicos em fertilizantes), Real H (reaproveitamento de embalagens) e Portoplast (reaproveitamento de res\u00edduos pl\u00e1sticos).<u><\/u><u><\/u><u><\/u>\u00a0<u><\/u><\/p>\n<p class=\"m_-7034873326364094597MsoNoSpacing\" style=\"text-align: justify;\">Ao recordar o compromisso da Fiems com a sustentabilidade por meio do Pacto Global da ONU, do qual \u00e9 entidade signat\u00e1ria, Robson Del Casale destacou a import\u00e2ncia da participa\u00e7\u00e3o da federa\u00e7\u00e3o na COP30.<u><\/u><u><\/u><u><\/u>\u00a0<u><\/u><\/p>\n<p style=\"text-align: justify;\"><i><b>Continue em nossa companhia em:<\/b><\/i> <a href=\"http:\/\/www.mspontocom.com.br\/\"><span style=\"color: #0000ff;\"><span style=\"font-family: Comic Sans MS, cursive;\"><span style=\"font-size: small;\"><u>www.mspontocom.com.br<\/u><\/span><\/span><\/span><\/a><\/p>\n","protected":false},"excerpt":{"rendered":"<p>A ind\u00fastria sul-mato-grossense marca presen\u00e7a na COP30, o maior evento das Na\u00e7\u00f5es Unidas para discuss\u00e3o e negocia\u00e7\u00f5es sobre as mudan\u00e7as do clima. Boas pr\u00e1ticas e solu\u00e7\u00f5es inovadoras ser\u00e3o apresentadas em Bel\u00e9m (PA) pela Fiems e pelo Sesi, em parceria com o governo do Estado e a Confedera\u00e7\u00e3o Nacional da Ind\u00fastria (CNI), entre os dias 11 [&hellip;]<\/p>\n","protected":false},"author":2,"featured_media":204848,"comment_status":"open","ping_status":"open","sticky":false,"template":"","format":"standard","meta":{"_monsterinsights_skip_tracking":false,"_monsterinsights_sitenote_active":false,"_monsterinsights_sitenote_note":"","_monsterinsights_sitenote_category":0},"categories":[74],"tags":[42668,2887,208,4028,81],"aioseo_notices":[],"_links":{"self":[{"href":"https:\/\/mspontocom.com.br\/site\/wp-json\/wp\/v2\/posts\/204843"}],"collection":[{"href":"https:\/\/mspontocom.com.br\/site\/wp-json\/wp\/v2\/posts"}],"about":[{"href":"https:\/\/mspontocom.com.br\/site\/wp-json\/wp\/v2\/types\/post"}],"author":[{"embeddable":true,"href":"https:\/\/mspontocom.com.br\/site\/wp-json\/wp\/v2\/users\/2"}],"replies":[{"embeddable":true,"href":"https:\/\/mspontocom.com.br\/site\/wp-json\/wp\/v2\/comments?post=204843"}],"version-history":[{"count":2,"href":"https:\/\/mspontocom.com.br\/site\/wp-json\/wp\/v2\/posts\/204843\/revisions"}],"predecessor-version":[{"id":204849,"href":"https:\/\/mspontocom.com.br\/site\/wp-json\/wp\/v2\/posts\/204843\/revisions\/204849"}],"wp:featuredmedia":[{"embeddable":true,"href":"https:\/\/mspontocom.com.br\/site\/wp-json\/wp\/v2\/media\/204848"}],"wp:attachment":[{"href":"https:\/\/mspontocom.com.br\/site\/wp-json\/wp\/v2\/media?parent=204843"}],"wp:term":[{"taxonomy":"category","embeddable":true,"href":"https:\/\/mspontocom.com.br\/site\/wp-json\/wp\/v2\/categories?post=204843"},{"taxonomy":"post_tag","embeddable":true,"href":"https:\/\/mspontocom.com.br\/site\/wp-json\/wp\/v2\/tags?post=204843"}],"curies":[{"name":"wp","href":"https:\/\/api.w.org\/{rel}","templated":true}]}}