{"id":204858,"date":"2025-11-14T05:50:37","date_gmt":"2025-11-14T09:50:37","guid":{"rendered":"https:\/\/mspontocom.com.br\/site\/?p=204858"},"modified":"2025-11-14T05:50:37","modified_gmt":"2025-11-14T09:50:37","slug":"eua-citam-lula-no-caso-epstein-acusado-de-trafico-sexual","status":"publish","type":"post","link":"https:\/\/mspontocom.com.br\/site\/eua-citam-lula-no-caso-epstein-acusado-de-trafico-sexual\/","title":{"rendered":"EUA citam Lula no caso Epstein, acusado de tr\u00e1fico sexual"},"content":{"rendered":"<p style=\"text-align: justify;\"><strong><img loading=\"lazy\" class=\"alignnone size-full wp-image-204869\" src=\"http:\/\/mspontocom.com.br\/site\/wp-content\/uploads\/2025\/11\/site-eua-citam-lula-no-caso-epstein-acusado-de-trafico-sexual-epstein.jpg\" alt=\"\" width=\"763\" height=\"383\" srcset=\"https:\/\/mspontocom.com.br\/site\/wp-content\/uploads\/2025\/11\/site-eua-citam-lula-no-caso-epstein-acusado-de-trafico-sexual-epstein.jpg 763w, https:\/\/mspontocom.com.br\/site\/wp-content\/uploads\/2025\/11\/site-eua-citam-lula-no-caso-epstein-acusado-de-trafico-sexual-epstein-260x131.jpg 260w\" sizes=\"(max-width: 763px) 100vw, 763px\" \/>Documentos divulgados pelo Congresso dos Estados Unidos<\/strong> indicam que houve uma conversa entre o presidente Lula (PT) e Jeffrey Epstein, bilion\u00e1rio acusado de tr\u00e1fico sexual.<\/p>\n<p style=\"text-align: justify;\">A informa\u00e7\u00e3o foi divulgada pelo jornalista Sam Pancher, do\u00a0<em>portal Metr\u00f3poles<\/em>.<\/p>\n<p style=\"text-align: justify;\">De acordo com Pancher , o contato ocorreu em 2018, quando Lula cumpria pena ap\u00f3s ser condenado no \u00e2mbito da opera\u00e7\u00e3o Lava Jato.<\/p>\n<p style=\"text-align: justify;\">O contato, segue o jornalista, ocorreu por meio de Noam Chomsky, um fil\u00f3sofo e linguista norte-americano.<\/p>\n<p style=\"text-align: justify;\">A visita ocorreu e foi amplamente registrada pela imprensa brasileira, com publica\u00e7\u00e3o, inclusive, no\u00a0<a href=\"https:\/\/www.cut.org.br\/noticias\/noam-chomsky-visita-lula-uma-das-figuras-mais-significativas-do-seculo-21-a04d\" target=\"_blank\" rel=\"noopener nofollow\">site da Central \u00danica dos Trabalhadores (CUT)<\/a>.<\/p>\n<p style=\"text-align: justify;\">O encontro foi em 20 de setembro de 2018.<\/p>\n<p style=\"text-align: justify;\">A data do email com o relato da conversa com Lula \u00e9 de 21 de setembro de 2018.<\/p>\n<p style=\"text-align: justify;\">No relato do jornalista, Chomsky teria ligado para Epstein quando ele visitava o petista na cadeia.<\/p>\n<p style=\"text-align: justify;\"><img loading=\"lazy\" class=\"alignnone size-full wp-image-204859\" src=\"http:\/\/mspontocom.com.br\/site\/wp-content\/uploads\/2025\/11\/site-epstein-epstein.jpeg\" alt=\"\" width=\"591\" height=\"418\" srcset=\"https:\/\/mspontocom.com.br\/site\/wp-content\/uploads\/2025\/11\/site-epstein-epstein.jpeg 591w, https:\/\/mspontocom.com.br\/site\/wp-content\/uploads\/2025\/11\/site-epstein-epstein-260x184.jpeg 260w\" sizes=\"(max-width: 591px) 100vw, 591px\" \/><\/p>\n<p><i><b>Continue em nossa companhia em:<\/b><\/i> <a href=\"http:\/\/www.mspontocom.com.br\/\"><span style=\"color: #0000ff;\"><span style=\"font-family: Comic Sans MS, cursive;\"><span style=\"font-size: small;\"><u>www.mspontocom.com.br<\/u><\/span><\/span><\/span><\/a><\/p>\n<p>fonte: Rodrigo Vilela, Di\u00e1rio do Poder<\/p>\n<p>foto: EBC<\/p>\n","protected":false},"excerpt":{"rendered":"<p>Documentos divulgados pelo Congresso dos Estados Unidos indicam que houve uma conversa entre o presidente Lula (PT) e Jeffrey Epstein, bilion\u00e1rio acusado de tr\u00e1fico sexual. A informa\u00e7\u00e3o foi divulgada pelo jornalista Sam Pancher, do\u00a0portal Metr\u00f3poles. De acordo com Pancher , o contato ocorreu em 2018, quando Lula cumpria pena ap\u00f3s ser condenado no \u00e2mbito da [&hellip;]<\/p>\n","protected":false},"author":2,"featured_media":204869,"comment_status":"open","ping_status":"open","sticky":false,"template":"","format":"standard","meta":{"_monsterinsights_skip_tracking":false,"_monsterinsights_sitenote_active":false,"_monsterinsights_sitenote_note":"","_monsterinsights_sitenote_category":0},"categories":[6,30260,7,30259,12],"tags":[43880,1539,480,25981,1001],"aioseo_notices":[],"_links":{"self":[{"href":"https:\/\/mspontocom.com.br\/site\/wp-json\/wp\/v2\/posts\/204858"}],"collection":[{"href":"https:\/\/mspontocom.com.br\/site\/wp-json\/wp\/v2\/posts"}],"about":[{"href":"https:\/\/mspontocom.com.br\/site\/wp-json\/wp\/v2\/types\/post"}],"author":[{"embeddable":true,"href":"https:\/\/mspontocom.com.br\/site\/wp-json\/wp\/v2\/users\/2"}],"replies":[{"embeddable":true,"href":"https:\/\/mspontocom.com.br\/site\/wp-json\/wp\/v2\/comments?post=204858"}],"version-history":[{"count":2,"href":"https:\/\/mspontocom.com.br\/site\/wp-json\/wp\/v2\/posts\/204858\/revisions"}],"predecessor-version":[{"id":204870,"href":"https:\/\/mspontocom.com.br\/site\/wp-json\/wp\/v2\/posts\/204858\/revisions\/204870"}],"wp:featuredmedia":[{"embeddable":true,"href":"https:\/\/mspontocom.com.br\/site\/wp-json\/wp\/v2\/media\/204869"}],"wp:attachment":[{"href":"https:\/\/mspontocom.com.br\/site\/wp-json\/wp\/v2\/media?parent=204858"}],"wp:term":[{"taxonomy":"category","embeddable":true,"href":"https:\/\/mspontocom.com.br\/site\/wp-json\/wp\/v2\/categories?post=204858"},{"taxonomy":"post_tag","embeddable":true,"href":"https:\/\/mspontocom.com.br\/site\/wp-json\/wp\/v2\/tags?post=204858"}],"curies":[{"name":"wp","href":"https:\/\/api.w.org\/{rel}","templated":true}]}}