{"id":204892,"date":"2025-11-15T06:13:03","date_gmt":"2025-11-15T10:13:03","guid":{"rendered":"https:\/\/mspontocom.com.br\/site\/?p=204892"},"modified":"2025-11-15T06:13:03","modified_gmt":"2025-11-15T10:13:03","slug":"lula-celebra-antes-da-hora-e-erra-sobre-recuo-de-trump","status":"publish","type":"post","link":"https:\/\/mspontocom.com.br\/site\/lula-celebra-antes-da-hora-e-erra-sobre-recuo-de-trump\/","title":{"rendered":"Lula celebra antes da hora e erra sobre recuo de Trump"},"content":{"rendered":"<p style=\"text-align: justify;\"><img loading=\"lazy\" class=\"alignnone size-full wp-image-204898\" src=\"http:\/\/mspontocom.com.br\/site\/wp-content\/uploads\/2025\/11\/site-lula-celebra-antes-da-hora-e-erra-sobre-recuo-de-trump-donald-trump-x-lula.webp\" alt=\"\" width=\"675\" height=\"449\" srcset=\"https:\/\/mspontocom.com.br\/site\/wp-content\/uploads\/2025\/11\/site-lula-celebra-antes-da-hora-e-erra-sobre-recuo-de-trump-donald-trump-x-lula.webp 675w, https:\/\/mspontocom.com.br\/site\/wp-content\/uploads\/2025\/11\/site-lula-celebra-antes-da-hora-e-erra-sobre-recuo-de-trump-donald-trump-x-lula-260x173.webp 260w\" sizes=\"(max-width: 675px) 100vw, 675px\" \/>Integrantes do governo e congressistas aliados ao presidente Lula comemoraram a redu\u00e7\u00e3o de tarifas sobre produtos brasileiros anunciada pelo presidente dos Estados Unidos, Donald Trump\u00a0 nesta 6\u00aa feira.<\/p>\n<p style=\"text-align: justify;\">Atribu\u00edram a decis\u00e3o do norte-americano \u00e0s negocia\u00e7\u00f5es em curso entre autoridades dos 2 pa\u00edses.<\/p>\n<p style=\"text-align: justify;\">Mas a medida, al\u00e9m de n\u00e3o ser espec\u00edfica para o Brasil, derrubou apenas a tarifa rec\u00edproca de 10% imposta em abril (no caso, para produtos brasileiros).<\/p>\n<p style=\"text-align: justify;\">N\u00e3o muda a taxa extra de 40% que passou a vigorar em agosto em retalia\u00e7\u00e3o ao que o republicano chamou de \u201cca\u00e7a \u00e0s bruxas\u201d pelo processo no STF\u00a0 contra o ex-presidente Jair Bolsonaro (PL).<\/p>\n<p style=\"text-align: justify;\"><strong>Na pr\u00e1tica, houve apenas uma redu\u00e7\u00e3o de 50% para 40% de taxas aplicadas aos produtos selecionados.<\/strong><\/p>\n<p style=\"text-align: justify;\">A medida dos EUA afeta pre\u00e7os de carne, caf\u00e9 e frutas brasileiras e passa a valer de forma retroativa desde as 2h01 (hor\u00e1rio de Bras\u00edlia) da 5\u00aa feira (13.nov).<\/p>\n<p style=\"text-align: justify;\"><i><b>Continue em nossa companhia em:<\/b><\/i> <a href=\"http:\/\/www.mspontocom.com.br\/\"><span style=\"color: #0000ff;\"><span style=\"font-family: Comic Sans MS, cursive;\"><span style=\"font-size: small;\"><u>www.mspontocom.com.br<\/u><\/span><\/span><\/span><\/a><\/p>\n","protected":false},"excerpt":{"rendered":"<p>Integrantes do governo e congressistas aliados ao presidente Lula comemoraram a redu\u00e7\u00e3o de tarifas sobre produtos brasileiros anunciada pelo presidente dos Estados Unidos, Donald Trump\u00a0 nesta 6\u00aa feira. Atribu\u00edram a decis\u00e3o do norte-americano \u00e0s negocia\u00e7\u00f5es em curso entre autoridades dos 2 pa\u00edses. Mas a medida, al\u00e9m de n\u00e3o ser espec\u00edfica para o Brasil, derrubou apenas [&hellip;]<\/p>\n","protected":false},"author":2,"featured_media":204898,"comment_status":"open","ping_status":"open","sticky":false,"template":"","format":"standard","meta":{"_monsterinsights_skip_tracking":false,"_monsterinsights_sitenote_active":false,"_monsterinsights_sitenote_note":"","_monsterinsights_sitenote_category":0},"categories":[6,30260,15,7,30259,12],"tags":[38538,480,24410,28326],"aioseo_notices":[],"_links":{"self":[{"href":"https:\/\/mspontocom.com.br\/site\/wp-json\/wp\/v2\/posts\/204892"}],"collection":[{"href":"https:\/\/mspontocom.com.br\/site\/wp-json\/wp\/v2\/posts"}],"about":[{"href":"https:\/\/mspontocom.com.br\/site\/wp-json\/wp\/v2\/types\/post"}],"author":[{"embeddable":true,"href":"https:\/\/mspontocom.com.br\/site\/wp-json\/wp\/v2\/users\/2"}],"replies":[{"embeddable":true,"href":"https:\/\/mspontocom.com.br\/site\/wp-json\/wp\/v2\/comments?post=204892"}],"version-history":[{"count":2,"href":"https:\/\/mspontocom.com.br\/site\/wp-json\/wp\/v2\/posts\/204892\/revisions"}],"predecessor-version":[{"id":204899,"href":"https:\/\/mspontocom.com.br\/site\/wp-json\/wp\/v2\/posts\/204892\/revisions\/204899"}],"wp:featuredmedia":[{"embeddable":true,"href":"https:\/\/mspontocom.com.br\/site\/wp-json\/wp\/v2\/media\/204898"}],"wp:attachment":[{"href":"https:\/\/mspontocom.com.br\/site\/wp-json\/wp\/v2\/media?parent=204892"}],"wp:term":[{"taxonomy":"category","embeddable":true,"href":"https:\/\/mspontocom.com.br\/site\/wp-json\/wp\/v2\/categories?post=204892"},{"taxonomy":"post_tag","embeddable":true,"href":"https:\/\/mspontocom.com.br\/site\/wp-json\/wp\/v2\/tags?post=204892"}],"curies":[{"name":"wp","href":"https:\/\/api.w.org\/{rel}","templated":true}]}}