{"id":204917,"date":"2025-11-16T07:05:40","date_gmt":"2025-11-16T11:05:40","guid":{"rendered":"https:\/\/mspontocom.com.br\/site\/?p=204917"},"modified":"2025-11-16T07:05:40","modified_gmt":"2025-11-16T11:05:40","slug":"mato-grosso-do-sul-teve-o-segundo-maior-crescimento-do-pib","status":"publish","type":"post","link":"https:\/\/mspontocom.com.br\/site\/mato-grosso-do-sul-teve-o-segundo-maior-crescimento-do-pib\/","title":{"rendered":"Mato Grosso do Sul teve o segundo maior crescimento do PIB"},"content":{"rendered":"<p class=\"m_2339858632378118286MsoNoSpacing\" style=\"text-align: justify;\"><img loading=\"lazy\" class=\"alignnone size-full wp-image-204919\" src=\"http:\/\/mspontocom.com.br\/site\/wp-content\/uploads\/2025\/11\/site-mato-grosso-do-sul-teve-o-segundo-maior-crescimento-do-pib-ms.webp\" alt=\"\" width=\"480\" height=\"360\" srcset=\"https:\/\/mspontocom.com.br\/site\/wp-content\/uploads\/2025\/11\/site-mato-grosso-do-sul-teve-o-segundo-maior-crescimento-do-pib-ms.webp 480w, https:\/\/mspontocom.com.br\/site\/wp-content\/uploads\/2025\/11\/site-mato-grosso-do-sul-teve-o-segundo-maior-crescimento-do-pib-ms-260x195.webp 260w\" sizes=\"(max-width: 480px) 100vw, 480px\" \/><\/p>\n<p class=\"m_2339858632378118286MsoNoSpacing\" style=\"text-align: justify;\">Mato Grosso do Sul teve o segundo maior crescimento do PIB entre todos os estados do pa\u00eds em 2023, segundo o IBGE.<\/p>\n<p class=\"m_2339858632378118286MsoNoSpacing\" style=\"text-align: justify;\">Com crescimento real de 13,4% no per\u00edodo, MS teve avan\u00e7o quatro vezes superior ao PIB nacional, que ficou em 3,2%.<u><\/u><u><\/u><u><\/u>\u00a0<u><\/u><\/p>\n<p class=\"m_2339858632378118286MsoNoSpacing\" style=\"text-align: justify;\">Ao comentar o levantamento do IBGE, o presidente da Fiems, S\u00e9rgio Longen, afirmou que o momento deve ser celebrado pelo setor produtivo.<u><\/u><u><\/u><u><\/u>\u00a0<u><\/u><\/p>\n<blockquote>\n<p class=\"m_2339858632378118286MsoNoSpacing\"><em>&#8220;Precisamos comemorar. Temos trabalhado e batido na tecla de que Mato Grosso do Sul \u00e9 a bola da vez. Os n\u00fameros mostram essa realidade. Para n\u00f3s \u00e9 motivo de orgulho, at\u00e9 porque a ind\u00fastria est\u00e1 \u00e0 frente deste processo&#8221; afirmou Longen.<\/em><u><\/u><u><\/u><\/p>\n<\/blockquote>\n<p class=\"m_2339858632378118286MsoNoSpacing\" style=\"text-align: justify;\"><u><\/u>\u00a0<u><\/u><\/p>\n<p class=\"m_2339858632378118286MsoNoSpacing\" style=\"text-align: justify;\">Conforme o\u00a0 IBGE, o PIB estadual totalizou R$ 184,4 bilh\u00f5es, consolidando Mato Grosso do Sul como a 15\u00aa economia do pa\u00eds, mantendo uma participa\u00e7\u00e3o de 1,7% no PIB brasileiro.<\/p>\n<p class=\"m_2339858632378118286MsoNoSpacing\" style=\"text-align: justify;\">Em termos per capita, o valor chegou a R$ 66.884,75, o 6\u00ba maior do Brasil e o 2\u00ba da Regi\u00e3o Centro-Oeste.<u><\/u><u><\/u><u><\/u>\u00a0<u><\/u><u><\/u>\u00a0<u><\/u><\/p>\n<p class=\"m_2339858632378118286MsoNoSpacing\" style=\"text-align: justify;\">O l\u00edder empresarial destacou ainda o ritmo de gera\u00e7\u00e3o de empregos, com mais de 70 mil novos postos de trabalho nas ind\u00fastrias do Estado nos \u00faltimos tr\u00eas anos e cerca de 30 mil vagas em aberto no setor industrial atualmente.<u><\/u><u><\/u><u><\/u>\u00a0<u><\/u><\/p>\n<blockquote>\n<p class=\"m_2339858632378118286MsoNoSpacing\"><em>&#8220;Parab\u00e9ns a todos os desenvolvidos. Temos uma participa\u00e7\u00e3o muito grande do governo do Estado, na pessoa do governador Eduardo Riedel, do secret\u00e1rio Jaime Verruck, no apoio da Assembleia Legislativa. Mato Grosso do Sul vem caminhando a passos largos rumo ao desenvolvimento&#8221;, concluiu o presidente da Fiems.<\/em><\/p>\n<\/blockquote>\n<p style=\"text-align: justify;\"><i><b>Continue em nossa companhia em:<\/b><\/i> <a href=\"http:\/\/www.mspontocom.com.br\/\"><span style=\"color: #0000ff;\"><span style=\"font-family: Comic Sans MS, cursive;\"><span style=\"font-size: small;\"><u>www.mspontocom.com.br<\/u><\/span><\/span><\/span><\/a><\/p>\n","protected":false},"excerpt":{"rendered":"<p>Mato Grosso do Sul teve o segundo maior crescimento do PIB entre todos os estados do pa\u00eds em 2023, segundo o IBGE. Com crescimento real de 13,4% no per\u00edodo, MS teve avan\u00e7o quatro vezes superior ao PIB nacional, que ficou em 3,2%.\u00a0 Ao comentar o levantamento do IBGE, o presidente da Fiems, S\u00e9rgio Longen, afirmou [&hellip;]<\/p>\n","protected":false},"author":2,"featured_media":204919,"comment_status":"open","ping_status":"open","sticky":false,"template":"","format":"standard","meta":{"_monsterinsights_skip_tracking":false,"_monsterinsights_sitenote_active":false,"_monsterinsights_sitenote_note":"","_monsterinsights_sitenote_category":0},"categories":[74],"tags":[12238,3105,13279,26512,43895],"aioseo_notices":[],"_links":{"self":[{"href":"https:\/\/mspontocom.com.br\/site\/wp-json\/wp\/v2\/posts\/204917"}],"collection":[{"href":"https:\/\/mspontocom.com.br\/site\/wp-json\/wp\/v2\/posts"}],"about":[{"href":"https:\/\/mspontocom.com.br\/site\/wp-json\/wp\/v2\/types\/post"}],"author":[{"embeddable":true,"href":"https:\/\/mspontocom.com.br\/site\/wp-json\/wp\/v2\/users\/2"}],"replies":[{"embeddable":true,"href":"https:\/\/mspontocom.com.br\/site\/wp-json\/wp\/v2\/comments?post=204917"}],"version-history":[{"count":2,"href":"https:\/\/mspontocom.com.br\/site\/wp-json\/wp\/v2\/posts\/204917\/revisions"}],"predecessor-version":[{"id":204920,"href":"https:\/\/mspontocom.com.br\/site\/wp-json\/wp\/v2\/posts\/204917\/revisions\/204920"}],"wp:featuredmedia":[{"embeddable":true,"href":"https:\/\/mspontocom.com.br\/site\/wp-json\/wp\/v2\/media\/204919"}],"wp:attachment":[{"href":"https:\/\/mspontocom.com.br\/site\/wp-json\/wp\/v2\/media?parent=204917"}],"wp:term":[{"taxonomy":"category","embeddable":true,"href":"https:\/\/mspontocom.com.br\/site\/wp-json\/wp\/v2\/categories?post=204917"},{"taxonomy":"post_tag","embeddable":true,"href":"https:\/\/mspontocom.com.br\/site\/wp-json\/wp\/v2\/tags?post=204917"}],"curies":[{"name":"wp","href":"https:\/\/api.w.org\/{rel}","templated":true}]}}