{"id":204974,"date":"2025-11-18T05:15:04","date_gmt":"2025-11-18T09:15:04","guid":{"rendered":"https:\/\/mspontocom.com.br\/site\/?p=204974"},"modified":"2025-11-18T06:55:53","modified_gmt":"2025-11-18T10:55:53","slug":"ifms-abre-vagas-em-cursos-tecnicos-semipresenciais-gratuitos","status":"publish","type":"post","link":"https:\/\/mspontocom.com.br\/site\/ifms-abre-vagas-em-cursos-tecnicos-semipresenciais-gratuitos\/","title":{"rendered":"IFMS abre vagas em cursos t\u00e9cnicos semipresenciais gratuitos"},"content":{"rendered":"<p style=\"text-align: justify;\"><img loading=\"lazy\" class=\"alignnone size-full wp-image-204984\" src=\"http:\/\/mspontocom.com.br\/site\/wp-content\/uploads\/2025\/11\/site-ifms-abre-vagas-em-cursos-tecnicos-semipresenciais-gratuitos-ifms.jpg\" alt=\"\" width=\"940\" height=\"500\" srcset=\"https:\/\/mspontocom.com.br\/site\/wp-content\/uploads\/2025\/11\/site-ifms-abre-vagas-em-cursos-tecnicos-semipresenciais-gratuitos-ifms.jpg 940w, https:\/\/mspontocom.com.br\/site\/wp-content\/uploads\/2025\/11\/site-ifms-abre-vagas-em-cursos-tecnicos-semipresenciais-gratuitos-ifms-260x138.jpg 260w, https:\/\/mspontocom.com.br\/site\/wp-content\/uploads\/2025\/11\/site-ifms-abre-vagas-em-cursos-tecnicos-semipresenciais-gratuitos-ifms-768x409.jpg 768w\" sizes=\"(max-width: 940px) 100vw, 940px\" \/>O Instituto Federal de Mato Grosso do Sul (IFMS) abriu inscri\u00e7\u00f5es para\u00a0<strong>1.665 vagas<\/strong>\u00a0em\u00a0<strong>cursos t\u00e9cnicos subsequentes<\/strong>\u00a0gratuitos, ofertados na modalidade\u00a0<strong>semipresencial<\/strong>, distribu\u00eddas em 17 munic\u00edpios do Estado. O ingresso \u00e9 para o primeiro semestre de 2026 e o requisito \u00e9 ter conclu\u00eddo o ensino m\u00e9dio.<\/p>\n<p style=\"text-align: justify;\">Os cursos t\u00eam dura\u00e7\u00e3o que variam entre dois semestres (um ano letivo) e tr\u00eas semestres (um ano e meio letivo). As \u00e1reas de forma\u00e7\u00e3o dispon\u00edveis s\u00e3o:\u00a0<strong>T\u00e9cnico em Administra\u00e7\u00e3o;\u00a0T\u00e9cnico em Log\u00edstica; e\u00a0T\u00e9cnico em Manuten\u00e7\u00e3o e Suporte em Inform\u00e1tica<\/strong>.<\/p>\n<p style=\"text-align: justify;\"><img class=\"an1\" draggable=\"false\" src=\"https:\/\/fonts.gstatic.com\/s\/e\/notoemoji\/16.0\/25aa_fe0f\/32.png\" alt=\"&#x25aa;&#xfe0f;\" data-emoji=\"&#x25aa;&#xfe0f;\" aria-label=\"&#x25aa;&#xfe0f;\" \/>Confira todas as regras no\u00a0<strong>Edital n\u00ba 084\/2025<\/strong>,\u00a0publicado na\u00a0<strong><a title=\"Central de Sele\u00e7\u00e3o do IFMS\" href=\"https:\/\/email.ifms.edu.br\/lists\/lt.php?tid=KxkMAAQKBQZWVUtUBVMDTlADVlZOAAoADxsLUAAEUwcBUlQBAAAfCFBRBFsCAwZOVwcKWk4NWQpQG1oAUVJPV1NSBQRQWlZTVgNUHwBWVQdcUQtQTlsBCFIbDFIAVk9TAgBTH1IAAgUBVlFXAlgBVQ\" target=\"_blank\" rel=\"noopener\" data-saferedirecturl=\"https:\/\/www.google.com\/url?q=https:\/\/email.ifms.edu.br\/lists\/lt.php?tid%3DKxkMAAQKBQZWVUtUBVMDTlADVlZOAAoADxsLUAAEUwcBUlQBAAAfCFBRBFsCAwZOVwcKWk4NWQpQG1oAUVJPV1NSBQRQWlZTVgNUHwBWVQdcUQtQTlsBCFIbDFIAVk9TAgBTH1IAAgUBVlFXAlgBVQ&amp;source=gmail&amp;ust=1763547317652000&amp;usg=AOvVaw2s2tMJ8wEk_99lT5Uz-klS\">Central de Sele\u00e7\u00e3o do IFMS<\/a><\/strong>!<\/p>\n<p style=\"text-align: justify;\">Embora sejam cursos da modalidade de educa\u00e7\u00e3o a dist\u00e2ncia (EAD), o modelo \u00e9 semipresencial: a maior parte das disciplinas ocorre no ambiente virtual, mas o estudante deve participar obrigatoriamente de um encontro presencial por semana, no dia previsto no edital; o hor\u00e1rio da aula presencial ser\u00e1 no per\u00edodo noturno.<\/p>\n<p style=\"text-align: justify;\">As\u00a0vagas\u00a0est\u00e3o distribu\u00eddas entre os munic\u00edpios de Aquidauana, Campo Grande, Nova Alvorada do Sul, Corumb\u00e1, Coxim, Camapu\u00e3, S\u00e3o Gabriel do Oeste, Dourados, Jardim, Navira\u00ed, Nova Andradina, Ponta Por\u00e3, Amambai, Ant\u00f4nio Jo\u00e3o, Aral Moreira, Maracaju e Tr\u00eas Lagoas.<\/p>\n<p style=\"text-align: justify;\"><strong>Inscri\u00e7\u00f5es<\/strong>\u00a0&#8211; S\u00e3o\u00a0<strong>gratuitas<\/strong>\u00a0e devem ser feitas\u00a0<strong>at\u00e9 14 de dezembro<\/strong>\u00a0na\u00a0<strong><a title=\"P\u00e1gina do Candidato\" href=\"https:\/\/email.ifms.edu.br\/lists\/lt.php?tid=KxkNBFQNVVQAAksAA1NcTlBcUQFOAA8OBBsMUlMDUFAAXAcEVg4fCFBRBFsCAwZOVwcKWk4NWQpQG1oAUVJPV1NSBQRQWlZTVgNUHwBWVQdcUQtQTlsBCFIbDFIAVk9TAgBTH1IAAgUBVlFXAlgBVQ\" target=\"_blank\" rel=\"noopener\" data-saferedirecturl=\"https:\/\/www.google.com\/url?q=https:\/\/email.ifms.edu.br\/lists\/lt.php?tid%3DKxkNBFQNVVQAAksAA1NcTlBcUQFOAA8OBBsMUlMDUFAAXAcEVg4fCFBRBFsCAwZOVwcKWk4NWQpQG1oAUVJPV1NSBQRQWlZTVgNUHwBWVQdcUQtQTlsBCFIbDFIAVk9TAgBTH1IAAgUBVlFXAlgBVQ&amp;source=gmail&amp;ust=1763547317652000&amp;usg=AOvVaw1sEhZlTkyMS5GVNn7sRnqU\">P\u00e1gina do Candidato<\/a><\/strong>\u00a0da Central de Sele\u00e7\u00e3o.<\/p>\n<p style=\"text-align: justify;\">Metade das vagas \u00e9 reservada para estudantes que cursaram o ensino m\u00e9dio em escola p\u00fablica, com subdivis\u00f5es por renda, etnia e defici\u00eancia, conforme a Lei de Cotas.<\/p>\n<p style=\"text-align: justify;\">Se o n\u00famero de inscritos for maior que o total de vagas, haver\u00e1 sorteio eletr\u00f4nico, transmitido ao vivo pelo YouTube, no dia 8 de janeiro de 2026, \u00e0s 10h. O resultado ser\u00e1 divulgado no dia 13 de janeiro.<\/p>\n<p style=\"text-align: justify;\">A matr\u00edcula ocorrer\u00e1 de 20 de janeiro a 2 de fevereiro, de forma on-line, e todos os documentos exigidos est\u00e3o\u00a0<a title=\"listados no edital\" href=\"https:\/\/email.ifms.edu.br\/lists\/lt.php?tid=KxkMUQcJUwFRBEtSU1hUTlABA1FOW1xaAhsOVQoGWgNUVQICUgsfCFBRBFsCAwZOVwcKWk4NWQpQG1oAUVJPV1NSBQRQWlZTVgNUHwBWVQdcUQtQTlsBCFIbDFIAVk9TAgBTH1IAAgUBVlFXAlgBVQ\" target=\"_blank\" rel=\"noopener\" data-saferedirecturl=\"https:\/\/www.google.com\/url?q=https:\/\/email.ifms.edu.br\/lists\/lt.php?tid%3DKxkMUQcJUwFRBEtSU1hUTlABA1FOW1xaAhsOVQoGWgNUVQICUgsfCFBRBFsCAwZOVwcKWk4NWQpQG1oAUVJPV1NSBQRQWlZTVgNUHwBWVQdcUQtQTlsBCFIbDFIAVk9TAgBTH1IAAgUBVlFXAlgBVQ&amp;source=gmail&amp;ust=1763547317652000&amp;usg=AOvVaw1AGT7Urdxu-x6eM_s8GL9R\">listados no edital<\/a>. As aulas est\u00e3o previstas para come\u00e7ar entre 16 e 21 de mar\u00e7o de 2026.<\/p>\n<p style=\"text-align: justify;\">Em caso de d\u00favidas, o contato pode ser feito pelo e-mail\u00a0<a title=\"cursos.ead@ifms.edu.br\" href=\"mailto:cursos.ead@ifms.edu.br?subject=E-mail\" target=\"_blank\" rel=\"noopener\">cursos.ead@ifms.edu.br<\/a>.<\/p>\n<p style=\"text-align: justify;\"><img class=\"an1\" draggable=\"false\" src=\"https:\/\/fonts.gstatic.com\/s\/e\/notoemoji\/16.0\/2049_fe0f\/32.png\" alt=\"&#x2049;&#xfe0f;\" data-emoji=\"&#x2049;&#xfe0f;\" aria-label=\"&#x2049;&#xfe0f;\" \/>\u00a0Acesse os menus de\u00a0<strong>Perguntas Frequentes<\/strong>\u00a0sobre o processo seletivo na\u00a0<strong><a title=\"p\u00e1gina do edital\" href=\"https:\/\/email.ifms.edu.br\/lists\/lt.php?tid=KxkMAAQKBQZWVUtUBVMDTlADVlZOAAoADxsLUAAEUwcBUlQBAAAfCFBRBFsCAwZOVwcKWk4NWQpQG1oAUVJPV1NSBQRQWlZTVgNUHwBWVQdcUQtQTlsBCFIbDFIAVk9TAgBTH1IAAgUBVlFXAlgBVQ\" target=\"_blank\" rel=\"noopener\" data-saferedirecturl=\"https:\/\/www.google.com\/url?q=https:\/\/email.ifms.edu.br\/lists\/lt.php?tid%3DKxkMAAQKBQZWVUtUBVMDTlADVlZOAAoADxsLUAAEUwcBUlQBAAAfCFBRBFsCAwZOVwcKWk4NWQpQG1oAUVJPV1NSBQRQWlZTVgNUHwBWVQdcUQtQTlsBCFIbDFIAVk9TAgBTH1IAAgUBVlFXAlgBVQ&amp;source=gmail&amp;ust=1763547317652000&amp;usg=AOvVaw2s2tMJ8wEk_99lT5Uz-klS\">p\u00e1gina do edital<\/a><\/strong>!<\/p>\n<p style=\"text-align: justify;\"><strong>Rela\u00e7\u00e3o de cursos e vagas<\/strong><\/p>\n<p style=\"text-align: justify;\"><strong>Aquidauana<\/strong><\/p>\n<table border=\"1\">\n<thead>\n<tr>\n<th>Curso<\/th>\n<th>Encontro presencial<\/th>\n<th>Vagas<\/th>\n<\/tr>\n<\/thead>\n<tbody>\n<tr>\n<td>T\u00e9cnico em Log\u00edstica<\/td>\n<td>Segunda-feira<\/td>\n<td>20<\/td>\n<\/tr>\n<\/tbody>\n<\/table>\n<p style=\"text-align: justify;\"><strong>Amambai<\/strong><\/p>\n<table border=\"1\">\n<thead>\n<tr>\n<th>Curso<\/th>\n<th>Encontro presencial<\/th>\n<th>Vagas<\/th>\n<\/tr>\n<\/thead>\n<tbody>\n<tr>\n<td>T\u00e9cnico em Administra\u00e7\u00e3o<\/td>\n<td>Ter\u00e7a-feira<\/td>\n<td>60<\/td>\n<\/tr>\n<tr>\n<td>T\u00e9cnico em Log\u00edstica<\/td>\n<td>Quarta-feira<\/td>\n<td>60<\/td>\n<\/tr>\n<\/tbody>\n<\/table>\n<p style=\"text-align: justify;\"><strong>Ant\u00f4nio Jo\u00e3o<\/strong><\/p>\n<table border=\"1\">\n<thead>\n<tr>\n<th>Curso<\/th>\n<th>Encontro presencial<\/th>\n<th>Vagas<\/th>\n<\/tr>\n<\/thead>\n<tbody>\n<tr>\n<td>T\u00e9cnico em Administra\u00e7\u00e3o<\/td>\n<td>Ter\u00e7a-feira<\/td>\n<td>60<\/td>\n<\/tr>\n<tr>\n<td>T\u00e9cnico em Log\u00edstica<\/td>\n<td>Quarta-feira<\/td>\n<td>60<\/td>\n<\/tr>\n<\/tbody>\n<\/table>\n<p style=\"text-align: justify;\"><strong>Aral Moreira<\/strong><\/p>\n<table border=\"1\">\n<thead>\n<tr>\n<th>Curso<\/th>\n<th>Encontro presencial<\/th>\n<th>Vagas<\/th>\n<\/tr>\n<\/thead>\n<tbody>\n<tr>\n<td>T\u00e9cnico em Administra\u00e7\u00e3o<\/td>\n<td>Ter\u00e7a-feira<\/td>\n<td>60<\/td>\n<\/tr>\n<tr>\n<td>T\u00e9cnico em Log\u00edstica<\/td>\n<td>Quarta-feira<\/td>\n<td>60<\/td>\n<\/tr>\n<\/tbody>\n<\/table>\n<p style=\"text-align: justify;\"><strong>Camapu\u00e3<\/strong><\/p>\n<table border=\"1\">\n<thead>\n<tr>\n<th>Curso<\/th>\n<th>Encontro presencial<\/th>\n<th>Vagas<\/th>\n<\/tr>\n<\/thead>\n<tbody>\n<tr>\n<td>T\u00e9cnico em Administra\u00e7\u00e3o<\/td>\n<td>Sexta-feira<\/td>\n<td>20<\/td>\n<\/tr>\n<\/tbody>\n<\/table>\n<p style=\"text-align: justify;\"><strong>Campo Grande<\/strong><\/p>\n<table border=\"1\">\n<thead>\n<tr>\n<th>Curso<\/th>\n<th>Encontro presencial<\/th>\n<th>Vagas<\/th>\n<\/tr>\n<\/thead>\n<tbody>\n<tr>\n<td>T\u00e9cnico em Administra\u00e7\u00e3o<\/td>\n<td>Segunda-feira<\/td>\n<td>40<\/td>\n<\/tr>\n<tr>\n<td>T\u00e9cnico em Log\u00edstica<\/td>\n<td>Quinta-feira<\/td>\n<td>40<\/td>\n<\/tr>\n<tr>\n<td>T\u00e9cnico em Manuten\u00e7\u00e3o e Suporte em Inform\u00e1tica<\/td>\n<td>Ter\u00e7a-feira<\/td>\n<td>40<\/td>\n<\/tr>\n<\/tbody>\n<\/table>\n<p style=\"text-align: justify;\"><strong>Corumb\u00e1<\/strong><\/p>\n<table border=\"1\">\n<thead>\n<tr>\n<th>Curso<\/th>\n<th>Encontro presencial<\/th>\n<th>Vagas<\/th>\n<\/tr>\n<\/thead>\n<tbody>\n<tr>\n<td>T\u00e9cnico em Administra\u00e7\u00e3o<\/td>\n<td>Ter\u00e7a-feira<\/td>\n<td>50<\/td>\n<\/tr>\n<tr>\n<td>T\u00e9cnico em Administra\u00e7\u00e3o<\/td>\n<td>Quarta-feira<\/td>\n<td>50<\/td>\n<\/tr>\n<tr>\n<td>T\u00e9cnico em Log\u00edstica<\/td>\n<td>Quinta-feira<\/td>\n<td>50<\/td>\n<\/tr>\n<tr>\n<td>T\u00e9cnico em Log\u00edstica<\/td>\n<td>Sexta-feira<\/td>\n<td>50<\/td>\n<\/tr>\n<\/tbody>\n<\/table>\n<p style=\"text-align: justify;\"><strong>Coxim<\/strong><\/p>\n<table border=\"1\">\n<thead>\n<tr>\n<th>Curso<\/th>\n<th>Encontro presencial<\/th>\n<th>Vagas<\/th>\n<\/tr>\n<\/thead>\n<tbody>\n<tr>\n<td>T\u00e9cnico em Administra\u00e7\u00e3o<\/td>\n<td>Ter\u00e7a-feira<\/td>\n<td>40<\/td>\n<\/tr>\n<tr>\n<td>T\u00e9cnico em Log\u00edstica<\/td>\n<td>Quarta-feira<\/td>\n<td>40<\/td>\n<\/tr>\n<\/tbody>\n<\/table>\n<p style=\"text-align: justify;\"><strong>Dourados<\/strong><\/p>\n<table border=\"1\">\n<thead>\n<tr>\n<th>Curso<\/th>\n<th>Encontro presencial<\/th>\n<th>Vagas<\/th>\n<\/tr>\n<\/thead>\n<tbody>\n<tr>\n<td>T\u00e9cnico em Administra\u00e7\u00e3o<\/td>\n<td>Segunda-feira<\/td>\n<td>40<\/td>\n<\/tr>\n<tr>\n<td>T\u00e9cnico em Log\u00edstica<\/td>\n<td>Ter\u00e7a-feira<\/td>\n<td>40<\/td>\n<\/tr>\n<\/tbody>\n<\/table>\n<p style=\"text-align: justify;\"><strong>Jardim<\/strong><\/p>\n<table border=\"1\">\n<thead>\n<tr>\n<th>Curso<\/th>\n<th>Encontro presencial<\/th>\n<th>Vagas<\/th>\n<\/tr>\n<\/thead>\n<tbody>\n<tr>\n<td>T\u00e9cnico em Administra\u00e7\u00e3o<\/td>\n<td>Ter\u00e7a-feira<\/td>\n<td>40<\/td>\n<\/tr>\n<tr>\n<td>T\u00e9cnico em Administra\u00e7\u00e3o<\/td>\n<td>S\u00e1bado\u00a0<strong>(matutino)<\/strong><\/td>\n<td>40<\/td>\n<\/tr>\n<tr>\n<td>T\u00e9cnico em Log\u00edstica<\/td>\n<td>Segunda-feira<\/td>\n<td>40<\/td>\n<\/tr>\n<tr>\n<td>T\u00e9cnico em Log\u00edstica<\/td>\n<td>Quinta-feira<\/td>\n<td>40<\/td>\n<\/tr>\n<\/tbody>\n<\/table>\n<p style=\"text-align: justify;\"><strong>Maracaju<\/strong><\/p>\n<table border=\"1\">\n<thead>\n<tr>\n<th>Curso<\/th>\n<th>Encontro presencial<\/th>\n<th>Vagas<\/th>\n<\/tr>\n<\/thead>\n<tbody>\n<tr>\n<td>T\u00e9cnico em Administra\u00e7\u00e3o<\/td>\n<td>Ter\u00e7a-feira<\/td>\n<td>60<\/td>\n<\/tr>\n<tr>\n<td>T\u00e9cnico em Log\u00edstica<\/td>\n<td>Quarta-feira<\/td>\n<td>60<\/td>\n<\/tr>\n<\/tbody>\n<\/table>\n<p style=\"text-align: justify;\"><strong>Navira\u00ed<\/strong><\/p>\n<table border=\"1\">\n<thead>\n<tr>\n<th>Curso<\/th>\n<th>Encontro presencial<\/th>\n<th>Vagas<\/th>\n<\/tr>\n<\/thead>\n<tbody>\n<tr>\n<td>T\u00e9cnico em Administra\u00e7\u00e3o<\/td>\n<td>Segunda-feira<\/td>\n<td>40<\/td>\n<\/tr>\n<tr>\n<td>T\u00e9cnico em Log\u00edstica<\/td>\n<td>Sexta-feira<\/td>\n<td>40<\/td>\n<\/tr>\n<\/tbody>\n<\/table>\n<p style=\"text-align: justify;\"><strong>Nova Alvorada do Sul<\/strong><\/p>\n<table border=\"1\">\n<thead>\n<tr>\n<th>Curso<\/th>\n<th>Encontro presencial<\/th>\n<th>Vagas<\/th>\n<\/tr>\n<\/thead>\n<tbody>\n<tr>\n<td>T\u00e9cnico em Administra\u00e7\u00e3o<\/td>\n<td>Ter\u00e7a-feira<\/td>\n<td>25<\/td>\n<\/tr>\n<tr>\n<td>T\u00e9cnico em Log\u00edstica<\/td>\n<td>Ter\u00e7a-feira<\/td>\n<td>25<\/td>\n<\/tr>\n<tr>\n<td>T\u00e9cnico em Manuten\u00e7\u00e3o e Suporte em Inform\u00e1tica<\/td>\n<td>Segunda-feira<\/td>\n<td>25<\/td>\n<\/tr>\n<\/tbody>\n<\/table>\n<p style=\"text-align: justify;\"><strong>Nova Andradina<\/strong><\/p>\n<table border=\"1\">\n<thead>\n<tr>\n<th>Curso<\/th>\n<th>Encontro presencial<\/th>\n<th>Vagas<\/th>\n<\/tr>\n<\/thead>\n<tbody>\n<tr>\n<td>T\u00e9cnico em Administra\u00e7\u00e3o<\/td>\n<td>Ter\u00e7a-feira<\/td>\n<td>40<\/td>\n<\/tr>\n<\/tbody>\n<\/table>\n<p style=\"text-align: justify;\"><strong>Ponta Por\u00e3<\/strong><\/p>\n<table border=\"1\">\n<thead>\n<tr>\n<th>Curso<\/th>\n<th>Encontro presencial<\/th>\n<th>Vagas<\/th>\n<\/tr>\n<\/thead>\n<tbody>\n<tr>\n<td>T\u00e9cnico em Administra\u00e7\u00e3o<\/td>\n<td>Ter\u00e7a-feira<\/td>\n<td>60<\/td>\n<\/tr>\n<tr>\n<td>T\u00e9cnico em Log\u00edstica<\/td>\n<td>Quarta-feira<\/td>\n<td>60<\/td>\n<\/tr>\n<tr>\n<td>T\u00e9cnico em Manuten\u00e7\u00e3o e Suporte em Inform\u00e1tica<\/td>\n<td>Quinta-feira<\/td>\n<td>30<\/td>\n<\/tr>\n<\/tbody>\n<\/table>\n<p style=\"text-align: justify;\"><strong>S\u00e3o Gabriel do Oeste<\/strong><\/p>\n<table border=\"1\">\n<thead>\n<tr>\n<th>Curso<\/th>\n<th>Encontro presencial<\/th>\n<th>Vagas<\/th>\n<\/tr>\n<\/thead>\n<tbody>\n<tr>\n<td>T\u00e9cnico em Administra\u00e7\u00e3o<\/td>\n<td>Segunda-feira<\/td>\n<td>40<\/td>\n<\/tr>\n<tr>\n<td>T\u00e9cnico em Log\u00edstica<\/td>\n<td>Ter\u00e7a-feira<\/td>\n<td>40<\/td>\n<\/tr>\n<tr>\n<td>T\u00e9cnico em Manuten\u00e7\u00e3o e Suporte em Inform\u00e1tica<\/td>\n<td>Quarta-feira<\/td>\n<td>40<\/td>\n<\/tr>\n<\/tbody>\n<\/table>\n<p style=\"text-align: justify;\"><strong>Tr\u00eas Lagoas<\/strong><\/p>\n<table border=\"1\">\n<thead>\n<tr>\n<th>Curso<\/th>\n<th>Encontro presencial<\/th>\n<th>Vagas<\/th>\n<\/tr>\n<\/thead>\n<tbody>\n<tr>\n<td>T\u00e9cnico em Log\u00edstica<\/td>\n<td>Segunda-feira<\/td>\n<td>40<\/td>\n<\/tr>\n<\/tbody>\n<\/table>\n<p>&nbsp;<\/p>\n<p><i><b>Continue em nossa companhia em:<\/b><\/i> <a href=\"http:\/\/www.mspontocom.com.br\/\"><span style=\"color: #0000ff;\"><span style=\"font-family: Comic Sans MS, cursive;\"><span style=\"font-size: small;\"><u>www.mspontocom.com.br<\/u><\/span><\/span><\/span><\/a><\/p>\n","protected":false},"excerpt":{"rendered":"<p>O Instituto Federal de Mato Grosso do Sul (IFMS) abriu inscri\u00e7\u00f5es para\u00a01.665 vagas\u00a0em\u00a0cursos t\u00e9cnicos subsequentes\u00a0gratuitos, ofertados na modalidade\u00a0semipresencial, distribu\u00eddas em 17 munic\u00edpios do Estado. O ingresso \u00e9 para o primeiro semestre de 2026 e o requisito \u00e9 ter conclu\u00eddo o ensino m\u00e9dio. Os cursos t\u00eam dura\u00e7\u00e3o que variam entre dois semestres (um ano letivo) e [&hellip;]<\/p>\n","protected":false},"author":2,"featured_media":204984,"comment_status":"open","ping_status":"open","sticky":false,"template":"","format":"standard","meta":{"_monsterinsights_skip_tracking":false,"_monsterinsights_sitenote_active":false,"_monsterinsights_sitenote_note":"","_monsterinsights_sitenote_category":0},"categories":[15,76,74],"tags":[23338,13424,972,347],"aioseo_notices":[],"_links":{"self":[{"href":"https:\/\/mspontocom.com.br\/site\/wp-json\/wp\/v2\/posts\/204974"}],"collection":[{"href":"https:\/\/mspontocom.com.br\/site\/wp-json\/wp\/v2\/posts"}],"about":[{"href":"https:\/\/mspontocom.com.br\/site\/wp-json\/wp\/v2\/types\/post"}],"author":[{"embeddable":true,"href":"https:\/\/mspontocom.com.br\/site\/wp-json\/wp\/v2\/users\/2"}],"replies":[{"embeddable":true,"href":"https:\/\/mspontocom.com.br\/site\/wp-json\/wp\/v2\/comments?post=204974"}],"version-history":[{"count":2,"href":"https:\/\/mspontocom.com.br\/site\/wp-json\/wp\/v2\/posts\/204974\/revisions"}],"predecessor-version":[{"id":204985,"href":"https:\/\/mspontocom.com.br\/site\/wp-json\/wp\/v2\/posts\/204974\/revisions\/204985"}],"wp:featuredmedia":[{"embeddable":true,"href":"https:\/\/mspontocom.com.br\/site\/wp-json\/wp\/v2\/media\/204984"}],"wp:attachment":[{"href":"https:\/\/mspontocom.com.br\/site\/wp-json\/wp\/v2\/media?parent=204974"}],"wp:term":[{"taxonomy":"category","embeddable":true,"href":"https:\/\/mspontocom.com.br\/site\/wp-json\/wp\/v2\/categories?post=204974"},{"taxonomy":"post_tag","embeddable":true,"href":"https:\/\/mspontocom.com.br\/site\/wp-json\/wp\/v2\/tags?post=204974"}],"curies":[{"name":"wp","href":"https:\/\/api.w.org\/{rel}","templated":true}]}}