{"id":204988,"date":"2025-11-18T03:36:57","date_gmt":"2025-11-18T07:36:57","guid":{"rendered":"https:\/\/mspontocom.com.br\/site\/?p=204988"},"modified":"2025-11-18T07:42:12","modified_gmt":"2025-11-18T11:42:12","slug":"assembleia-de-ms-descarta-aumento-de-impostos-no-estado","status":"publish","type":"post","link":"https:\/\/mspontocom.com.br\/site\/assembleia-de-ms-descarta-aumento-de-impostos-no-estado\/","title":{"rendered":"Assembleia de MS descarta aumento de impostos no Estado"},"content":{"rendered":"<p style=\"text-align: justify;\"><img loading=\"lazy\" class=\"alignnone size-full wp-image-204989\" src=\"http:\/\/mspontocom.com.br\/site\/wp-content\/uploads\/2025\/11\/site-assembleia-de-ms-descarta-aumento-de-impostos-no-estado-gerson-claro.jpg\" alt=\"\" width=\"740\" height=\"493\" srcset=\"https:\/\/mspontocom.com.br\/site\/wp-content\/uploads\/2025\/11\/site-assembleia-de-ms-descarta-aumento-de-impostos-no-estado-gerson-claro.jpg 740w, https:\/\/mspontocom.com.br\/site\/wp-content\/uploads\/2025\/11\/site-assembleia-de-ms-descarta-aumento-de-impostos-no-estado-gerson-claro-260x173.jpg 260w\" sizes=\"(max-width: 740px) 100vw, 740px\" \/>O presidente da Assembleia Legislativa de Mato Grosso do Sul, Gerson Claro (PP), reafirmou que o estado manter\u00e1 a menor al\u00edquota de ICMS do pa\u00eds, em 17%, mesmo diante do movimento nacional de eleva\u00e7\u00e3o de impostos.<\/p>\n<p style=\"text-align: justify;\">A decis\u00e3o representa uma ren\u00fancia fiscal de at\u00e9 R$ 1 bilh\u00e3o anuais, mas visa preservar a competitividade tribut\u00e1ria local.<\/p>\n<p style=\"text-align: justify;\">O posicionamento \u00e9 respaldado pelo desempenho econ\u00f4mico do estado, que registrou crescimento de 13,4% no PIB em 2023, segundo maior \u00edndice nacional.<\/p>\n<p style=\"text-align: justify;\">Com PIB de R$ 184,4 bilh\u00f5es e renda per capita de R$ 66.884,75, MS demonstra que \u00e9 poss\u00edvel conciliar baixa tributa\u00e7\u00e3o com desenvolvimento sustent\u00e1vel.<\/p>\n<p><i><b>Continue em nossa companhia em:<\/b><\/i> <a href=\"http:\/\/www.mspontocom.com.br\/\"><span style=\"color: #0000ff;\"><span style=\"font-family: Comic Sans MS, cursive;\"><span style=\"font-size: small;\"><u>www.mspontocom.com.br<\/u><\/span><\/span><\/span><\/a><\/p>\n","protected":false},"excerpt":{"rendered":"<p>O presidente da Assembleia Legislativa de Mato Grosso do Sul, Gerson Claro (PP), reafirmou que o estado manter\u00e1 a menor al\u00edquota de ICMS do pa\u00eds, em 17%, mesmo diante do movimento nacional de eleva\u00e7\u00e3o de impostos. A decis\u00e3o representa uma ren\u00fancia fiscal de at\u00e9 R$ 1 bilh\u00e3o anuais, mas visa preservar a competitividade tribut\u00e1ria local. [&hellip;]<\/p>\n","protected":false},"author":2,"featured_media":204989,"comment_status":"open","ping_status":"open","sticky":false,"template":"","format":"standard","meta":{"_monsterinsights_skip_tracking":false,"_monsterinsights_sitenote_active":false,"_monsterinsights_sitenote_note":"","_monsterinsights_sitenote_category":0},"categories":[74],"tags":[],"aioseo_notices":[],"_links":{"self":[{"href":"https:\/\/mspontocom.com.br\/site\/wp-json\/wp\/v2\/posts\/204988"}],"collection":[{"href":"https:\/\/mspontocom.com.br\/site\/wp-json\/wp\/v2\/posts"}],"about":[{"href":"https:\/\/mspontocom.com.br\/site\/wp-json\/wp\/v2\/types\/post"}],"author":[{"embeddable":true,"href":"https:\/\/mspontocom.com.br\/site\/wp-json\/wp\/v2\/users\/2"}],"replies":[{"embeddable":true,"href":"https:\/\/mspontocom.com.br\/site\/wp-json\/wp\/v2\/comments?post=204988"}],"version-history":[{"count":1,"href":"https:\/\/mspontocom.com.br\/site\/wp-json\/wp\/v2\/posts\/204988\/revisions"}],"predecessor-version":[{"id":204990,"href":"https:\/\/mspontocom.com.br\/site\/wp-json\/wp\/v2\/posts\/204988\/revisions\/204990"}],"wp:featuredmedia":[{"embeddable":true,"href":"https:\/\/mspontocom.com.br\/site\/wp-json\/wp\/v2\/media\/204989"}],"wp:attachment":[{"href":"https:\/\/mspontocom.com.br\/site\/wp-json\/wp\/v2\/media?parent=204988"}],"wp:term":[{"taxonomy":"category","embeddable":true,"href":"https:\/\/mspontocom.com.br\/site\/wp-json\/wp\/v2\/categories?post=204988"},{"taxonomy":"post_tag","embeddable":true,"href":"https:\/\/mspontocom.com.br\/site\/wp-json\/wp\/v2\/tags?post=204988"}],"curies":[{"name":"wp","href":"https:\/\/api.w.org\/{rel}","templated":true}]}}