{"id":205008,"date":"2025-11-19T04:34:14","date_gmt":"2025-11-19T08:34:14","guid":{"rendered":"https:\/\/mspontocom.com.br\/site\/?p=205008"},"modified":"2025-11-19T07:38:22","modified_gmt":"2025-11-19T11:38:22","slug":"fiems-diz-que-e-inaceitavel-a-restricao-do-cultivo-da-tilapia-no-brasil","status":"publish","type":"post","link":"https:\/\/mspontocom.com.br\/site\/fiems-diz-que-e-inaceitavel-a-restricao-do-cultivo-da-tilapia-no-brasil\/","title":{"rendered":"Fiems diz que \u00e9 inaceit\u00e1vel a restri\u00e7\u00e3o do cultivo da til\u00e1pia no Brasil"},"content":{"rendered":"<p class=\"m_5593172447780249093MsoNoSpacing\" style=\"text-align: justify;\"><img loading=\"lazy\" class=\"alignnone size-full wp-image-205009\" src=\"http:\/\/mspontocom.com.br\/site\/wp-content\/uploads\/2025\/11\/site-fiems-fiems.jpg\" alt=\"\" width=\"800\" height=\"595\" srcset=\"https:\/\/mspontocom.com.br\/site\/wp-content\/uploads\/2025\/11\/site-fiems-fiems.jpg 800w, https:\/\/mspontocom.com.br\/site\/wp-content\/uploads\/2025\/11\/site-fiems-fiems-260x193.jpg 260w, https:\/\/mspontocom.com.br\/site\/wp-content\/uploads\/2025\/11\/site-fiems-fiems-768x571.jpg 768w\" sizes=\"(max-width: 800px) 100vw, 800px\" \/>O presidente da Fiems, S\u00e9rgio Longen, classificou como inaceit\u00e1vel a restri\u00e7\u00e3o da produ\u00e7\u00e3o de til\u00e1pia no Brasil.<\/p>\n<p class=\"m_5593172447780249093MsoNoSpacing\" style=\"text-align: justify;\">O peixe foi inclu\u00eddo na Lista Nacional Oficial de Esp\u00e9cies Ex\u00f3ticas Invasoras da Comiss\u00e3o Nacional de Biodiversidade (Conabio), o que tem gerado preocupa\u00e7\u00e3o entre os produtores.<u><\/u><u><\/u><u><\/u>\u00a0<u><\/u><\/p>\n<p class=\"m_5593172447780249093MsoNoSpacing\" style=\"text-align: justify;\">Na vis\u00e3o do l\u00edder empresarial, eventuais restri\u00e7\u00f5es podem prejudicar a cadeia produtiva da til\u00e1pia e a atra\u00e7\u00e3o de novos investimentos ao setor no pa\u00eds, em especial para Mato Grosso do Sul, que tem se destacado como grande produtor do pescado para o mercado externo.<u><\/u><u><\/u><u><\/u>\u00a0<u><\/u><\/p>\n<blockquote>\n<p class=\"m_5593172447780249093MsoNoSpacing\"><em>&#8220;Tenho acompanhado as movimenta\u00e7\u00f5es do Minist\u00e9rio do Meio Ambiente no que tange \u00e0 restri\u00e7\u00e3o da produ\u00e7\u00e3o de til\u00e1pia no mercado brasileiro. Colocar uma produ\u00e7\u00e3o dessa magnitude como esp\u00e9cie ex\u00f3tica invasora na produ\u00e7\u00e3o brasileira \u00e9 algo inaceit\u00e1vel, com potencial de prejudicar uma cadeia de produ\u00e7\u00e3o com extrema import\u00e2ncia para o Brasil\u201d, disse Longen.<\/em><\/p>\n<\/blockquote>\n<p class=\"m_5593172447780249093MsoNoSpacing\" style=\"text-align: justify;\">\n<p class=\"m_5593172447780249093MsoNoSpacing\" style=\"text-align: justify;\">Longen observou que a cultura foi muito bem adaptada em v\u00e1rios estados do pa\u00eds, e cerca de 99,6% da til\u00e1pia produzida em Mato Grosso do Sul s\u00e3o destinados \u00e0 exporta\u00e7\u00e3o para os Estados Unidos.<u><\/u><u><\/u><u><\/u>\u00a0<u><\/u><\/p>\n<blockquote>\n<p class=\"m_5593172447780249093MsoNoSpacing\">\u201cVamos trabalhar forte para que isso n\u00e3o avance nessa dire\u00e7\u00e3o e, se necess\u00e1rio, vamos judicializar essa tend\u00eancia de levar mais uma cadeia de produ\u00e7\u00e3o a n\u00edveis insustent\u00e1veis no Brasil, dando condi\u00e7\u00e3o para que o pescado de outros pa\u00edses seja importado. Isso \u00e9 inaceit\u00e1vel para a ind\u00fastria nacional&#8221;, resumiu o l\u00edder empresarial.<\/p>\n<\/blockquote>\n<p style=\"text-align: justify;\"><i><b>Continue em nossa companhia em:<\/b><\/i> <a href=\"http:\/\/www.mspontocom.com.br\/\"><span style=\"color: #0000ff;\"><span style=\"font-family: Comic Sans MS, cursive;\"><span style=\"font-size: small;\"><u>www.mspontocom.com.br<\/u><\/span><\/span><\/span><\/a><\/p>\n<p class=\"m_5593172447780249093MsoNoSpacing\" style=\"text-align: justify;\"><u><\/u><\/p>\n","protected":false},"excerpt":{"rendered":"<p>O presidente da Fiems, S\u00e9rgio Longen, classificou como inaceit\u00e1vel a restri\u00e7\u00e3o da produ\u00e7\u00e3o de til\u00e1pia no Brasil. O peixe foi inclu\u00eddo na Lista Nacional Oficial de Esp\u00e9cies Ex\u00f3ticas Invasoras da Comiss\u00e3o Nacional de Biodiversidade (Conabio), o que tem gerado preocupa\u00e7\u00e3o entre os produtores.\u00a0 Na vis\u00e3o do l\u00edder empresarial, eventuais restri\u00e7\u00f5es podem prejudicar a cadeia produtiva [&hellip;]<\/p>\n","protected":false},"author":2,"featured_media":205009,"comment_status":"open","ping_status":"open","sticky":false,"template":"","format":"standard","meta":{"_monsterinsights_skip_tracking":false,"_monsterinsights_sitenote_active":false,"_monsterinsights_sitenote_note":"","_monsterinsights_sitenote_category":0},"categories":[74],"tags":[30254,17050,2887,43908,30362,43909],"aioseo_notices":[],"_links":{"self":[{"href":"https:\/\/mspontocom.com.br\/site\/wp-json\/wp\/v2\/posts\/205008"}],"collection":[{"href":"https:\/\/mspontocom.com.br\/site\/wp-json\/wp\/v2\/posts"}],"about":[{"href":"https:\/\/mspontocom.com.br\/site\/wp-json\/wp\/v2\/types\/post"}],"author":[{"embeddable":true,"href":"https:\/\/mspontocom.com.br\/site\/wp-json\/wp\/v2\/users\/2"}],"replies":[{"embeddable":true,"href":"https:\/\/mspontocom.com.br\/site\/wp-json\/wp\/v2\/comments?post=205008"}],"version-history":[{"count":1,"href":"https:\/\/mspontocom.com.br\/site\/wp-json\/wp\/v2\/posts\/205008\/revisions"}],"predecessor-version":[{"id":205010,"href":"https:\/\/mspontocom.com.br\/site\/wp-json\/wp\/v2\/posts\/205008\/revisions\/205010"}],"wp:featuredmedia":[{"embeddable":true,"href":"https:\/\/mspontocom.com.br\/site\/wp-json\/wp\/v2\/media\/205009"}],"wp:attachment":[{"href":"https:\/\/mspontocom.com.br\/site\/wp-json\/wp\/v2\/media?parent=205008"}],"wp:term":[{"taxonomy":"category","embeddable":true,"href":"https:\/\/mspontocom.com.br\/site\/wp-json\/wp\/v2\/categories?post=205008"},{"taxonomy":"post_tag","embeddable":true,"href":"https:\/\/mspontocom.com.br\/site\/wp-json\/wp\/v2\/tags?post=205008"}],"curies":[{"name":"wp","href":"https:\/\/api.w.org\/{rel}","templated":true}]}}