{"id":205041,"date":"2025-11-21T05:40:18","date_gmt":"2025-11-21T09:40:18","guid":{"rendered":"https:\/\/mspontocom.com.br\/site\/?p=205041"},"modified":"2025-11-21T06:09:23","modified_gmt":"2025-11-21T10:09:23","slug":"mergulhada-no-caos-imprensa-internacional-destaca-cop-30","status":"publish","type":"post","link":"https:\/\/mspontocom.com.br\/site\/mergulhada-no-caos-imprensa-internacional-destaca-cop-30\/","title":{"rendered":"\u201cMergulhada no caos\u201d: imprensa internacional destaca COP 30"},"content":{"rendered":"<p class=\"postParagraph_post-paragraph__juWZN postParagraph_post-paragraph-innerHtml__Q5vwc\" style=\"text-align: justify;\"><img loading=\"lazy\" class=\"alignnone size-full wp-image-205046\" src=\"http:\/\/mspontocom.com.br\/site\/wp-content\/uploads\/2025\/11\/site-mergulhada-no-caos-imprensa-internacional-destaca-cop-30-cop.webp\" alt=\"\" width=\"1170\" height=\"700\" srcset=\"https:\/\/mspontocom.com.br\/site\/wp-content\/uploads\/2025\/11\/site-mergulhada-no-caos-imprensa-internacional-destaca-cop-30-cop.webp 1170w, https:\/\/mspontocom.com.br\/site\/wp-content\/uploads\/2025\/11\/site-mergulhada-no-caos-imprensa-internacional-destaca-cop-30-cop-260x156.webp 260w, https:\/\/mspontocom.com.br\/site\/wp-content\/uploads\/2025\/11\/site-mergulhada-no-caos-imprensa-internacional-destaca-cop-30-cop-1024x613.webp 1024w, https:\/\/mspontocom.com.br\/site\/wp-content\/uploads\/2025\/11\/site-mergulhada-no-caos-imprensa-internacional-destaca-cop-30-cop-768x459.webp 768w\" sizes=\"(max-width: 1170px) 100vw, 1170px\" \/>O inc\u00eandio emum dos pavilh\u00f5es da c\u00fapula da ONU <strong>(COP 30)<\/strong> \u00a0em Bel\u00e9m, que for\u00e7ou a evacua\u00e7\u00e3o do local, repercutiu na imprensa de outros pa\u00edses.<\/p>\n<p class=\"postParagraph_post-paragraph__juWZN postParagraph_post-paragraph-innerHtml__Q5vwc\" style=\"text-align: justify;\">O jornal brit\u00e2nico <strong>The Telegraph<\/strong> escreveu que o evento foi <strong>\u201cmergulhado no caos\u201d<\/strong> devido ao incidente.<\/p>\n<blockquote>\n<p class=\"postParagraph_post-paragraph__juWZN postParagraph_post-paragraph-innerHtml__Q5vwc\">\u201c<em>A c\u00fapula clim\u00e1tica COP 30 foi mergulhada no caos nesta quinta-feira, ap\u00f3s um inc\u00eandio atingir um dos pavilh\u00f5es de confer\u00eancias em Bel\u00e9m, no Brasil, for\u00e7ando a evacua\u00e7\u00e3o do local\u201d, afirmou o jornal.<\/em><\/p>\n<\/blockquote>\n<p class=\"postParagraph_post-paragraph__juWZN postParagraph_post-paragraph-innerHtml__Q5vwc\" style=\"text-align: justify;\">O site destacou depoimentos de testemunhas, como do enviado italiano para o clima, Francesco Corvaro, que relatou que estava em uma reuni\u00e3o no pavilh\u00e3o do seu pa\u00eds, ao lado de onde o inc\u00eandio come\u00e7ou, quando come\u00e7ou \u201ca ver muitas pessoas correndo\u201d.<\/p>\n<p class=\"postParagraph_post-paragraph__juWZN postParagraph_post-paragraph-innerHtml__Q5vwc\" style=\"text-align: justify;\">A ag\u00eancia brit\u00e2nica<strong> Reuters<\/strong> lembrou que n\u00e3o foi a primeira vez que a COP 30 foi interrompida.<\/p>\n<blockquote>\n<p class=\"postParagraph_post-paragraph__juWZN postParagraph_post-paragraph-innerHtml__Q5vwc\"><em>\u201cDesde que teve in\u00edcio este m\u00eas, a c\u00fapula atraiu diversos protestos exigindo a\u00e7\u00f5es clim\u00e1ticas e prote\u00e7\u00e3o florestal, que por vezes interromperam as negocia\u00e7\u00f5es\u201d, informou.<\/em><\/p>\n<\/blockquote>\n<p class=\"postParagraph_post-paragraph__juWZN postParagraph_post-paragraph-innerHtml__Q5vwc\" style=\"text-align: justify;\">J\u00e1 o jornal argentino <strong>Clar\u00edn e a ag\u00eancia espanhola EFE<\/strong> destacaram outros problemas que a c\u00fapula enfrentou desde a prepara\u00e7\u00e3o.<\/p>\n<blockquote>\n<p class=\"postParagraph_post-paragraph__juWZN postParagraph_post-paragraph-innerHtml__Q5vwc\"><em>\u201cOs meses que antecederam a c\u00fapula foram marcados por s\u00e9rios problemas log\u00edsticos em Bel\u00e9m, a porta de entrada para a Amaz\u00f4nia brasileira, devido \u00e0 falta de infraestrutura da cidade e aos altos custos de hospedagem\u201d, afirmou o Clar\u00edn.<\/em><\/p>\n<\/blockquote>\n<p class=\"postParagraph_post-paragraph__juWZN postParagraph_post-paragraph-innerHtml__Q5vwc\" style=\"text-align: justify;\">A <strong>EFE<\/strong> foi na mesma linha, ao enfatizar que \u201cos meses anteriores \u00e0 celebra\u00e7\u00e3o da c\u00fapula foram marcados pelos graves problemas log\u00edsticos da capital paraense, devido \u00e0 falta de infraestrutura e aos altos pre\u00e7os da hospedagem\u201d.<\/p>\n<p style=\"text-align: justify;\"><i><b>Continue em nossa companhia em:<\/b><\/i> <a href=\"http:\/\/www.mspontocom.com.br\/\"><span style=\"color: #0000ff;\"><span style=\"font-family: Comic Sans MS, cursive;\"><span style=\"font-size: small;\"><u>www.mspontocom.com.br<\/u><\/span><\/span><\/span><\/a><\/p>\n","protected":false},"excerpt":{"rendered":"<p>O inc\u00eandio emum dos pavilh\u00f5es da c\u00fapula da ONU (COP 30) \u00a0em Bel\u00e9m, que for\u00e7ou a evacua\u00e7\u00e3o do local, repercutiu na imprensa de outros pa\u00edses. O jornal brit\u00e2nico The Telegraph escreveu que o evento foi \u201cmergulhado no caos\u201d devido ao incidente. \u201cA c\u00fapula clim\u00e1tica COP 30 foi mergulhada no caos nesta quinta-feira, ap\u00f3s um inc\u00eandio [&hellip;]<\/p>\n","protected":false},"author":2,"featured_media":205046,"comment_status":"open","ping_status":"open","sticky":false,"template":"","format":"standard","meta":{"_monsterinsights_skip_tracking":false,"_monsterinsights_sitenote_active":false,"_monsterinsights_sitenote_note":"","_monsterinsights_sitenote_category":0},"categories":[30260,7,30259,12],"tags":[15556,42668,43916,43915],"aioseo_notices":[],"_links":{"self":[{"href":"https:\/\/mspontocom.com.br\/site\/wp-json\/wp\/v2\/posts\/205041"}],"collection":[{"href":"https:\/\/mspontocom.com.br\/site\/wp-json\/wp\/v2\/posts"}],"about":[{"href":"https:\/\/mspontocom.com.br\/site\/wp-json\/wp\/v2\/types\/post"}],"author":[{"embeddable":true,"href":"https:\/\/mspontocom.com.br\/site\/wp-json\/wp\/v2\/users\/2"}],"replies":[{"embeddable":true,"href":"https:\/\/mspontocom.com.br\/site\/wp-json\/wp\/v2\/comments?post=205041"}],"version-history":[{"count":2,"href":"https:\/\/mspontocom.com.br\/site\/wp-json\/wp\/v2\/posts\/205041\/revisions"}],"predecessor-version":[{"id":205047,"href":"https:\/\/mspontocom.com.br\/site\/wp-json\/wp\/v2\/posts\/205041\/revisions\/205047"}],"wp:featuredmedia":[{"embeddable":true,"href":"https:\/\/mspontocom.com.br\/site\/wp-json\/wp\/v2\/media\/205046"}],"wp:attachment":[{"href":"https:\/\/mspontocom.com.br\/site\/wp-json\/wp\/v2\/media?parent=205041"}],"wp:term":[{"taxonomy":"category","embeddable":true,"href":"https:\/\/mspontocom.com.br\/site\/wp-json\/wp\/v2\/categories?post=205041"},{"taxonomy":"post_tag","embeddable":true,"href":"https:\/\/mspontocom.com.br\/site\/wp-json\/wp\/v2\/tags?post=205041"}],"curies":[{"name":"wp","href":"https:\/\/api.w.org\/{rel}","templated":true}]}}