{"id":205067,"date":"2025-11-23T06:43:03","date_gmt":"2025-11-23T10:43:03","guid":{"rendered":"https:\/\/mspontocom.com.br\/site\/?p=205067"},"modified":"2025-11-23T06:43:03","modified_gmt":"2025-11-23T10:43:03","slug":"eua-dizem-que-moraes-expoe-o-brasil-ao-descredito-internacional","status":"publish","type":"post","link":"https:\/\/mspontocom.com.br\/site\/eua-dizem-que-moraes-expoe-o-brasil-ao-descredito-internacional\/","title":{"rendered":"EUA dizem que Moraes exp\u00f5e o Brasil ao descr\u00e9dito internacional"},"content":{"rendered":"<p style=\"text-align: justify;\"><img loading=\"lazy\" class=\"alignnone size-full wp-image-205068\" src=\"http:\/\/mspontocom.com.br\/site\/wp-content\/uploads\/2025\/11\/site-eua-dizem-que-moraes-expoe-o-brasil-ao-descredito-internacional-donald-trump-alexandre-de-moraes-jair-bolsonaro.webp\" alt=\"\" width=\"1212\" height=\"909\" srcset=\"https:\/\/mspontocom.com.br\/site\/wp-content\/uploads\/2025\/11\/site-eua-dizem-que-moraes-expoe-o-brasil-ao-descredito-internacional-donald-trump-alexandre-de-moraes-jair-bolsonaro.webp 1212w, https:\/\/mspontocom.com.br\/site\/wp-content\/uploads\/2025\/11\/site-eua-dizem-que-moraes-expoe-o-brasil-ao-descredito-internacional-donald-trump-alexandre-de-moraes-jair-bolsonaro-260x195.webp 260w, https:\/\/mspontocom.com.br\/site\/wp-content\/uploads\/2025\/11\/site-eua-dizem-que-moraes-expoe-o-brasil-ao-descredito-internacional-donald-trump-alexandre-de-moraes-jair-bolsonaro-1024x768.webp 1024w, https:\/\/mspontocom.com.br\/site\/wp-content\/uploads\/2025\/11\/site-eua-dizem-que-moraes-expoe-o-brasil-ao-descredito-internacional-donald-trump-alexandre-de-moraes-jair-bolsonaro-768x576.webp 768w\" sizes=\"(max-width: 1212px) 100vw, 1212px\" \/>O vice-secret\u00e1rio de Estado Christopher Laudau manifestou-se oficialmente, em nome do governo dos Estados Unidos, afirmando que o ministro Alexandre de Moraes <strong>\u201cexp\u00f5e o STF e o Brasil\u00a0 \u00e0 vergonha e ao descr\u00e9dito internacional\u201d<\/strong>, em post publicado na rede social X neste s\u00e1bado.<\/p>\n<blockquote><p><span style=\"font-size: 14pt;\"><em>\u201cO ju\u00edz Moraes, um violador de direitos humanos sancionado, exp\u00f4s o Supremo Tribunal Federal do Brasil \u00e0 vergonha e ao descr\u00e9dito internacional ao desrespeitar normas tradicionais de autoconten\u00e7\u00e3o judicial e politizar de forma escancarada o processo judicial\u201d, escreveu Landau.<\/em><\/span><\/p><\/blockquote>\n<p style=\"text-align: justify;\">\u2013 \u201cN\u00e3o h\u00e1 nada mais perigoso para a democracia do que um juiz que n\u00e3o reconhece limites para seu poder.\u201d<\/p>\n<p style=\"text-align: justify;\"><i><b>Continue em nossa companhia em:<\/b><\/i> <a href=\"http:\/\/www.mspontocom.com.br\/\"><span style=\"color: #0000ff;\"><span style=\"font-family: Comic Sans MS, cursive;\"><span style=\"font-size: small;\"><u>www.mspontocom.com.br<\/u><\/span><\/span><\/span><\/a><\/p>\n","protected":false},"excerpt":{"rendered":"<p>O vice-secret\u00e1rio de Estado Christopher Laudau manifestou-se oficialmente, em nome do governo dos Estados Unidos, afirmando que o ministro Alexandre de Moraes \u201cexp\u00f5e o STF e o Brasil\u00a0 \u00e0 vergonha e ao descr\u00e9dito internacional\u201d, em post publicado na rede social X neste s\u00e1bado. \u201cO ju\u00edz Moraes, um violador de direitos humanos sancionado, exp\u00f4s o Supremo [&hellip;]<\/p>\n","protected":false},"author":2,"featured_media":205068,"comment_status":"open","ping_status":"open","sticky":false,"template":"","format":"standard","meta":{"_monsterinsights_skip_tracking":false,"_monsterinsights_sitenote_active":false,"_monsterinsights_sitenote_note":"","_monsterinsights_sitenote_category":0},"categories":[6,30260,2528,7,30259,12],"tags":[30254,43921,1539,43541,35247],"aioseo_notices":[],"_links":{"self":[{"href":"https:\/\/mspontocom.com.br\/site\/wp-json\/wp\/v2\/posts\/205067"}],"collection":[{"href":"https:\/\/mspontocom.com.br\/site\/wp-json\/wp\/v2\/posts"}],"about":[{"href":"https:\/\/mspontocom.com.br\/site\/wp-json\/wp\/v2\/types\/post"}],"author":[{"embeddable":true,"href":"https:\/\/mspontocom.com.br\/site\/wp-json\/wp\/v2\/users\/2"}],"replies":[{"embeddable":true,"href":"https:\/\/mspontocom.com.br\/site\/wp-json\/wp\/v2\/comments?post=205067"}],"version-history":[{"count":1,"href":"https:\/\/mspontocom.com.br\/site\/wp-json\/wp\/v2\/posts\/205067\/revisions"}],"predecessor-version":[{"id":205069,"href":"https:\/\/mspontocom.com.br\/site\/wp-json\/wp\/v2\/posts\/205067\/revisions\/205069"}],"wp:featuredmedia":[{"embeddable":true,"href":"https:\/\/mspontocom.com.br\/site\/wp-json\/wp\/v2\/media\/205068"}],"wp:attachment":[{"href":"https:\/\/mspontocom.com.br\/site\/wp-json\/wp\/v2\/media?parent=205067"}],"wp:term":[{"taxonomy":"category","embeddable":true,"href":"https:\/\/mspontocom.com.br\/site\/wp-json\/wp\/v2\/categories?post=205067"},{"taxonomy":"post_tag","embeddable":true,"href":"https:\/\/mspontocom.com.br\/site\/wp-json\/wp\/v2\/tags?post=205067"}],"curies":[{"name":"wp","href":"https:\/\/api.w.org\/{rel}","templated":true}]}}