{"id":205101,"date":"2025-11-25T05:11:32","date_gmt":"2025-11-25T09:11:32","guid":{"rendered":"https:\/\/mspontocom.com.br\/site\/?p=205101"},"modified":"2025-11-25T05:11:32","modified_gmt":"2025-11-25T09:11:32","slug":"trumpista-critica-passividade-dos-brasileiros-diante-moraes","status":"publish","type":"post","link":"https:\/\/mspontocom.com.br\/site\/trumpista-critica-passividade-dos-brasileiros-diante-moraes\/","title":{"rendered":"Trumpista critica passividade dos brasileiros diante Moraes"},"content":{"rendered":"<p style=\"text-align: justify;\"><img loading=\"lazy\" class=\"alignnone size-full wp-image-205110\" src=\"http:\/\/mspontocom.com.br\/site\/wp-content\/uploads\/2025\/11\/site-trumpista-critica-passividade-dos-brasileiros-diante-moraes-cordeirinho.jpg\" alt=\"\" width=\"500\" height=\"500\" srcset=\"https:\/\/mspontocom.com.br\/site\/wp-content\/uploads\/2025\/11\/site-trumpista-critica-passividade-dos-brasileiros-diante-moraes-cordeirinho.jpg 500w, https:\/\/mspontocom.com.br\/site\/wp-content\/uploads\/2025\/11\/site-trumpista-critica-passividade-dos-brasileiros-diante-moraes-cordeirinho-260x260.jpg 260w, https:\/\/mspontocom.com.br\/site\/wp-content\/uploads\/2025\/11\/site-trumpista-critica-passividade-dos-brasileiros-diante-moraes-cordeirinho-150x150.jpg 150w\" sizes=\"(max-width: 500px) 100vw, 500px\" \/><\/p>\n<p style=\"text-align: justify;\">Martim de Luca, <strong>advogado do presidente dos Estados Unidos Donald Trump<\/strong> publicou uma s\u00e9rie de cr\u00edticas ao ministro Alexandre de Moraes, do STF, afirmando que decis\u00f5es do magistrado contra Jair Bolsonaro e seus apoiadores demonstram \u201cabusos hist\u00f3ricos\u201d aos quais a<strong> popula\u00e7\u00e3o brasileira teria reagido de forma \u201csimb\u00f3lica e ineficaz\u201d.<\/strong><\/p>\n<p style=\"text-align: justify;\" data-start=\"957\" data-end=\"1376\">Na postagem feita no X (antigo Twitter), o advogado lista uma s\u00e9rie de epis\u00f3dios envolvendo medidas adotadas por Alexandre de Moraes nos \u00faltimos anos, desde a pris\u00e3o de aliados do ex-presidente Jair Bolsonaro.<\/p>\n<p style=\"text-align: justify;\" data-start=\"957\" data-end=\"1376\"><strong>Para ele, cada uma dessas a\u00e7\u00f5es teria provocado apenas rea\u00e7\u00f5es pontuais, sem for\u00e7a suficiente para alterar o cen\u00e1rio pol\u00edtico.<\/strong><\/p>\n<p style=\"text-align: justify;\" data-start=\"1378\" data-end=\"1802\">Segundo o texto, a pris\u00e3o de apoiadores de Bolsonaro pelo ministro levou apenas a \u201cprotestos simb\u00f3licos que n\u00e3o mudaram nada\u201d.<\/p>\n<p style=\"text-align: justify;\" data-start=\"1804\" data-end=\"2225\">Martim tamb\u00e9m dirige cr\u00edticas ao senador Davi Alcolumbre, apontado por ele como respons\u00e1vel por <strong>bloquear mais de 20 pedidos de impeachment contra Moraes<\/strong> e por congelar a vota\u00e7\u00e3o da lei de anistia no Congresso.<\/p>\n<p style=\"text-align: justify;\" data-start=\"2227\" data-end=\"2660\">Luca conclui que a decreta\u00e7\u00e3o da pris\u00e3o preventiva de Bolsonaro \u2014 por determina\u00e7\u00e3o de Moraes \u2014 novamente mobilizou apenas <strong>\u201cru\u00eddo online e pequenas multid\u00f5es nas ruas\u201d<\/strong>.<\/p>\n<p style=\"text-align: justify;\" data-start=\"2227\" data-end=\"2660\">Para ele, essa falta de rea\u00e7\u00e3o proporcional levaria institui\u00e7\u00f5es a se sentirem autorizadas a ampliar sua atua\u00e7\u00e3o.<\/p>\n<p style=\"text-align: justify;\"><i><b>Continue em nossa companhia em:<\/b><\/i> <a href=\"http:\/\/www.mspontocom.com.br\/\"><span style=\"color: #0000ff;\"><span style=\"font-family: Comic Sans MS, cursive;\"><span style=\"font-size: small;\"><u>www.mspontocom.com.br<\/u><\/span><\/span><\/span><\/a><\/p>\n","protected":false},"excerpt":{"rendered":"<p>Martim de Luca, advogado do presidente dos Estados Unidos Donald Trump publicou uma s\u00e9rie de cr\u00edticas ao ministro Alexandre de Moraes, do STF, afirmando que decis\u00f5es do magistrado contra Jair Bolsonaro e seus apoiadores demonstram \u201cabusos hist\u00f3ricos\u201d aos quais a popula\u00e7\u00e3o brasileira teria reagido de forma \u201csimb\u00f3lica e ineficaz\u201d. Na postagem feita no X (antigo [&hellip;]<\/p>\n","protected":false},"author":2,"featured_media":205110,"comment_status":"open","ping_status":"open","sticky":false,"template":"","format":"standard","meta":{"_monsterinsights_skip_tracking":false,"_monsterinsights_sitenote_active":false,"_monsterinsights_sitenote_note":"","_monsterinsights_sitenote_category":0},"categories":[6,30260,2528,7,30259,12],"tags":[874,359,43799,35247,43926,28326,43925],"aioseo_notices":[],"_links":{"self":[{"href":"https:\/\/mspontocom.com.br\/site\/wp-json\/wp\/v2\/posts\/205101"}],"collection":[{"href":"https:\/\/mspontocom.com.br\/site\/wp-json\/wp\/v2\/posts"}],"about":[{"href":"https:\/\/mspontocom.com.br\/site\/wp-json\/wp\/v2\/types\/post"}],"author":[{"embeddable":true,"href":"https:\/\/mspontocom.com.br\/site\/wp-json\/wp\/v2\/users\/2"}],"replies":[{"embeddable":true,"href":"https:\/\/mspontocom.com.br\/site\/wp-json\/wp\/v2\/comments?post=205101"}],"version-history":[{"count":2,"href":"https:\/\/mspontocom.com.br\/site\/wp-json\/wp\/v2\/posts\/205101\/revisions"}],"predecessor-version":[{"id":205111,"href":"https:\/\/mspontocom.com.br\/site\/wp-json\/wp\/v2\/posts\/205101\/revisions\/205111"}],"wp:featuredmedia":[{"embeddable":true,"href":"https:\/\/mspontocom.com.br\/site\/wp-json\/wp\/v2\/media\/205110"}],"wp:attachment":[{"href":"https:\/\/mspontocom.com.br\/site\/wp-json\/wp\/v2\/media?parent=205101"}],"wp:term":[{"taxonomy":"category","embeddable":true,"href":"https:\/\/mspontocom.com.br\/site\/wp-json\/wp\/v2\/categories?post=205101"},{"taxonomy":"post_tag","embeddable":true,"href":"https:\/\/mspontocom.com.br\/site\/wp-json\/wp\/v2\/tags?post=205101"}],"curies":[{"name":"wp","href":"https:\/\/api.w.org\/{rel}","templated":true}]}}