{"id":205120,"date":"2025-11-25T04:05:01","date_gmt":"2025-11-25T08:05:01","guid":{"rendered":"https:\/\/mspontocom.com.br\/site\/?p=205120"},"modified":"2025-11-25T06:43:35","modified_gmt":"2025-11-25T10:43:35","slug":"famasul-lanca-serie-de-podcasts-sobre-o-pantanal-ouca-aqui","status":"publish","type":"post","link":"https:\/\/mspontocom.com.br\/site\/famasul-lanca-serie-de-podcasts-sobre-o-pantanal-ouca-aqui\/","title":{"rendered":"Famasul lan\u00e7a s\u00e9rie de podcasts sobre o Pantanal. Ou\u00e7a aqui"},"content":{"rendered":"<p style=\"text-align: justify;\"><img loading=\"lazy\" class=\"alignnone size-full wp-image-205130\" src=\"http:\/\/mspontocom.com.br\/site\/wp-content\/uploads\/2025\/11\/site-sistema-famasul-lanca-serie-de-podcasts-sobre-o-pantanal-famasul.jpg\" alt=\"\" width=\"750\" height=\"500\" srcset=\"https:\/\/mspontocom.com.br\/site\/wp-content\/uploads\/2025\/11\/site-sistema-famasul-lanca-serie-de-podcasts-sobre-o-pantanal-famasul.jpg 750w, https:\/\/mspontocom.com.br\/site\/wp-content\/uploads\/2025\/11\/site-sistema-famasul-lanca-serie-de-podcasts-sobre-o-pantanal-famasul-260x173.jpg 260w\" sizes=\"(max-width: 750px) 100vw, 750px\" \/>Em comemora\u00e7\u00e3o ao m\u00eas do Pantanal, o podcast Campo em Prosa, produzido pelo Sistema Famasul, estreia uma s\u00e9rie especial dedicada ao bioma mais emblem\u00e1tico de Mato Grosso do Sul.<\/p>\n<p style=\"text-align: justify;\">A proposta \u00e9 dar voz a quem vive o Pantanal de dentro, valorizando sua cultura, sua gente e a rela\u00e7\u00e3o \u00fanica entre o homem e a natureza.<\/p>\n<p style=\"text-align: justify;\">O epis\u00f3dio de abertura traz como convidado Leonardo de Barros, produtor rural e empres\u00e1rio pantaneiro, pioneiro na comercializa\u00e7\u00e3o de carne org\u00e2nica certificada.<\/p>\n<p style=\"text-align: justify;\">No bate-papo, conduzido pelo superintendente do Senar\/MS Lucas Galvan, o convidado reflete sobre a origem do povo pantaneiro, a miscigena\u00e7\u00e3o de povos que formou sua cultura e o papel da pecu\u00e1ria como atividade que mant\u00e9m o equil\u00edbrio entre produ\u00e7\u00e3o e preserva\u00e7\u00e3o.<\/p>\n<p style=\"text-align: justify;\">Ele tamb\u00e9m relembra o legado dos escritores Manoel e Ab\u00edlio de Barros, destacando uma frase marcante do pai. \u201cO maior desastre ecol\u00f3gico do Pantanal acontecer\u00e1 quando faltar o homem pantaneiro.\u201d<\/p>\n<p style=\"text-align: justify;\">Quem acompanha a conversa \u00e9 inserido em hist\u00f3rias que s\u00f3 pantaneiros podem contar e vivenciar, como a vaca v\u00e9ia do seu Est\u00e1cio, e as l\u00e1grimas pelo sucesso do tio poeta.<\/p>\n<p style=\"text-align: justify;\">O programa tamb\u00e9m apresenta a trajet\u00f3ria da BioCarnes Pantanal, marca criada por Leonardo de Barros, que leva ao mercado carnes org\u00e2nicas e sustent\u00e1veis, produzidas no pr\u00f3prio bioma, com respeito \u00e0 natureza e \u00e0 comunidade local.<\/p>\n<p style=\"text-align: justify;\">Entre lembran\u00e7as, hist\u00f3rias e provoca\u00e7\u00f5es, o epis\u00f3dio inaugura uma s\u00e9rie que vai aprofundar temas como educa\u00e7\u00e3o, sa\u00fade, turismo, ci\u00eancia e cultura no Pantanal, sempre com a presen\u00e7a de quem faz parte da vida real dessa regi\u00e3o.<\/p>\n<p>&nbsp;<\/p>\n<p><b>Assista ao epis\u00f3dio completo:<\/b><\/p>\n<div class=\"media-youtube-video media-image media-youtube-1\"><iframe loading=\"lazy\" class=\"media-youtube-player\" title=\"Leonardo de Barros: Hist\u00f3ria viva do Pantanal e defesa do Homem Pantaneiro l Campo em Prosa Especial\" src=\"https:\/\/www.youtube.com\/embed\/2bvlIjrAZbs?wmode=opaque&amp;controls=&amp;rel=0\" name=\"Leonardo de Barros: Hist\u00f3ria viva do Pantanal e defesa do Homem Pantaneiro l Campo em Prosa Especial\" width=\"640\" height=\"390\" frameborder=\"0\" allowfullscreen=\"allowfullscreen\" data-mce-fragment=\"1\"><\/iframe><\/div>\n<p><strong><em>fonte: Assessoria de Comunica\u00e7\u00e3o do Sistema Famasul &#8211; Michael Franco<\/em><\/strong><\/p>\n","protected":false},"excerpt":{"rendered":"<p>Em comemora\u00e7\u00e3o ao m\u00eas do Pantanal, o podcast Campo em Prosa, produzido pelo Sistema Famasul, estreia uma s\u00e9rie especial dedicada ao bioma mais emblem\u00e1tico de Mato Grosso do Sul. A proposta \u00e9 dar voz a quem vive o Pantanal de dentro, valorizando sua cultura, sua gente e a rela\u00e7\u00e3o \u00fanica entre o homem e a [&hellip;]<\/p>\n","protected":false},"author":2,"featured_media":205130,"comment_status":"open","ping_status":"open","sticky":false,"template":"","format":"standard","meta":{"_monsterinsights_skip_tracking":false,"_monsterinsights_sitenote_active":false,"_monsterinsights_sitenote_note":"","_monsterinsights_sitenote_category":0},"categories":[74,14],"tags":[1118,279,35794],"aioseo_notices":[],"_links":{"self":[{"href":"https:\/\/mspontocom.com.br\/site\/wp-json\/wp\/v2\/posts\/205120"}],"collection":[{"href":"https:\/\/mspontocom.com.br\/site\/wp-json\/wp\/v2\/posts"}],"about":[{"href":"https:\/\/mspontocom.com.br\/site\/wp-json\/wp\/v2\/types\/post"}],"author":[{"embeddable":true,"href":"https:\/\/mspontocom.com.br\/site\/wp-json\/wp\/v2\/users\/2"}],"replies":[{"embeddable":true,"href":"https:\/\/mspontocom.com.br\/site\/wp-json\/wp\/v2\/comments?post=205120"}],"version-history":[{"count":2,"href":"https:\/\/mspontocom.com.br\/site\/wp-json\/wp\/v2\/posts\/205120\/revisions"}],"predecessor-version":[{"id":205131,"href":"https:\/\/mspontocom.com.br\/site\/wp-json\/wp\/v2\/posts\/205120\/revisions\/205131"}],"wp:featuredmedia":[{"embeddable":true,"href":"https:\/\/mspontocom.com.br\/site\/wp-json\/wp\/v2\/media\/205130"}],"wp:attachment":[{"href":"https:\/\/mspontocom.com.br\/site\/wp-json\/wp\/v2\/media?parent=205120"}],"wp:term":[{"taxonomy":"category","embeddable":true,"href":"https:\/\/mspontocom.com.br\/site\/wp-json\/wp\/v2\/categories?post=205120"},{"taxonomy":"post_tag","embeddable":true,"href":"https:\/\/mspontocom.com.br\/site\/wp-json\/wp\/v2\/tags?post=205120"}],"curies":[{"name":"wp","href":"https:\/\/api.w.org\/{rel}","templated":true}]}}