{"id":205124,"date":"2025-11-25T04:14:03","date_gmt":"2025-11-25T08:14:03","guid":{"rendered":"https:\/\/mspontocom.com.br\/site\/?p=205124"},"modified":"2025-11-25T06:50:28","modified_gmt":"2025-11-25T10:50:28","slug":"reality-show-de-gastronomia-de-ms-abre-inscricoes-para-o-publico-em-geral","status":"publish","type":"post","link":"https:\/\/mspontocom.com.br\/site\/reality-show-de-gastronomia-de-ms-abre-inscricoes-para-o-publico-em-geral\/","title":{"rendered":"Reality show de gastronomia de MS abre inscri\u00e7\u00f5es para o p\u00fablico em geral"},"content":{"rendered":"<p style=\"text-align: justify;\"><img loading=\"lazy\" class=\"alignnone size-full wp-image-205125\" src=\"http:\/\/mspontocom.com.br\/site\/wp-content\/uploads\/2025\/11\/site-maior-reality-show-de-gastronomia-de-ms-abre-inscricoes-sabor-a-prova-f5.jpg\" alt=\"\" width=\"987\" height=\"543\" srcset=\"https:\/\/mspontocom.com.br\/site\/wp-content\/uploads\/2025\/11\/site-maior-reality-show-de-gastronomia-de-ms-abre-inscricoes-sabor-a-prova-f5.jpg 987w, https:\/\/mspontocom.com.br\/site\/wp-content\/uploads\/2025\/11\/site-maior-reality-show-de-gastronomia-de-ms-abre-inscricoes-sabor-a-prova-f5-260x143.jpg 260w, https:\/\/mspontocom.com.br\/site\/wp-content\/uploads\/2025\/11\/site-maior-reality-show-de-gastronomia-de-ms-abre-inscricoes-sabor-a-prova-f5-768x423.jpg 768w\" sizes=\"(max-width: 987px) 100vw, 987px\" \/>Est\u00e3o abertas as inscri\u00e7\u00f5es gratuitas para o maior reality show gastron\u00f4mico de Mato Grosso do Sul, o Sabor \u00e0 Prova que chega a sua 5\u00aa temporada, cuja exibi\u00e7\u00e3o ser\u00e1 no primeiro semestre de 2026.<\/p>\n<p style=\"text-align: justify;\">O programa da TVMS Record (canal 11.1) trar\u00e1 novidades que prometem movimentar a televis\u00e3o regional.<\/p>\n<p style=\"text-align: justify;\"><strong>Pela primeira vez, as inscri\u00e7\u00f5es est\u00e3o liberadas para qualquer interessado, sem restri\u00e7\u00e3o de experi\u00eancia ou forma\u00e7\u00e3o.<\/strong><\/p>\n<p style=\"text-align: justify;\"><strong>Chefs profissionais, estudantes, amadores ou cozinheiros de fim de semana podem se inscrever e disputar o\u00a0 reconhecimento no palco do sabor. <\/strong><\/p>\n<p style=\"text-align: justify;\"><span style=\"font-size: 18pt;\"><b>Inscri\u00e7\u00f5es\u00a0<\/b><\/span><\/p>\n<p style=\"text-align: justify;\">Os interessados devem acessar o site\u00a0<a href=\"http:\/\/saboraprova.com.br\/\" target=\"_blank\" rel=\"noopener\" data-saferedirecturl=\"https:\/\/www.google.com\/url?q=http:\/\/saboraprova.com.br&amp;source=gmail&amp;ust=1764150868328000&amp;usg=AOvVaw3T5eUFTSl3Ez790oudqKSy\">saboraprova.com.br<\/a>, preencher o cadastro, responder ao formul\u00e1rio e enviar um v\u00eddeo de pelo menos 1 minuto e 30 segundos se apresentando e explicando por que merece entrar no reality.<\/p>\n<p style=\"text-align: justify;\">O prazo para as inscri\u00e7\u00f5es termina no dia 8 de dezembro.<\/p>\n<p style=\"text-align: justify;\">A data de estreia da 5\u00aa edi\u00e7\u00e3o do Sabor \u00e0 Prova ser\u00e1 anunciada em breve pela TVMS Record.<\/p>\n<p style=\"text-align: justify;\"><b>Servi\u00e7o:<br \/>\n<\/b>Inscri\u00e7\u00f5es abertas:\u00a0<a href=\"http:\/\/www.saboraprova.com.br\/\" target=\"_blank\" rel=\"noopener\" data-saferedirecturl=\"https:\/\/www.google.com\/url?q=http:\/\/www.saboraprova.com.br&amp;source=gmail&amp;ust=1764150868328000&amp;usg=AOvVaw3bR5uIPjDQE2Ytrw0Aq5NC\">www.saboraprova.com.br<\/a><br \/>\nData limite: At\u00e9 8 de Dezembro<br \/>\nRede Social: @saboraprovareality (Instagram)<br \/>\nPremia\u00e7\u00e3o Chefe Destaque de MS: R$ 15 mil<\/p>\n<div><\/div>\n<div>fonte: Valdelice Bonif\u00e1cio<\/div>\n<div>\n<p><i><b>Continue em nossa companhia em:<\/b><\/i> <a href=\"http:\/\/www.mspontocom.com.br\/\"><span style=\"color: #0000ff;\"><span style=\"font-family: Comic Sans MS, cursive;\"><span style=\"font-size: small;\"><u>www.mspontocom.com.br<\/u><\/span><\/span><\/span><\/a><\/p>\n<\/div>\n","protected":false},"excerpt":{"rendered":"<p>Est\u00e3o abertas as inscri\u00e7\u00f5es gratuitas para o maior reality show gastron\u00f4mico de Mato Grosso do Sul, o Sabor \u00e0 Prova que chega a sua 5\u00aa temporada, cuja exibi\u00e7\u00e3o ser\u00e1 no primeiro semestre de 2026. O programa da TVMS Record (canal 11.1) trar\u00e1 novidades que prometem movimentar a televis\u00e3o regional. Pela primeira vez, as inscri\u00e7\u00f5es est\u00e3o [&hellip;]<\/p>\n","protected":false},"author":2,"featured_media":205125,"comment_status":"open","ping_status":"open","sticky":false,"template":"","format":"standard","meta":{"_monsterinsights_skip_tracking":false,"_monsterinsights_sitenote_active":false,"_monsterinsights_sitenote_note":"","_monsterinsights_sitenote_category":0},"categories":[74],"tags":[455,81,43929],"aioseo_notices":[],"_links":{"self":[{"href":"https:\/\/mspontocom.com.br\/site\/wp-json\/wp\/v2\/posts\/205124"}],"collection":[{"href":"https:\/\/mspontocom.com.br\/site\/wp-json\/wp\/v2\/posts"}],"about":[{"href":"https:\/\/mspontocom.com.br\/site\/wp-json\/wp\/v2\/types\/post"}],"author":[{"embeddable":true,"href":"https:\/\/mspontocom.com.br\/site\/wp-json\/wp\/v2\/users\/2"}],"replies":[{"embeddable":true,"href":"https:\/\/mspontocom.com.br\/site\/wp-json\/wp\/v2\/comments?post=205124"}],"version-history":[{"count":2,"href":"https:\/\/mspontocom.com.br\/site\/wp-json\/wp\/v2\/posts\/205124\/revisions"}],"predecessor-version":[{"id":205132,"href":"https:\/\/mspontocom.com.br\/site\/wp-json\/wp\/v2\/posts\/205124\/revisions\/205132"}],"wp:featuredmedia":[{"embeddable":true,"href":"https:\/\/mspontocom.com.br\/site\/wp-json\/wp\/v2\/media\/205125"}],"wp:attachment":[{"href":"https:\/\/mspontocom.com.br\/site\/wp-json\/wp\/v2\/media?parent=205124"}],"wp:term":[{"taxonomy":"category","embeddable":true,"href":"https:\/\/mspontocom.com.br\/site\/wp-json\/wp\/v2\/categories?post=205124"},{"taxonomy":"post_tag","embeddable":true,"href":"https:\/\/mspontocom.com.br\/site\/wp-json\/wp\/v2\/tags?post=205124"}],"curies":[{"name":"wp","href":"https:\/\/api.w.org\/{rel}","templated":true}]}}