{"id":205161,"date":"2025-11-26T04:48:50","date_gmt":"2025-11-26T08:48:50","guid":{"rendered":"https:\/\/mspontocom.com.br\/site\/?p=205161"},"modified":"2025-11-26T08:15:14","modified_gmt":"2025-11-26T12:15:14","slug":"fiems-amplia-oportunidades-para-a-industria-de-ms-na-italia","status":"publish","type":"post","link":"https:\/\/mspontocom.com.br\/site\/fiems-amplia-oportunidades-para-a-industria-de-ms-na-italia\/","title":{"rendered":"Fiems amplia oportunidades para a ind\u00fastria de MS na It\u00e1lia"},"content":{"rendered":"<p class=\"m_2077554769230128352MsoNoSpacing\" style=\"text-align: justify;\"><img loading=\"lazy\" class=\"alignnone size-full wp-image-205167\" src=\"http:\/\/mspontocom.com.br\/site\/wp-content\/uploads\/2025\/11\/site-fiems-busca-ampliar-oportunidades-para-a-industria-de-ms-durante-missao-na-italia-fiems-italia-confindustria.jpg\" alt=\"\" width=\"1000\" height=\"750\" srcset=\"https:\/\/mspontocom.com.br\/site\/wp-content\/uploads\/2025\/11\/site-fiems-busca-ampliar-oportunidades-para-a-industria-de-ms-durante-missao-na-italia-fiems-italia-confindustria.jpg 1000w, https:\/\/mspontocom.com.br\/site\/wp-content\/uploads\/2025\/11\/site-fiems-busca-ampliar-oportunidades-para-a-industria-de-ms-durante-missao-na-italia-fiems-italia-confindustria-260x195.jpg 260w, https:\/\/mspontocom.com.br\/site\/wp-content\/uploads\/2025\/11\/site-fiems-busca-ampliar-oportunidades-para-a-industria-de-ms-durante-missao-na-italia-fiems-italia-confindustria-768x576.jpg 768w\" sizes=\"(max-width: 1000px) 100vw, 1000px\" \/>Em miss\u00e3o empresarial na It\u00e1lia, o vice-presidente da Fiems, <strong>Luiz Carlos Crosara J\u00fanior,<\/strong> participou\u00a0 de uma agenda como presidente da Confindustria, a Confedera\u00e7\u00e3o da Ind\u00fastria Italiana, Marco Nocivelli.<\/p>\n<p class=\"m_2077554769230128352MsoNoSpacing\" style=\"text-align: justify;\">O encontro refor\u00e7ou a import\u00e2ncia estrat\u00e9gica do acordo Mercosul\u2013Uni\u00e3o Europeia e abriu novas perspectivas para a diversifica\u00e7\u00e3o produtiva e para a internacionaliza\u00e7\u00e3o das ind\u00fastrias de Mato Grosso do Sul.<u><\/u><u><\/u><u><\/u>\u00a0<u><\/u><\/p>\n<p class=\"m_2077554769230128352MsoNoSpacing\" style=\"text-align: justify;\">Segundo Crosara J\u00fanior, a assinatura do acordo representa um marco para o fortalecimento das rela\u00e7\u00f5es comerciais entre Brasil e Europa, ampliando a competitividade das ind\u00fastrias brasileiras e italianas.<\/p>\n<blockquote>\n<p class=\"m_2077554769230128352MsoNoSpacing\"><em><span style=\"font-size: 14pt;\">\u201cA colabora\u00e7\u00e3o e a abertura de novos mercados s\u00e3o fundamentais para o crescimento econ\u00f4mico e para a gera\u00e7\u00e3o de oportunidades em ambos os lados do Atl\u00e2ntico\u201d, destacou.<\/span><\/em><\/p>\n<\/blockquote>\n<p class=\"m_2077554769230128352MsoNoSpacing\" style=\"text-align: justify;\">\n<p class=\"m_2077554769230128352MsoNoSpacing\" style=\"text-align: justify;\">Al\u00e9m do debate sobre o acordo, a miss\u00e3o tamb\u00e9m tem como objetivo estreitar os la\u00e7os comerciais de Mato Grosso do Sul com a It\u00e1lia.<\/p>\n<p class=\"m_2077554769230128352MsoNoSpacing\" style=\"text-align: justify;\">Para a Fiems, essa aproxima\u00e7\u00e3o refor\u00e7a a estrat\u00e9gia de posicionar o Estado em cadeias de valor mais sofisticadas e ampliar destinos para as exporta\u00e7\u00f5es sul-mato-grossenses.<u><\/u><u><\/u><u><\/u>\u00a0<u><\/u><\/p>\n<p class=\"m_2077554769230128352MsoNoSpacing\" style=\"text-align: justify;\">Segundo levantamento do Observat\u00f3rio da Ind\u00fastria da Fiems, nos \u00faltimos tr\u00eas anos, o com\u00e9rcio bilateral entre Mato Grosso do Sul e It\u00e1lia avan\u00e7ou de forma assim\u00e9trica: as exporta\u00e7\u00f5es sul-mato-grossenses para o pa\u00eds cresceram 49%, saindo de US$ 188 milh\u00f5es em 2022 para US$ 280,4 milh\u00f5es em 2024.<\/p>\n<p class=\"m_2077554769230128352MsoNoSpacing\" style=\"text-align: justify;\">Em 2024, a It\u00e1lia respondeu por 24,6% de tudo que o MS vendeu para a Uni\u00e3o Europeia; por outro lado, representou 5,5% das importa\u00e7\u00f5es estaduais vindas do bloco.<\/p>\n<p style=\"text-align: justify;\"><i><b>Continue em nossa companhia em:<\/b><\/i> <a href=\"http:\/\/www.mspontocom.com.br\/\"><span style=\"color: #0000ff;\"><span style=\"font-family: Comic Sans MS, cursive;\"><span style=\"font-size: small;\"><u>www.mspontocom.com.br<\/u><\/span><\/span><\/span><\/a><\/p>\n","protected":false},"excerpt":{"rendered":"<p>Em miss\u00e3o empresarial na It\u00e1lia, o vice-presidente da Fiems, Luiz Carlos Crosara J\u00fanior, participou\u00a0 de uma agenda como presidente da Confindustria, a Confedera\u00e7\u00e3o da Ind\u00fastria Italiana, Marco Nocivelli. O encontro refor\u00e7ou a import\u00e2ncia estrat\u00e9gica do acordo Mercosul\u2013Uni\u00e3o Europeia e abriu novas perspectivas para a diversifica\u00e7\u00e3o produtiva e para a internacionaliza\u00e7\u00e3o das ind\u00fastrias de Mato Grosso [&hellip;]<\/p>\n","protected":false},"author":2,"featured_media":205167,"comment_status":"open","ping_status":"open","sticky":false,"template":"","format":"standard","meta":{"_monsterinsights_skip_tracking":false,"_monsterinsights_sitenote_active":false,"_monsterinsights_sitenote_note":"","_monsterinsights_sitenote_category":0},"categories":[74],"tags":[2887,1598,21760],"aioseo_notices":[],"_links":{"self":[{"href":"https:\/\/mspontocom.com.br\/site\/wp-json\/wp\/v2\/posts\/205161"}],"collection":[{"href":"https:\/\/mspontocom.com.br\/site\/wp-json\/wp\/v2\/posts"}],"about":[{"href":"https:\/\/mspontocom.com.br\/site\/wp-json\/wp\/v2\/types\/post"}],"author":[{"embeddable":true,"href":"https:\/\/mspontocom.com.br\/site\/wp-json\/wp\/v2\/users\/2"}],"replies":[{"embeddable":true,"href":"https:\/\/mspontocom.com.br\/site\/wp-json\/wp\/v2\/comments?post=205161"}],"version-history":[{"count":2,"href":"https:\/\/mspontocom.com.br\/site\/wp-json\/wp\/v2\/posts\/205161\/revisions"}],"predecessor-version":[{"id":205168,"href":"https:\/\/mspontocom.com.br\/site\/wp-json\/wp\/v2\/posts\/205161\/revisions\/205168"}],"wp:featuredmedia":[{"embeddable":true,"href":"https:\/\/mspontocom.com.br\/site\/wp-json\/wp\/v2\/media\/205167"}],"wp:attachment":[{"href":"https:\/\/mspontocom.com.br\/site\/wp-json\/wp\/v2\/media?parent=205161"}],"wp:term":[{"taxonomy":"category","embeddable":true,"href":"https:\/\/mspontocom.com.br\/site\/wp-json\/wp\/v2\/categories?post=205161"},{"taxonomy":"post_tag","embeddable":true,"href":"https:\/\/mspontocom.com.br\/site\/wp-json\/wp\/v2\/tags?post=205161"}],"curies":[{"name":"wp","href":"https:\/\/api.w.org\/{rel}","templated":true}]}}