{"id":205213,"date":"2025-11-28T05:46:16","date_gmt":"2025-11-28T09:46:16","guid":{"rendered":"https:\/\/mspontocom.com.br\/site\/?p=205213"},"modified":"2025-11-28T05:46:16","modified_gmt":"2025-11-28T09:46:16","slug":"magnitsky-eua-detonam-patrocinio-da-coca-cola-a-moraes","status":"publish","type":"post","link":"https:\/\/mspontocom.com.br\/site\/magnitsky-eua-detonam-patrocinio-da-coca-cola-a-moraes\/","title":{"rendered":"Magnitsky: EUA detonam patroc\u00ednio da Coca-Cola a Moraes"},"content":{"rendered":"<p style=\"text-align: justify;\"><img loading=\"lazy\" class=\"alignnone size-full wp-image-205223\" src=\"http:\/\/mspontocom.com.br\/site\/wp-content\/uploads\/2025\/11\/site-eua-reprovam-patrocinio-da-coca-cola-a-moraes-coca.png\" alt=\"\" width=\"878\" height=\"526\" srcset=\"https:\/\/mspontocom.com.br\/site\/wp-content\/uploads\/2025\/11\/site-eua-reprovam-patrocinio-da-coca-cola-a-moraes-coca.png 878w, https:\/\/mspontocom.com.br\/site\/wp-content\/uploads\/2025\/11\/site-eua-reprovam-patrocinio-da-coca-cola-a-moraes-coca-260x156.png 260w, https:\/\/mspontocom.com.br\/site\/wp-content\/uploads\/2025\/11\/site-eua-reprovam-patrocinio-da-coca-cola-a-moraes-coca-768x460.png 768w\" sizes=\"(max-width: 878px) 100vw, 878px\" \/>A Coca-Cola publicou nota em que justifica a presen\u00e7a do ministro Alexandre de Moraes, do STF\u00a0 <strong>punido pela Lei Magnitsky<\/strong>, em um congresso patrocinado pela marca.<\/p>\n<p style=\"text-align: justify;\">A empresa disse que \u201cn\u00e3o tem qualquer participa\u00e7\u00e3o na defini\u00e7\u00e3o da programa\u00e7\u00e3o ou na escolha dos palestrantes\u201d.<\/p>\n<blockquote><p><em>&#8220;No momento da confirma\u00e7\u00e3o do patroc\u00ednio institucional na edi\u00e7\u00e3o do Congresso, a empresa n\u00e3o foi informada sobre a lista de palestrantes. A empresa ou seus representantes n\u00e3o participaram do Congresso&#8221;<\/em><\/p><\/blockquote>\n<p style=\"text-align: justify;\">A presen\u00e7a do ministro fez com que um representante do alto escal\u00e3o do Departamento de Estado norte-americano ligasse para um executivo da Coca-Cola no pa\u00eds.<\/p>\n<p style=\"text-align: justify;\">O oficial do governo de Donald Trump\u00a0<strong> teria reprovado explicitamente o patroc\u00ednio<\/strong> da empresa ao 26\u00ba Congresso Nacional do Minist\u00e9rio P\u00fablico.<\/p>\n<p style=\"text-align: justify;\">O principal inc\u00f4modo do governo norte-americano seria o patroc\u00ednio de uma empresa sediada nos Estados Unidos a um evento com presen\u00e7a de um sancionado pela Lei Magnitsky.<\/p>\n<p style=\"text-align: justify;\">Moraes foi um dos oradores de destaque.<\/p>\n<p style=\"text-align: justify;\">O congresso se deu entre 11 e 14 de novembro, em Bras\u00edlia, e reuniu diversos integrantes do Minist\u00e9rio P\u00fablico brasileiro.<\/p>\n<p><i><b>Continue em nossa companhia em:<\/b><\/i> <a href=\"http:\/\/www.mspontocom.com.br\/\"><span style=\"color: #0000ff;\"><span style=\"font-family: Comic Sans MS, cursive;\"><span style=\"font-size: small;\"><u>www.mspontocom.com.br<\/u><\/span><\/span><\/span><\/a><\/p>\n","protected":false},"excerpt":{"rendered":"<p>A Coca-Cola publicou nota em que justifica a presen\u00e7a do ministro Alexandre de Moraes, do STF\u00a0 punido pela Lei Magnitsky, em um congresso patrocinado pela marca. A empresa disse que \u201cn\u00e3o tem qualquer participa\u00e7\u00e3o na defini\u00e7\u00e3o da programa\u00e7\u00e3o ou na escolha dos palestrantes\u201d. &#8220;No momento da confirma\u00e7\u00e3o do patroc\u00ednio institucional na edi\u00e7\u00e3o do Congresso, a [&hellip;]<\/p>\n","protected":false},"author":2,"featured_media":205223,"comment_status":"open","ping_status":"open","sticky":false,"template":"","format":"standard","meta":{"_monsterinsights_skip_tracking":false,"_monsterinsights_sitenote_active":false,"_monsterinsights_sitenote_note":"","_monsterinsights_sitenote_category":0},"categories":[2528,7,12],"tags":[1445,42880,1539,43374,35247,3682],"aioseo_notices":[],"_links":{"self":[{"href":"https:\/\/mspontocom.com.br\/site\/wp-json\/wp\/v2\/posts\/205213"}],"collection":[{"href":"https:\/\/mspontocom.com.br\/site\/wp-json\/wp\/v2\/posts"}],"about":[{"href":"https:\/\/mspontocom.com.br\/site\/wp-json\/wp\/v2\/types\/post"}],"author":[{"embeddable":true,"href":"https:\/\/mspontocom.com.br\/site\/wp-json\/wp\/v2\/users\/2"}],"replies":[{"embeddable":true,"href":"https:\/\/mspontocom.com.br\/site\/wp-json\/wp\/v2\/comments?post=205213"}],"version-history":[{"count":2,"href":"https:\/\/mspontocom.com.br\/site\/wp-json\/wp\/v2\/posts\/205213\/revisions"}],"predecessor-version":[{"id":205224,"href":"https:\/\/mspontocom.com.br\/site\/wp-json\/wp\/v2\/posts\/205213\/revisions\/205224"}],"wp:featuredmedia":[{"embeddable":true,"href":"https:\/\/mspontocom.com.br\/site\/wp-json\/wp\/v2\/media\/205223"}],"wp:attachment":[{"href":"https:\/\/mspontocom.com.br\/site\/wp-json\/wp\/v2\/media?parent=205213"}],"wp:term":[{"taxonomy":"category","embeddable":true,"href":"https:\/\/mspontocom.com.br\/site\/wp-json\/wp\/v2\/categories?post=205213"},{"taxonomy":"post_tag","embeddable":true,"href":"https:\/\/mspontocom.com.br\/site\/wp-json\/wp\/v2\/tags?post=205213"}],"curies":[{"name":"wp","href":"https:\/\/api.w.org\/{rel}","templated":true}]}}