{"id":205234,"date":"2025-11-28T04:54:55","date_gmt":"2025-11-28T08:54:55","guid":{"rendered":"https:\/\/mspontocom.com.br\/site\/?p=205234"},"modified":"2025-11-28T07:05:17","modified_gmt":"2025-11-28T11:05:17","slug":"gestao-de-campo-grande-e-premiada-por-excelencia-em-politicas-publicas","status":"publish","type":"post","link":"https:\/\/mspontocom.com.br\/site\/gestao-de-campo-grande-e-premiada-por-excelencia-em-politicas-publicas\/","title":{"rendered":"Gest\u00e3o de Campo Grande \u00e9 premiada por excel\u00eancia em pol\u00edticas p\u00fablicas"},"content":{"rendered":"<p style=\"text-align: justify;\"><img loading=\"lazy\" class=\"alignnone size-full wp-image-205235\" src=\"http:\/\/mspontocom.com.br\/site\/wp-content\/uploads\/2025\/11\/site-gestao-de-campo-grande-e-premiada-por-excelencia-em-politicas-publicas-pmcg.jpeg\" alt=\"\" width=\"700\" height=\"499\" srcset=\"https:\/\/mspontocom.com.br\/site\/wp-content\/uploads\/2025\/11\/site-gestao-de-campo-grande-e-premiada-por-excelencia-em-politicas-publicas-pmcg.jpeg 700w, https:\/\/mspontocom.com.br\/site\/wp-content\/uploads\/2025\/11\/site-gestao-de-campo-grande-e-premiada-por-excelencia-em-politicas-publicas-pmcg-260x185.jpeg 260w\" sizes=\"(max-width: 700px) 100vw, 700px\" \/>A Prefeitura de Campo Grande participou na quarta-feira (26) da cerim\u00f4nia do Pr\u00eamio Qualidade da Gest\u00e3o MS, na categoria \u201cPrimeiros Passos para a Excel\u00eancia\u201d.<\/p>\n<p style=\"text-align: justify;\">Com pol\u00edticas p\u00fablicas em educa\u00e7\u00e3o, sa\u00fade, infraestrutura e gest\u00e3o fiscal, Campo Grande vem acumulando importantes conquistas.<\/p>\n<p style=\"text-align: justify;\">Em 2021, foi a primeira capital brasileira certificada pelo Minist\u00e9rio da Economia com o N\u00edvel de Maturidade da Gest\u00e3o (IMG-Tr).<\/p>\n<p style=\"text-align: justify;\">No ano seguinte, ampliou sua pontua\u00e7\u00e3o no \u00cdndice de Maturidade de Governan\u00e7a e Gest\u00e3o (IMGG), reafirmando o compromisso com a melhoria cont\u00ednua.<\/p>\n<p style=\"text-align: justify;\">Para o superintendente da Seppe, Jonas Modena, a participa\u00e7\u00e3o no pr\u00eamio representa um passo estrat\u00e9gico.<\/p>\n<blockquote><p><em>\u201cA Prefeitura decidiu participar pela primeira vez do Pr\u00eamio Qualidade da Gest\u00e3o porque compreender e diagnosticar o modelo de gest\u00e3o \u00e9 essencial para evoluir. \u00c9 conhecendo os pontos fortes e as oportunidades de melhoria que avan\u00e7amos.\u201d<\/em><\/p><\/blockquote>\n<p style=\"text-align: justify;\">Com a meta de se consolidar como hub log\u00edstico da Rota Bioce\u00e2nica, Campo Grande aposta em um planejamento estrat\u00e9gico integrado e padronizado, voltado ao aprimoramento de processos e \u00e0 amplia\u00e7\u00e3o das entregas de valor p\u00fablico.<\/p>\n<p style=\"text-align: justify;\">O Pr\u00eamio Excel\u00eancia em Gest\u00e3o, considerado o \u201cOscar da Gest\u00e3o\u201d, completa 21 anos em 2025 e amplia seu escopo para cinco categorias, valorizando institui\u00e7\u00f5es que impulsionam competitividade, inova\u00e7\u00e3o e governan\u00e7a em Mato Grosso do Sul.<\/p>\n<p style=\"text-align: justify;\">O reconhecimento recebido reafirma o avan\u00e7o da gest\u00e3o municipal e o compromisso de Campo Grande com governan\u00e7a, planejamento e transpar\u00eancia, pilares que fazem da Capital refer\u00eancia nacional em qualidade de vida e efici\u00eancia p\u00fablica.<\/p>\n<p style=\"text-align: justify;\"><i><b>Continue em nossa companhia em:<\/b><\/i> <a href=\"http:\/\/www.mspontocom.com.br\/\"><span style=\"color: #0000ff;\"><span style=\"font-family: Comic Sans MS, cursive;\"><span style=\"font-size: small;\"><u>www.mspontocom.com.br<\/u><\/span><\/span><\/span><\/a><\/p>\n","protected":false},"excerpt":{"rendered":"<p>A Prefeitura de Campo Grande participou na quarta-feira (26) da cerim\u00f4nia do Pr\u00eamio Qualidade da Gest\u00e3o MS, na categoria \u201cPrimeiros Passos para a Excel\u00eancia\u201d. Com pol\u00edticas p\u00fablicas em educa\u00e7\u00e3o, sa\u00fade, infraestrutura e gest\u00e3o fiscal, Campo Grande vem acumulando importantes conquistas. Em 2021, foi a primeira capital brasileira certificada pelo Minist\u00e9rio da Economia com o N\u00edvel [&hellip;]<\/p>\n","protected":false},"author":2,"featured_media":205235,"comment_status":"open","ping_status":"open","sticky":false,"template":"","format":"standard","meta":{"_monsterinsights_skip_tracking":false,"_monsterinsights_sitenote_active":false,"_monsterinsights_sitenote_note":"","_monsterinsights_sitenote_category":0},"categories":[4328],"tags":[123,34499,931,675,24667],"aioseo_notices":[],"_links":{"self":[{"href":"https:\/\/mspontocom.com.br\/site\/wp-json\/wp\/v2\/posts\/205234"}],"collection":[{"href":"https:\/\/mspontocom.com.br\/site\/wp-json\/wp\/v2\/posts"}],"about":[{"href":"https:\/\/mspontocom.com.br\/site\/wp-json\/wp\/v2\/types\/post"}],"author":[{"embeddable":true,"href":"https:\/\/mspontocom.com.br\/site\/wp-json\/wp\/v2\/users\/2"}],"replies":[{"embeddable":true,"href":"https:\/\/mspontocom.com.br\/site\/wp-json\/wp\/v2\/comments?post=205234"}],"version-history":[{"count":1,"href":"https:\/\/mspontocom.com.br\/site\/wp-json\/wp\/v2\/posts\/205234\/revisions"}],"predecessor-version":[{"id":205236,"href":"https:\/\/mspontocom.com.br\/site\/wp-json\/wp\/v2\/posts\/205234\/revisions\/205236"}],"wp:featuredmedia":[{"embeddable":true,"href":"https:\/\/mspontocom.com.br\/site\/wp-json\/wp\/v2\/media\/205235"}],"wp:attachment":[{"href":"https:\/\/mspontocom.com.br\/site\/wp-json\/wp\/v2\/media?parent=205234"}],"wp:term":[{"taxonomy":"category","embeddable":true,"href":"https:\/\/mspontocom.com.br\/site\/wp-json\/wp\/v2\/categories?post=205234"},{"taxonomy":"post_tag","embeddable":true,"href":"https:\/\/mspontocom.com.br\/site\/wp-json\/wp\/v2\/tags?post=205234"}],"curies":[{"name":"wp","href":"https:\/\/api.w.org\/{rel}","templated":true}]}}