{"id":205299,"date":"2025-12-01T05:11:26","date_gmt":"2025-12-01T09:11:26","guid":{"rendered":"https:\/\/mspontocom.com.br\/site\/?p=205299"},"modified":"2025-12-01T08:19:04","modified_gmt":"2025-12-01T12:19:04","slug":"campanha-alimente-a-esperanca-arrecada-donativos-em-ms-participe","status":"publish","type":"post","link":"https:\/\/mspontocom.com.br\/site\/campanha-alimente-a-esperanca-arrecada-donativos-em-ms-participe\/","title":{"rendered":"Campanha \u201cAlimente a Esperan\u00e7a\u201d arrecada donativos em MS. PARTICIPE"},"content":{"rendered":"<p style=\"text-align: justify;\"><img loading=\"lazy\" class=\"alignnone size-full wp-image-205300\" src=\"http:\/\/mspontocom.com.br\/site\/wp-content\/uploads\/2025\/12\/site-campanha-alimente-a-esperanca-arrecada-donativos-em-ms-comper.jpg\" alt=\"\" width=\"916\" height=\"768\" srcset=\"https:\/\/mspontocom.com.br\/site\/wp-content\/uploads\/2025\/12\/site-campanha-alimente-a-esperanca-arrecada-donativos-em-ms-comper.jpg 916w, https:\/\/mspontocom.com.br\/site\/wp-content\/uploads\/2025\/12\/site-campanha-alimente-a-esperanca-arrecada-donativos-em-ms-comper-260x218.jpg 260w, https:\/\/mspontocom.com.br\/site\/wp-content\/uploads\/2025\/12\/site-campanha-alimente-a-esperanca-arrecada-donativos-em-ms-comper-768x644.jpg 768w\" sizes=\"(max-width: 916px) 100vw, 916px\" \/>Com a chegada do fim de ano, cresce a mobiliza\u00e7\u00e3o de empresas e organiza\u00e7\u00f5es em torno de iniciativas voltadas \u00e0 solidariedade.<\/p>\n<p style=\"text-align: justify;\">\u00c9 um per\u00edodo marcado por celebra\u00e7\u00f5es, mas tamb\u00e9m por desafios para muitas fam\u00edlias que enfrentam dificuldades para garantir itens b\u00e1sicos da alimenta\u00e7\u00e3o.<\/p>\n<p style=\"text-align: justify;\">Nesse cen\u00e1rio, o Grupo Pereira promove a campanha \u201cAlimente a Esperan\u00e7a\u201d<\/p>\n<p style=\"text-align: justify;\">Em 2025, a campanha acontece de 15 de novembro a 24 de dezembro e envolve 14 lojas em Campo Grande e uma em Dourados, beneficiando 15 institui\u00e7\u00f5es que atuam em \u00e1reas como sa\u00fade, inf\u00e2ncia, mulheres, pessoas em situa\u00e7\u00e3o de rua, inclus\u00e3o social e apoio comunit\u00e1rio.<\/p>\n<p style=\"text-align: justify;\"><strong>Institui\u00e7\u00f5es beneficiadas pela campanha \u201cAlimente a Esperan\u00e7a\u201d<\/strong><\/p>\n<p style=\"text-align: justify;\">Em Campo Grande, o\u00a0<strong>Comper S\u00e3o Francisco<\/strong>\u00a0adotou a Casa de Apoio aos Moradores de Rua S\u00e3o Francisco de Assis, que oferece abrigo e assist\u00eancia \u00e0 popula\u00e7\u00e3o em situa\u00e7\u00e3o de rua, com apoio social, m\u00e9dico e reintegra\u00e7\u00e3o comunit\u00e1ria.<\/p>\n<p style=\"text-align: justify;\">O\u00a0<strong>Comper Rui Barbosa<\/strong>\u00a0apadrinhou a Associa\u00e7\u00e3o Juliano Varella, dedicada ao atendimento de pessoas com defici\u00eancia intelectual e m\u00faltipla, especializada em S\u00edndrome de Down, Autismo e Microcefalia.<\/p>\n<p style=\"text-align: justify;\">O\u00a0<strong>Comper Jardim dos Estados<\/strong>\u00a0apoia a Estrela Branca Trabalho Social, que atende fam\u00edlias em situa\u00e7\u00e3o de vulnerabilidade social.<\/p>\n<p style=\"text-align: justify;\">J\u00e1 o\u00a0<strong>Comper Yp\u00ea Center<\/strong>\u00a0adotou a OSC Casa de Maria, que mant\u00e9m creche e projetos sociais voltados para crian\u00e7as e adolescentes de 0 a 15 anos.<\/p>\n<p style=\"text-align: justify;\">O\u00a0<strong>Comper Tamandar\u00e9<\/strong>\u00a0apadrinhou o Instituto Man\u00e1 do C\u00e9u para os Povos \u2013 Resgatando Vidas, que atua na inclus\u00e3o social, defesa dos direitos humanos e combate \u00e0 mis\u00e9ria, preconceito e viol\u00eancia em comunidades perif\u00e9ricas de Campo Grande, especialmente no Anhaduizinho\/Jardim Canguru.<\/p>\n<p style=\"text-align: justify;\">O\u00a0<strong>Comper Brilhante<\/strong>\u00a0adotou a Assomat \u2013 Associa\u00e7\u00e3o Sul-mato-grossense de Amparo \u00e0 Crian\u00e7a e ao Adolescente, que desenvolve projeto social na comunidade do Jardim Leblon com atendimento em contraturno escolar para crian\u00e7as e adolescentes de 6 a 15 anos.<\/p>\n<p style=\"text-align: justify;\">O\u00a0<strong>Comper Tijuca<\/strong>\u00a0apadrinhou a Casa Lar \u2013 Grupo A\u00e7\u00e3o Humanit\u00e1ria, que acolhe pessoas em vulnerabilidade, distribui alimentos e promove capacita\u00e7\u00e3o comunit\u00e1ria.<\/p>\n<p style=\"text-align: justify;\">O\u00a0<strong>Comper Euler<\/strong>\u00a0adotou a Escola de M\u00e3es Luz, que trabalha o empoderamento feminino, autoestima e sa\u00fade mental.<\/p>\n<p style=\"text-align: justify;\">O\u00a0<strong>Comper Sp\u00edpe Calarge<\/strong>\u00a0apoia o projeto Ajudar Faz Bem \u2013 Bondade e Compaix\u00e3o, que realiza campanhas de arrecada\u00e7\u00e3o de alimentos, roupas e cobertores para fam\u00edlias em vulnerabilidade.<\/p>\n<p style=\"text-align: justify;\">O\u00a0<strong>Comper Itanhang\u00e1<\/strong>\u00a0apadrinhou o Ideps \u2013 Instituto de Desenvolvimento Pr\u00f3-Social, que atua na defesa de direitos sociais, desenvolvimento comunit\u00e1rio e promo\u00e7\u00e3o da cidadania.<\/p>\n<p style=\"text-align: justify;\">O\u00a0<strong>Fort Atacadista Pra\u00e7a do Papa<\/strong>\u00a0adotou o Amigos do Chit\u00e3o \u2013 Associa\u00e7\u00e3o de Apoio a Pacientes com C\u00e2ncer, que oferece casas de apoio em Campo Grande e Barretos para pacientes em tratamento.<\/p>\n<p style=\"text-align: justify;\">O\u00a0<strong>Fort Atacadista Norte Sul<\/strong>\u00a0apadrinhou o Ibiss-Co junto \u00e0 Associa\u00e7\u00e3o das Mulheres da Favela MS, que promove a defesa dos direitos humanos e o fortalecimento comunit\u00e1rio.<\/p>\n<p style=\"text-align: justify;\">O\u00a0<strong>Fort Atacadista Tr\u00eas Barras<\/strong>\u00a0adotou o Ited \u2013 Instituto Tenda do Encontro da Doa\u00e7\u00e3o, que desenvolve projetos voltados para inclus\u00e3o social e desenvolvimento humano, unindo educa\u00e7\u00e3o, tecnologia, sustentabilidade e cidadania.<\/p>\n<p style=\"text-align: justify;\">O\u00a0<strong>Fort Atacadista Cafezais<\/strong>\u00a0apoia a Associa\u00e7\u00e3o Magma \u2013 Movimento de Associadas Gestantes e Mulheres em A\u00e7\u00e3o, que h\u00e1 mais de 20 anos auxilia mulheres e fam\u00edlias em vulnerabilidade.<\/p>\n<p style=\"text-align: justify;\">Em Dourados, o\u00a0<strong>Comper Dourados<\/strong>\u00a0adotou a Casa da Esperan\u00e7a Comunidade Terap\u00eautica, que acolhe e promove a recupera\u00e7\u00e3o de dependentes de \u00e1lcool e drogas, oferecendo ambiente protegido para manuten\u00e7\u00e3o da abstin\u00eancia e incentivo a um estilo de vida saud\u00e1vel.<\/p>\n<p style=\"text-align: justify;\">\n<p style=\"text-align: justify;\"><span style=\"font-size: 18pt;\"><strong>Servi\u00e7o \u2013 Campanha\u00a0<\/strong><strong><em>Alimente a Esperan\u00e7a<\/em><\/strong><\/span><\/p>\n<p style=\"text-align: justify;\">Per\u00edodo: 15 de novembro a 24 de dezembro de 2025<\/p>\n<p style=\"text-align: justify;\">Lojas participantes: 14 unidades em Campo Grande e 1 em Dourados<\/p>\n<p style=\"text-align: justify;\">S\u00e3o aceitos alimentos n\u00e3o perec\u00edveis, exceto sal.<\/p>\n<p style=\"text-align: justify;\">Comper S\u00e3o Francisco \u2013 Casa de Apoio aos Moradores de Rua S\u00e3o Francisco Assis (<a href=\"https:\/\/www.instagram.com\/casadeapoiosaofrancisco\/\" target=\"_blank\" rel=\"noopener\" data-saferedirecturl=\"https:\/\/www.google.com\/url?q=https:\/\/www.instagram.com\/casadeapoiosaofrancisco\/&amp;source=gmail&amp;ust=1764676801085000&amp;usg=AOvVaw3S5iwacwwPz8ruthFAWqFV\">@casadeapoiosaofrancisco<\/a>)<br \/>\nComper Rui Barbosa \u2013 Associa\u00e7\u00e3o Juliano Varella (<a href=\"https:\/\/www.instagram.com\/sindromededownbr\/\" target=\"_blank\" rel=\"noopener\" data-saferedirecturl=\"https:\/\/www.google.com\/url?q=https:\/\/www.instagram.com\/sindromededownbr\/&amp;source=gmail&amp;ust=1764676801085000&amp;usg=AOvVaw29zPEeAjB5drGYQx8LRV2O\">@sindromededownbr<\/a>)<br \/>\nComper Jardim dos Estados \u2013 Estrela Branca Trabalho Social (<a href=\"https:\/\/www.instagram.com\/estrelabrancacg\/\" target=\"_blank\" rel=\"noopener\" data-saferedirecturl=\"https:\/\/www.google.com\/url?q=https:\/\/www.instagram.com\/estrelabrancacg\/&amp;source=gmail&amp;ust=1764676801085000&amp;usg=AOvVaw0WeQDRjFRkQXyj00ve66N2\">@estrelabrancacg<\/a>)<br \/>\nComper Yp\u00ea Center \u2013 OSC Casa de Maria (<a href=\"https:\/\/www.instagram.com\/osccasademaria\/\" target=\"_blank\" rel=\"noopener\" data-saferedirecturl=\"https:\/\/www.google.com\/url?q=https:\/\/www.instagram.com\/osccasademaria\/&amp;source=gmail&amp;ust=1764676801085000&amp;usg=AOvVaw0XjsqIsflAW2dvZO6XULyE\">@osccasademaria<\/a>)<br \/>\nComper Tamandar\u00e9 \u2013 Instituto Man\u00e1 do C\u00e9u (<a href=\"https:\/\/www.instagram.com\/ongmanadoceu\/\" target=\"_blank\" rel=\"noopener\" data-saferedirecturl=\"https:\/\/www.google.com\/url?q=https:\/\/www.instagram.com\/ongmanadoceu\/&amp;source=gmail&amp;ust=1764676801085000&amp;usg=AOvVaw3Om1Mcqw0TBMuY1RuCDgUD\">@ongmanadoceu<\/a>)<br \/>\nComper Brilhante \u2013 Assomat (<a href=\"https:\/\/www.instagram.com\/assomat_cgms\/\" target=\"_blank\" rel=\"noopener\" data-saferedirecturl=\"https:\/\/www.google.com\/url?q=https:\/\/www.instagram.com\/assomat_cgms\/&amp;source=gmail&amp;ust=1764676801085000&amp;usg=AOvVaw2Zf6wcrY0Sv8Ic8v1LVrON\">@assomat_cgms<\/a>)<br \/>\nComper Tijuca \u2013 Casa Lar \u2013 Grupo A\u00e7\u00e3o Humanit\u00e1ria (<a href=\"https:\/\/www.instagram.com\/acao.humanitaria\/\" target=\"_blank\" rel=\"noopener\" data-saferedirecturl=\"https:\/\/www.google.com\/url?q=https:\/\/www.instagram.com\/acao.humanitaria\/&amp;source=gmail&amp;ust=1764676801085000&amp;usg=AOvVaw2igADeMcwHjFuJXYZbC3gc\">@acao.humanitaria<\/a>)<br \/>\nComper Euler \u2013 Escola de M\u00e3es Luz (<a href=\"https:\/\/www.instagram.com\/escolademaesluz\/\" target=\"_blank\" rel=\"noopener\" data-saferedirecturl=\"https:\/\/www.google.com\/url?q=https:\/\/www.instagram.com\/escolademaesluz\/&amp;source=gmail&amp;ust=1764676801085000&amp;usg=AOvVaw3lmdm64NEHjkOgDWtoZmqh\">@escolademaesluz<\/a>)<br \/>\nComper Sp\u00edpe Calarge \u2013 Ajudar Faz Bem \u2013 Bondade e Compaix\u00e3o (<a href=\"https:\/\/www.instagram.com\/ajudarfazbemcg\/\" target=\"_blank\" rel=\"noopener\" data-saferedirecturl=\"https:\/\/www.google.com\/url?q=https:\/\/www.instagram.com\/ajudarfazbemcg\/&amp;source=gmail&amp;ust=1764676801085000&amp;usg=AOvVaw1tdQj5YpJr4Z9ovam3na4U\">@ajudarfazbemcg<\/a>)<br \/>\nComper Itanhang\u00e1 \u2013 Ideps \u2013 Instituto de Desenvolvimento Pr\u00f3-Social (<a href=\"https:\/\/www.instagram.com\/idepsms\/\" target=\"_blank\" rel=\"noopener\" data-saferedirecturl=\"https:\/\/www.google.com\/url?q=https:\/\/www.instagram.com\/idepsms\/&amp;source=gmail&amp;ust=1764676801085000&amp;usg=AOvVaw1L-e-HRxqe-ZEc3ECDKv6T\">@idepsms<\/a>)<br \/>\nFort Atacadista Pra\u00e7a do Papa \u2013 Amigos do Chit\u00e3o \u2013 Associa\u00e7\u00e3o de Apoio a Pacientes com C\u00e2ncer (<a href=\"https:\/\/www.instagram.com\/centrodeapoio.amigosdochitao\/\" target=\"_blank\" rel=\"noopener\" data-saferedirecturl=\"https:\/\/www.google.com\/url?q=https:\/\/www.instagram.com\/centrodeapoio.amigosdochitao\/&amp;source=gmail&amp;ust=1764676801085000&amp;usg=AOvVaw1ZiuO7aXXZkLQyzdg-Io8h\">@centrodeapoio.amigosdochitao<\/a><wbr \/>)<br \/>\nFort Atacadista Norte Sul \u2013 Ibiss-Co + Associa\u00e7\u00e3o das Mulheres da Favela MS (<a href=\"https:\/\/www.instagram.com\/ibiss.co\/\" target=\"_blank\" rel=\"noopener\" data-saferedirecturl=\"https:\/\/www.google.com\/url?q=https:\/\/www.instagram.com\/ibiss.co\/&amp;source=gmail&amp;ust=1764676801085000&amp;usg=AOvVaw23tafMvQgjayIsBbUhyU5v\">@ibiss.co<\/a>)<br \/>\nFort Atacadista Tr\u00eas Barras \u2013 Ited \u2013 Instituto Tenda do Encontro da Doa\u00e7\u00e3o (<a href=\"https:\/\/www.instagram.com\/instistuicaotendadadoacaoited\/\" target=\"_blank\" rel=\"noopener\" data-saferedirecturl=\"https:\/\/www.google.com\/url?q=https:\/\/www.instagram.com\/instistuicaotendadadoacaoited\/&amp;source=gmail&amp;ust=1764676801085000&amp;usg=AOvVaw13pOf7E4LKCeqLkgSSigD9\">@<wbr \/>instistuicaotendadadoacaoited<\/a>)<br \/>\nFort Atacadista Cafezais \u2013 Associa\u00e7\u00e3o Magma (<a href=\"https:\/\/www.instagram.com\/instituicaomagma\/\" target=\"_blank\" rel=\"noopener\" data-saferedirecturl=\"https:\/\/www.google.com\/url?q=https:\/\/www.instagram.com\/instituicaomagma\/&amp;source=gmail&amp;ust=1764676801085000&amp;usg=AOvVaw0AgQWu_2tlOu166zgKRWBU\">@instituicaomagma<\/a>)<br \/>\nComper Dourados \u2013 Casa da Esperan\u00e7a Comunidade Terap\u00eautica (<a href=\"https:\/\/www.instagram.com\/casadaesperanca.dourados\/\" target=\"_blank\" rel=\"noopener\" data-saferedirecturl=\"https:\/\/www.google.com\/url?q=https:\/\/www.instagram.com\/casadaesperanca.dourados\/&amp;source=gmail&amp;ust=1764676801085000&amp;usg=AOvVaw0_jrMPjkHr3x5ZW1G_g_YP\">@casadaesperanca.dourados<\/a>)<\/p>\n<p>&nbsp;<\/p>\n<p><i><b>Continue em nossa companhia em:<\/b><\/i> <a href=\"http:\/\/www.mspontocom.com.br\/\"><span style=\"color: #0000ff;\"><span style=\"font-family: Comic Sans MS, cursive;\"><span style=\"font-size: small;\"><u>www.mspontocom.com.br<\/u><\/span><\/span><\/span><\/a><\/p>\n","protected":false},"excerpt":{"rendered":"<p>Com a chegada do fim de ano, cresce a mobiliza\u00e7\u00e3o de empresas e organiza\u00e7\u00f5es em torno de iniciativas voltadas \u00e0 solidariedade. \u00c9 um per\u00edodo marcado por celebra\u00e7\u00f5es, mas tamb\u00e9m por desafios para muitas fam\u00edlias que enfrentam dificuldades para garantir itens b\u00e1sicos da alimenta\u00e7\u00e3o. Nesse cen\u00e1rio, o Grupo Pereira promove a campanha \u201cAlimente a Esperan\u00e7a\u201d Em [&hellip;]<\/p>\n","protected":false},"author":2,"featured_media":205300,"comment_status":"open","ping_status":"open","sticky":false,"template":"","format":"standard","meta":{"_monsterinsights_skip_tracking":false,"_monsterinsights_sitenote_active":false,"_monsterinsights_sitenote_note":"","_monsterinsights_sitenote_category":0},"categories":[4328],"tags":[43956,1096,81],"aioseo_notices":[],"_links":{"self":[{"href":"https:\/\/mspontocom.com.br\/site\/wp-json\/wp\/v2\/posts\/205299"}],"collection":[{"href":"https:\/\/mspontocom.com.br\/site\/wp-json\/wp\/v2\/posts"}],"about":[{"href":"https:\/\/mspontocom.com.br\/site\/wp-json\/wp\/v2\/types\/post"}],"author":[{"embeddable":true,"href":"https:\/\/mspontocom.com.br\/site\/wp-json\/wp\/v2\/users\/2"}],"replies":[{"embeddable":true,"href":"https:\/\/mspontocom.com.br\/site\/wp-json\/wp\/v2\/comments?post=205299"}],"version-history":[{"count":1,"href":"https:\/\/mspontocom.com.br\/site\/wp-json\/wp\/v2\/posts\/205299\/revisions"}],"predecessor-version":[{"id":205301,"href":"https:\/\/mspontocom.com.br\/site\/wp-json\/wp\/v2\/posts\/205299\/revisions\/205301"}],"wp:featuredmedia":[{"embeddable":true,"href":"https:\/\/mspontocom.com.br\/site\/wp-json\/wp\/v2\/media\/205300"}],"wp:attachment":[{"href":"https:\/\/mspontocom.com.br\/site\/wp-json\/wp\/v2\/media?parent=205299"}],"wp:term":[{"taxonomy":"category","embeddable":true,"href":"https:\/\/mspontocom.com.br\/site\/wp-json\/wp\/v2\/categories?post=205299"},{"taxonomy":"post_tag","embeddable":true,"href":"https:\/\/mspontocom.com.br\/site\/wp-json\/wp\/v2\/tags?post=205299"}],"curies":[{"name":"wp","href":"https:\/\/api.w.org\/{rel}","templated":true}]}}