{"id":205323,"date":"2025-12-02T04:04:28","date_gmt":"2025-12-02T08:04:28","guid":{"rendered":"https:\/\/mspontocom.com.br\/site\/?p=205323"},"modified":"2025-12-02T06:50:20","modified_gmt":"2025-12-02T10:50:20","slug":"natal-nos-bairros-campo-grande-da-inicio-a-programacao-itinerante","status":"publish","type":"post","link":"https:\/\/mspontocom.com.br\/site\/natal-nos-bairros-campo-grande-da-inicio-a-programacao-itinerante\/","title":{"rendered":"Natal nos Bairros: Campo Grande d\u00e1 in\u00edcio a programa\u00e7\u00e3o itinerante"},"content":{"rendered":"<div id=\"attachment_205324\" style=\"width: 850px\" class=\"wp-caption alignnone\"><img aria-describedby=\"caption-attachment-205324\" loading=\"lazy\" class=\"size-full wp-image-205324\" src=\"http:\/\/mspontocom.com.br\/site\/wp-content\/uploads\/2025\/12\/site-natal-nos-bairros-campo-grande-da-inicio-a-programacao-itinerante-de-2025-papai-noel.jpg\" alt=\"\" width=\"840\" height=\"560\" srcset=\"https:\/\/mspontocom.com.br\/site\/wp-content\/uploads\/2025\/12\/site-natal-nos-bairros-campo-grande-da-inicio-a-programacao-itinerante-de-2025-papai-noel.jpg 840w, https:\/\/mspontocom.com.br\/site\/wp-content\/uploads\/2025\/12\/site-natal-nos-bairros-campo-grande-da-inicio-a-programacao-itinerante-de-2025-papai-noel-260x173.jpg 260w, https:\/\/mspontocom.com.br\/site\/wp-content\/uploads\/2025\/12\/site-natal-nos-bairros-campo-grande-da-inicio-a-programacao-itinerante-de-2025-papai-noel-768x512.jpg 768w\" sizes=\"(max-width: 840px) 100vw, 840px\" \/><p id=\"caption-attachment-205324\" class=\"wp-caption-text\">Foto Cleiton Thiele\/SerraPress<\/p><\/div>\n<p style=\"text-align: justify;\">Campo Grande j\u00e1 est\u00e1 tomada\u00a0 da \u00e9poca mais iluminada do ano e a magia do Natal come\u00e7a agora a ganhar cada canto da cidade.<\/p>\n<p style=\"text-align: justify;\">Depois de uma abertura oficial no \u00faltimo fim de semana, quando mais de dez mil pessoas transformaram o Centro em um grande palco de celebra\u00e7\u00e3o, chega o momento de levar esse brilho para ainda mais perto das fam\u00edlias: <strong>o Natal nos Bairros.<\/strong><\/p>\n<p style=\"text-align: justify;\">Tem in\u00edcio nesta ter\u00e7a-feira, 02 de dezembro, a primeira edi\u00e7\u00e3o 2025 descentralizada em Campo Grande, das 18h \u00e0s 19h30, no Parque Jacques da Luz, na Vila Moreninha III.<\/p>\n<p style=\"text-align: justify;\">A programa\u00e7\u00e3o leva a Regi\u00e3o Bandeira muita m\u00fasica, alegria, personagens e muita fantasia para a comunidade.<\/p>\n<p style=\"text-align: justify;\">A programa\u00e7\u00e3o segue no decorrer no Jardim Vida Nova e Distritos de Anhandu\u00ed e Rochedinho.<\/p>\n<p style=\"text-align: justify;\">Para as crian\u00e7as e para as fam\u00edlias, o Natal nos Bairros \u00e9 um convite \u00e0 imagina\u00e7\u00e3o: personagens l\u00fadicos, luzes, m\u00fasica e apresenta\u00e7\u00f5es culturais transformam os espa\u00e7os p\u00fablicos em cen\u00e1rios de sonhos, onde a fantasia ganha vida diante dos olhos de quem acredita na beleza dessa \u00e9poca.<\/p>\n<p style=\"text-align: justify;\">Ao longo de todo o m\u00eas, Campo Grande recebe uma programa\u00e7\u00e3o repleta de atra\u00e7\u00f5es distribu\u00eddas por pra\u00e7as, escolas, centros de conviv\u00eancia e espa\u00e7os culturais, com paradas natalinas di\u00e1rias, espet\u00e1culos gratuitos de circo, apresenta\u00e7\u00f5es de dan\u00e7a, coral, orquestra, visitas da Rena e do Ted.<\/p>\n<p style=\"text-align: justify;\">Al\u00e9m disso, a programa\u00e7\u00e3o conta com shows nacionais, sorteios de moradia e um Natal na Pra\u00e7a\u00a0 todas as noites.<\/p>\n<p style=\"text-align: justify;\">A festa segue at\u00e9 o dia 31 de dezembro, encerrando o ano com m\u00fasica, brilho e a grande celebra\u00e7\u00e3o da virada.<\/p>\n<p style=\"text-align: justify;\"><i><b>Continue em nossa companhia em:<\/b><\/i> <a href=\"http:\/\/www.mspontocom.com.br\/\"><span style=\"color: #0000ff;\"><span style=\"font-family: Comic Sans MS, cursive;\"><span style=\"font-size: small;\"><u>www.mspontocom.com.br<\/u><\/span><\/span><\/span><\/a><\/p>\n","protected":false},"excerpt":{"rendered":"<p>Campo Grande j\u00e1 est\u00e1 tomada\u00a0 da \u00e9poca mais iluminada do ano e a magia do Natal come\u00e7a agora a ganhar cada canto da cidade. Depois de uma abertura oficial no \u00faltimo fim de semana, quando mais de dez mil pessoas transformaram o Centro em um grande palco de celebra\u00e7\u00e3o, chega o momento de levar esse [&hellip;]<\/p>\n","protected":false},"author":2,"featured_media":205324,"comment_status":"open","ping_status":"open","sticky":false,"template":"","format":"standard","meta":{"_monsterinsights_skip_tracking":false,"_monsterinsights_sitenote_active":false,"_monsterinsights_sitenote_note":"","_monsterinsights_sitenote_category":0},"categories":[4328],"tags":[123,43959,43960],"aioseo_notices":[],"_links":{"self":[{"href":"https:\/\/mspontocom.com.br\/site\/wp-json\/wp\/v2\/posts\/205323"}],"collection":[{"href":"https:\/\/mspontocom.com.br\/site\/wp-json\/wp\/v2\/posts"}],"about":[{"href":"https:\/\/mspontocom.com.br\/site\/wp-json\/wp\/v2\/types\/post"}],"author":[{"embeddable":true,"href":"https:\/\/mspontocom.com.br\/site\/wp-json\/wp\/v2\/users\/2"}],"replies":[{"embeddable":true,"href":"https:\/\/mspontocom.com.br\/site\/wp-json\/wp\/v2\/comments?post=205323"}],"version-history":[{"count":1,"href":"https:\/\/mspontocom.com.br\/site\/wp-json\/wp\/v2\/posts\/205323\/revisions"}],"predecessor-version":[{"id":205325,"href":"https:\/\/mspontocom.com.br\/site\/wp-json\/wp\/v2\/posts\/205323\/revisions\/205325"}],"wp:featuredmedia":[{"embeddable":true,"href":"https:\/\/mspontocom.com.br\/site\/wp-json\/wp\/v2\/media\/205324"}],"wp:attachment":[{"href":"https:\/\/mspontocom.com.br\/site\/wp-json\/wp\/v2\/media?parent=205323"}],"wp:term":[{"taxonomy":"category","embeddable":true,"href":"https:\/\/mspontocom.com.br\/site\/wp-json\/wp\/v2\/categories?post=205323"},{"taxonomy":"post_tag","embeddable":true,"href":"https:\/\/mspontocom.com.br\/site\/wp-json\/wp\/v2\/tags?post=205323"}],"curies":[{"name":"wp","href":"https:\/\/api.w.org\/{rel}","templated":true}]}}