{"id":205374,"date":"2025-12-04T06:44:40","date_gmt":"2025-12-04T10:44:40","guid":{"rendered":"https:\/\/mspontocom.com.br\/site\/?p=205374"},"modified":"2025-12-04T06:44:40","modified_gmt":"2025-12-04T10:44:40","slug":"lider-de-pesquisa-em-portugal-chama-lula-de-ladrao-de-novo","status":"publish","type":"post","link":"https:\/\/mspontocom.com.br\/site\/lider-de-pesquisa-em-portugal-chama-lula-de-ladrao-de-novo\/","title":{"rendered":"L\u00edder de pesquisa em Portugal chama Lula de \u2018ladr\u00e3o\u2019, de novo"},"content":{"rendered":"<p style=\"text-align: justify;\"><img loading=\"lazy\" class=\"alignnone size-full wp-image-205375\" src=\"http:\/\/mspontocom.com.br\/site\/wp-content\/uploads\/2025\/12\/site-lider-de-pesquisa-em-portugal-chama-lula-de-ladrao-de-novo-andre.jpg\" alt=\"\" width=\"1280\" height=\"720\" srcset=\"https:\/\/mspontocom.com.br\/site\/wp-content\/uploads\/2025\/12\/site-lider-de-pesquisa-em-portugal-chama-lula-de-ladrao-de-novo-andre.jpg 1280w, https:\/\/mspontocom.com.br\/site\/wp-content\/uploads\/2025\/12\/site-lider-de-pesquisa-em-portugal-chama-lula-de-ladrao-de-novo-andre-260x146.jpg 260w, https:\/\/mspontocom.com.br\/site\/wp-content\/uploads\/2025\/12\/site-lider-de-pesquisa-em-portugal-chama-lula-de-ladrao-de-novo-andre-1024x576.jpg 1024w, https:\/\/mspontocom.com.br\/site\/wp-content\/uploads\/2025\/12\/site-lider-de-pesquisa-em-portugal-chama-lula-de-ladrao-de-novo-andre-768x432.jpg 768w\" sizes=\"(max-width: 1280px) 100vw, 1280px\" \/>O deputado Andr\u00e9 Ventura, fundador do partido Chega, de direita, voltou a ser referir a Lula (PT) como \u201cladr\u00e3o\u201d, durante entrevista \u00e0 televis\u00e3o portuguesas cujo trecho se referindo ao petista foi publicado em suas redes sociais.<\/p>\n<p style=\"text-align: justify;\">Ventura j\u00e1 havia se referido \u00a0a Lula como \u201cladr\u00e3o\u201d e afirmou at\u00e9 que lhe daria voz de pris\u00e3o, caso pisasse em solo portugu\u00eas.<\/p>\n<p style=\"text-align: justify;\">Na entrevista, a jornalista pergunta a Ventura se ele receberia Lula no Pal\u00e1cio de Bel\u00e9m, sede da Presid\u00eancia da Rep\u00fablica Portuguesa,\u00a0 caso ven\u00e7a a elei\u00e7\u00e3o e se transforme em chefe de Estado do seu pa\u00eds. Ele reafirmou o que pensa de Lula:<\/p>\n<blockquote><p><em style=\"font-size: 18pt;\">Eu teria alguma dificuldade, confesso que n\u00e3o gosto de estar com ladr\u00f5es.<\/em><\/p><\/blockquote>\n<p style=\"text-align: justify;\">Andr\u00e9 Ventura fez a ressalva, logo em seguida, na eventualidade de estar em jogo\u00a0 os interesses do Estado e tivesse de receber Lula, <strong>\u201cf\u00e1-lo-ia, mas mantendo essa l\u00f3gica, de que n\u00e3o gosto muito de estar com ladr\u00f5es\u201d.<\/strong><\/p>\n<p style=\"text-align: justify;\">\n<p style=\"text-align: justify;\"><i><b>Continue em nossa companhia em:<\/b><\/i> <a href=\"http:\/\/www.mspontocom.com.br\/\"><span style=\"color: #0000ff;\"><span style=\"font-family: Comic Sans MS, cursive;\"><span style=\"font-size: small;\"><u>www.mspontocom.com.br<\/u><\/span><\/span><\/span><\/a><\/p>\n","protected":false},"excerpt":{"rendered":"<p>O deputado Andr\u00e9 Ventura, fundador do partido Chega, de direita, voltou a ser referir a Lula (PT) como \u201cladr\u00e3o\u201d, durante entrevista \u00e0 televis\u00e3o portuguesas cujo trecho se referindo ao petista foi publicado em suas redes sociais. Ventura j\u00e1 havia se referido \u00a0a Lula como \u201cladr\u00e3o\u201d e afirmou at\u00e9 que lhe daria voz de pris\u00e3o, caso [&hellip;]<\/p>\n","protected":false},"author":2,"featured_media":205375,"comment_status":"open","ping_status":"open","sticky":false,"template":"","format":"standard","meta":{"_monsterinsights_skip_tracking":false,"_monsterinsights_sitenote_active":false,"_monsterinsights_sitenote_note":"","_monsterinsights_sitenote_category":0},"categories":[7,12],"tags":[39028,24169,43972,7800,21788,480,733,339],"aioseo_notices":[],"_links":{"self":[{"href":"https:\/\/mspontocom.com.br\/site\/wp-json\/wp\/v2\/posts\/205374"}],"collection":[{"href":"https:\/\/mspontocom.com.br\/site\/wp-json\/wp\/v2\/posts"}],"about":[{"href":"https:\/\/mspontocom.com.br\/site\/wp-json\/wp\/v2\/types\/post"}],"author":[{"embeddable":true,"href":"https:\/\/mspontocom.com.br\/site\/wp-json\/wp\/v2\/users\/2"}],"replies":[{"embeddable":true,"href":"https:\/\/mspontocom.com.br\/site\/wp-json\/wp\/v2\/comments?post=205374"}],"version-history":[{"count":1,"href":"https:\/\/mspontocom.com.br\/site\/wp-json\/wp\/v2\/posts\/205374\/revisions"}],"predecessor-version":[{"id":205376,"href":"https:\/\/mspontocom.com.br\/site\/wp-json\/wp\/v2\/posts\/205374\/revisions\/205376"}],"wp:featuredmedia":[{"embeddable":true,"href":"https:\/\/mspontocom.com.br\/site\/wp-json\/wp\/v2\/media\/205375"}],"wp:attachment":[{"href":"https:\/\/mspontocom.com.br\/site\/wp-json\/wp\/v2\/media?parent=205374"}],"wp:term":[{"taxonomy":"category","embeddable":true,"href":"https:\/\/mspontocom.com.br\/site\/wp-json\/wp\/v2\/categories?post=205374"},{"taxonomy":"post_tag","embeddable":true,"href":"https:\/\/mspontocom.com.br\/site\/wp-json\/wp\/v2\/tags?post=205374"}],"curies":[{"name":"wp","href":"https:\/\/api.w.org\/{rel}","templated":true}]}}