{"id":205481,"date":"2025-12-08T04:35:53","date_gmt":"2025-12-08T08:35:53","guid":{"rendered":"https:\/\/mspontocom.com.br\/site\/?p=205481"},"modified":"2025-12-08T07:03:26","modified_gmt":"2025-12-08T11:03:26","slug":"ifms-oferta-cursos-tecnicos-gratuitos-semipresenciais","status":"publish","type":"post","link":"https:\/\/mspontocom.com.br\/site\/ifms-oferta-cursos-tecnicos-gratuitos-semipresenciais\/","title":{"rendered":"IFMS oferta cursos t\u00e9cnicos gratuitos semipresenciais"},"content":{"rendered":"<p dir=\"ltr\" style=\"text-align: justify;\"><img loading=\"lazy\" class=\"alignnone size-full wp-image-205482\" src=\"http:\/\/mspontocom.com.br\/site\/wp-content\/uploads\/2025\/12\/site-ifms-oferta-para-cursos-tecnicos-gratuitos-semipresenciais-ifms1.png\" alt=\"\" width=\"768\" height=\"470\" srcset=\"https:\/\/mspontocom.com.br\/site\/wp-content\/uploads\/2025\/12\/site-ifms-oferta-para-cursos-tecnicos-gratuitos-semipresenciais-ifms1.png 768w, https:\/\/mspontocom.com.br\/site\/wp-content\/uploads\/2025\/12\/site-ifms-oferta-para-cursos-tecnicos-gratuitos-semipresenciais-ifms1-260x159.png 260w\" sizes=\"(max-width: 768px) 100vw, 768px\" \/>O Instituto Federal de Mato Grosso do Sul (IFMS) ampliou de 1.665 para 1.880 o n\u00famero de vagas para cursos t\u00e9cnicos semipresenciais voltados a quem tem o ensino m\u00e9dio, com in\u00edcio das aulas no 1\u00ba semestre de 2026.<\/p>\n<p dir=\"ltr\" style=\"text-align: justify;\">S\u00e3o ofertadas tr\u00eas op\u00e7\u00f5es de cursos t\u00e9cnicos gratuitos:\u00a0<strong>Administra\u00e7\u00e3o, Log\u00edstica e Manuten\u00e7\u00e3o e Suporte em Inform\u00e1tica<\/strong>, dependendo do munic\u00edpio.<\/p>\n<p dir=\"ltr\" style=\"text-align: justify;\">Confira o\u00a0quadro completo de vagas na tabela ao final do texto.<\/p>\n<p dir=\"ltr\" style=\"text-align: justify;\">Os interessados em se inscrever na sele\u00e7\u00e3o devem ter conclu\u00eddo o ensino m\u00e9dio at\u00e9 a data da matr\u00edcula no curso t\u00e9cnico do IFMS, o que est\u00e1 previsto para o in\u00edcio de 2026.<\/p>\n<p dir=\"ltr\" style=\"text-align: justify;\">Embora sejam cursos da modalidade Educa\u00e7\u00e3o a Dist\u00e2ncia (EAD), o modelo adotado pelo IFMS \u00e9 o semipresencial.<\/p>\n<p dir=\"ltr\" style=\"text-align: justify;\">Todas as regras do processo seletivo est\u00e3o dispon\u00edveis na\u00a0<a title=\"Central de Sele\u00e7\u00e3o do IFMS\" href=\"https:\/\/email.ifms.edu.br\/lists\/lt.php?tid=KxkMAAQKBQZWVUtUBVMDTlADVlZOAAoADxsLUAAEUwcBUlQBAAAfVQBRAAIOUFFOBlAAB04NCgxXGwFRAgdPBQZXUAZdCwIJUQVWHwBWVQdcUQtQTlsBCFIbDFIAVk9TAgBTH1IAAgUBVlFXAlgBVQ\" target=\"_blank\" rel=\"noopener\" data-saferedirecturl=\"https:\/\/www.google.com\/url?q=https:\/\/email.ifms.edu.br\/lists\/lt.php?tid%3DKxkMAAQKBQZWVUtUBVMDTlADVlZOAAoADxsLUAAEUwcBUlQBAAAfVQBRAAIOUFFOBlAAB04NCgxXGwFRAgdPBQZXUAZdCwIJUQVWHwBWVQdcUQtQTlsBCFIbDFIAVk9TAgBTH1IAAgUBVlFXAlgBVQ&amp;source=gmail&amp;ust=1765274199122000&amp;usg=AOvVaw3nBI1AjKzpP3_nX7hmMmQb\"><strong>Central de Sele\u00e7\u00e3o do IFM<\/strong>S<\/a>.<\/p>\n<p dir=\"ltr\" style=\"text-align: justify;\"><strong>Inscri\u00e7\u00f5es<\/strong><\/p>\n<p dir=\"ltr\" style=\"text-align: justify;\">\u00a0S\u00e3o gratuitas e devem ser feitas <strong>at\u00e9 14 de dezembro<\/strong>\u00a0na\u00a0<a title=\"P\u00e1gina do Candidato\" href=\"https:\/\/email.ifms.edu.br\/lists\/lt.php?tid=KxkNBFQNVVQAAksAA1NcTlBcUQFOAA8OBBsMUlMDUFAAXAcEVg4fVQBRAAIOUFFOBlAAB04NCgxXGwFRAgdPBQZXUAZdCwIJUQVWHwBWVQdcUQtQTlsBCFIbDFIAVk9TAgBTH1IAAgUBVlFXAlgBVQ\" target=\"_blank\" rel=\"noopener\" data-saferedirecturl=\"https:\/\/www.google.com\/url?q=https:\/\/email.ifms.edu.br\/lists\/lt.php?tid%3DKxkNBFQNVVQAAksAA1NcTlBcUQFOAA8OBBsMUlMDUFAAXAcEVg4fVQBRAAIOUFFOBlAAB04NCgxXGwFRAgdPBQZXUAZdCwIJUQVWHwBWVQdcUQtQTlsBCFIbDFIAVk9TAgBTH1IAAgUBVlFXAlgBVQ&amp;source=gmail&amp;ust=1765274199122000&amp;usg=AOvVaw2nzKWHeDaY5hH9aS1jM9TK\">P\u00e1gina do Candidato<\/a>\u00a0da Central de Sele\u00e7\u00e3o.<\/p>\n<p dir=\"ltr\" style=\"text-align: justify;\">Para tirar d\u00favidas, envie e-mail para\u00a0<a title=\"cursos.ead@ifms.edu.br\" href=\"mailto:cursos.ead@ifms.edu.br?subject=E-mail\" target=\"_blank\" rel=\"noopener\">cursos.ead@ifms.edu.br<\/a>\u00a0ou acesse o menu Perguntas Frequentes na\u00a0<a title=\"p\u00e1gina do edital\" href=\"https:\/\/email.ifms.edu.br\/lists\/lt.php?tid=KxkMAAQKBQZWVUtUBVMDTlADVlZOAAoADxsLUAAEUwcBUlQBAAAfVQBRAAIOUFFOBlAAB04NCgxXGwFRAgdPBQZXUAZdCwIJUQVWHwBWVQdcUQtQTlsBCFIbDFIAVk9TAgBTH1IAAgUBVlFXAlgBVQ\" target=\"_blank\" rel=\"noopener\" data-saferedirecturl=\"https:\/\/www.google.com\/url?q=https:\/\/email.ifms.edu.br\/lists\/lt.php?tid%3DKxkMAAQKBQZWVUtUBVMDTlADVlZOAAoADxsLUAAEUwcBUlQBAAAfVQBRAAIOUFFOBlAAB04NCgxXGwFRAgdPBQZXUAZdCwIJUQVWHwBWVQdcUQtQTlsBCFIbDFIAVk9TAgBTH1IAAgUBVlFXAlgBVQ&amp;source=gmail&amp;ust=1765274199122000&amp;usg=AOvVaw3nBI1AjKzpP3_nX7hmMmQb\">p\u00e1gina do edital<\/a>.<\/p>\n<p dir=\"ltr\"><strong>Quadro de Vagas e Cursos &#8211; Cursos T\u00e9cnicos Subsequentes Semipresenciais<\/strong><\/p>\n<p><strong>Aquidauana<\/strong><\/p>\n<table border=\"1\">\n<thead>\n<tr>\n<th>Curso<\/th>\n<th>Encontro presencial<\/th>\n<th>Vagas<\/th>\n<\/tr>\n<\/thead>\n<tbody>\n<tr>\n<td>T\u00e9cnico em Log\u00edstica<\/td>\n<td>Segunda-feira<\/td>\n<td>20<\/td>\n<\/tr>\n<\/tbody>\n<\/table>\n<p><strong>Amambai<\/strong><\/p>\n<table border=\"1\">\n<thead>\n<tr>\n<th>Curso<\/th>\n<th>Encontro presencial<\/th>\n<th>Vagas<\/th>\n<\/tr>\n<\/thead>\n<tbody>\n<tr>\n<td>T\u00e9cnico em Administra\u00e7\u00e3o<\/td>\n<td>Ter\u00e7a-feira<\/td>\n<td>60<\/td>\n<\/tr>\n<tr>\n<td>T\u00e9cnico em Log\u00edstica<\/td>\n<td>Quarta-feira<\/td>\n<td>60<\/td>\n<\/tr>\n<\/tbody>\n<\/table>\n<p><strong>Ant\u00f4nio Jo\u00e3o<\/strong><\/p>\n<table border=\"1\">\n<thead>\n<tr>\n<th>Curso<\/th>\n<th>Encontro presencial<\/th>\n<th>Vagas<\/th>\n<\/tr>\n<\/thead>\n<tbody>\n<tr>\n<td>T\u00e9cnico em Administra\u00e7\u00e3o<\/td>\n<td>Ter\u00e7a-feira<\/td>\n<td>60<\/td>\n<\/tr>\n<tr>\n<td>T\u00e9cnico em Log\u00edstica<\/td>\n<td>Quarta-feira<\/td>\n<td>60<\/td>\n<\/tr>\n<\/tbody>\n<\/table>\n<p><strong>Aral Moreira<\/strong><\/p>\n<table border=\"1\">\n<thead>\n<tr>\n<th>Curso<\/th>\n<th>Encontro presencial<\/th>\n<th>Vagas<\/th>\n<\/tr>\n<\/thead>\n<tbody>\n<tr>\n<td>T\u00e9cnico em Administra\u00e7\u00e3o<\/td>\n<td>Ter\u00e7a-feira<\/td>\n<td>60<\/td>\n<\/tr>\n<tr>\n<td>T\u00e9cnico em Log\u00edstica<\/td>\n<td>Quarta-feira<\/td>\n<td>60<\/td>\n<\/tr>\n<\/tbody>\n<\/table>\n<p><strong>Camapu\u00e3<\/strong><\/p>\n<table border=\"1\">\n<thead>\n<tr>\n<th>Curso<\/th>\n<th>Encontro presencial<\/th>\n<th>Vagas<\/th>\n<\/tr>\n<\/thead>\n<tbody>\n<tr>\n<td>T\u00e9cnico em Administra\u00e7\u00e3o<\/td>\n<td>Sexta-feira<\/td>\n<td>20<\/td>\n<\/tr>\n<\/tbody>\n<\/table>\n<p><strong>Campo Grande<\/strong><\/p>\n<table border=\"1\">\n<thead>\n<tr>\n<th>Curso<\/th>\n<th>Encontro presencial<\/th>\n<th>Vagas<\/th>\n<\/tr>\n<\/thead>\n<tbody>\n<tr>\n<td>T\u00e9cnico em Administra\u00e7\u00e3o<\/td>\n<td>Segunda-feira<\/td>\n<td>40<\/td>\n<\/tr>\n<tr>\n<td>T\u00e9cnico em Log\u00edstica<\/td>\n<td>Quinta-feira<\/td>\n<td>40<\/td>\n<\/tr>\n<tr>\n<td>T\u00e9cnico em Manuten\u00e7\u00e3o e Suporte em Inform\u00e1tica<\/td>\n<td>Ter\u00e7a-feira<\/td>\n<td>40<\/td>\n<\/tr>\n<\/tbody>\n<\/table>\n<p><strong>Cassil\u00e2ndia<\/strong><\/p>\n<table border=\"1\">\n<thead>\n<tr>\n<th>Curso<\/th>\n<th>Encontro presencial<\/th>\n<th>Vagas<\/th>\n<\/tr>\n<\/thead>\n<tbody>\n<tr>\n<td>T\u00e9cnico em Administra\u00e7\u00e3o<\/td>\n<td>Quarta-feira<\/td>\n<td>40<\/td>\n<\/tr>\n<tr>\n<td>T\u00e9cnico em Manuten\u00e7\u00e3o e Suporte em Inform\u00e1tica<\/td>\n<td>Quinta-feira<\/td>\n<td>40<\/td>\n<\/tr>\n<\/tbody>\n<\/table>\n<p><strong>Costa Rica<\/strong><\/p>\n<table border=\"1\">\n<thead>\n<tr>\n<th>Curso<\/th>\n<th>Encontro presencial<\/th>\n<th>Vagas<\/th>\n<\/tr>\n<\/thead>\n<tbody>\n<tr>\n<td>T\u00e9cnico em Administra\u00e7\u00e3o<\/td>\n<td>Ter\u00e7a-feira<\/td>\n<td>40<\/td>\n<\/tr>\n<tr>\n<td>T\u00e9cnico em Log\u00edstica<\/td>\n<td>Quinta-feira<\/td>\n<td>40<\/td>\n<\/tr>\n<tr>\n<td>T\u00e9cnico em Manuten\u00e7\u00e3o e Suporte em Inform\u00e1tica<\/td>\n<td>Ter\u00e7a-feira<\/td>\n<td>40<\/td>\n<\/tr>\n<\/tbody>\n<\/table>\n<p><strong>Corumb\u00e1<\/strong><\/p>\n<table border=\"1\">\n<thead>\n<tr>\n<th>Curso<\/th>\n<th>Encontro presencial<\/th>\n<th>Vagas<\/th>\n<\/tr>\n<\/thead>\n<tbody>\n<tr>\n<td rowspan=\"2\">T\u00e9cnico em Administra\u00e7\u00e3o<\/td>\n<td>Ter\u00e7a-feira<\/td>\n<td>50<\/td>\n<\/tr>\n<tr>\n<td>Quarta-feira<\/td>\n<td>50<\/td>\n<\/tr>\n<tr>\n<td rowspan=\"2\">T\u00e9cnico em Log\u00edstica<\/td>\n<td>Quinta-feira<\/td>\n<td>50<\/td>\n<\/tr>\n<tr>\n<td>Sexta-feira<\/td>\n<td>50<\/td>\n<\/tr>\n<\/tbody>\n<\/table>\n<p><strong>Coxim<\/strong><\/p>\n<table border=\"1\">\n<thead>\n<tr>\n<th>Curso<\/th>\n<th>Encontro presencial<\/th>\n<th>Vagas<\/th>\n<\/tr>\n<\/thead>\n<tbody>\n<tr>\n<td>T\u00e9cnico em Administra\u00e7\u00e3o<\/td>\n<td>Ter\u00e7a-feira<\/td>\n<td>40<\/td>\n<\/tr>\n<tr>\n<td>T\u00e9cnico em Log\u00edstica<\/td>\n<td>Quarta-feira<\/td>\n<td>40<\/td>\n<\/tr>\n<\/tbody>\n<\/table>\n<p><strong>Dourados<\/strong><\/p>\n<table border=\"1\">\n<thead>\n<tr>\n<th>Curso<\/th>\n<th>Encontro presencial<\/th>\n<th>Vagas<\/th>\n<\/tr>\n<\/thead>\n<tbody>\n<tr>\n<td>T\u00e9cnico em Administra\u00e7\u00e3o<\/td>\n<td>Segunda-feira<\/td>\n<td>40<\/td>\n<\/tr>\n<tr>\n<td>T\u00e9cnico em Log\u00edstica<\/td>\n<td>Ter\u00e7a-feira<\/td>\n<td>40<\/td>\n<\/tr>\n<\/tbody>\n<\/table>\n<p><strong>Jardim<\/strong><\/p>\n<table border=\"1\">\n<thead>\n<tr>\n<th>Curso<\/th>\n<th>Encontro presencial<\/th>\n<th>Vagas<\/th>\n<\/tr>\n<\/thead>\n<tbody>\n<tr>\n<td rowspan=\"2\">T\u00e9cnico em Administra\u00e7\u00e3o<\/td>\n<td>Ter\u00e7a-feira<\/td>\n<td>40<\/td>\n<\/tr>\n<tr>\n<td>S\u00e1bado<strong>\u00a0(matutino)<\/strong><\/td>\n<td>40<\/td>\n<\/tr>\n<tr>\n<td rowspan=\"2\">T\u00e9cnico em Log\u00edstica<\/td>\n<td>Segunda-feira<\/td>\n<td>40<\/td>\n<\/tr>\n<tr>\n<td>Quinta-feira<\/td>\n<td>40<\/td>\n<\/tr>\n<\/tbody>\n<\/table>\n<p><strong>Maracaju<\/strong><\/p>\n<table border=\"1\">\n<thead>\n<tr>\n<th>Curso<\/th>\n<th>Encontro presencial<\/th>\n<th>Vagas<\/th>\n<\/tr>\n<\/thead>\n<tbody>\n<tr>\n<td>T\u00e9cnico em Administra\u00e7\u00e3o<\/td>\n<td>Ter\u00e7a-feira<\/td>\n<td>60<\/td>\n<\/tr>\n<tr>\n<td>T\u00e9cnico em Log\u00edstica<\/td>\n<td>Quarta-feira<\/td>\n<td>60<\/td>\n<\/tr>\n<\/tbody>\n<\/table>\n<p><strong>Navira\u00ed<\/strong><\/p>\n<table border=\"1\">\n<thead>\n<tr>\n<th>Curso<\/th>\n<th>Encontro presencial<\/th>\n<th>Vagas<\/th>\n<\/tr>\n<\/thead>\n<tbody>\n<tr>\n<td>T\u00e9cnico em Administra\u00e7\u00e3o<\/td>\n<td>Segunda-feira<\/td>\n<td>40<\/td>\n<\/tr>\n<tr>\n<td>T\u00e9cnico em Log\u00edstica<\/td>\n<td>Sexta-feira<\/td>\n<td>40<\/td>\n<\/tr>\n<\/tbody>\n<\/table>\n<p><strong>Nova Alvorada do Sul<\/strong><\/p>\n<table border=\"1\">\n<thead>\n<tr>\n<th>Curso<\/th>\n<th>Encontro presencial<\/th>\n<th>Vagas<\/th>\n<\/tr>\n<\/thead>\n<tbody>\n<tr>\n<td>T\u00e9cnico em Administra\u00e7\u00e3o<\/td>\n<td>Quarta-feira<\/td>\n<td>25<\/td>\n<\/tr>\n<tr>\n<td>T\u00e9cnico em Log\u00edstica<\/td>\n<td>Quinta-feira<\/td>\n<td>25<\/td>\n<\/tr>\n<\/tbody>\n<\/table>\n<p><strong>Nova Andradina<\/strong><\/p>\n<table border=\"1\">\n<thead>\n<tr>\n<th>Curso<\/th>\n<th>Encontro presencial<\/th>\n<th>Vagas<\/th>\n<\/tr>\n<\/thead>\n<tbody>\n<tr>\n<td>T\u00e9cnico em Administra\u00e7\u00e3o<\/td>\n<td>Ter\u00e7a-feira<\/td>\n<td>40<\/td>\n<\/tr>\n<\/tbody>\n<\/table>\n<p><strong>Parana\u00edba<\/strong><\/p>\n<table border=\"1\">\n<thead>\n<tr>\n<th>Curso<\/th>\n<th>Encontro presencial<\/th>\n<th>Vagas<\/th>\n<\/tr>\n<\/thead>\n<tbody>\n<tr>\n<td>T\u00e9cnico em Administra\u00e7\u00e3o<\/td>\n<td>Ter\u00e7a-feira<\/td>\n<td>40<\/td>\n<\/tr>\n<\/tbody>\n<\/table>\n<p><strong>Ponta Por\u00e3<\/strong><\/p>\n<table border=\"1\">\n<thead>\n<tr>\n<th>Curso<\/th>\n<th>Encontro presencial<\/th>\n<th>Vagas<\/th>\n<\/tr>\n<\/thead>\n<tbody>\n<tr>\n<td>T\u00e9cnico em Administra\u00e7\u00e3o<\/td>\n<td>Ter\u00e7a-feira<\/td>\n<td>60<\/td>\n<\/tr>\n<tr>\n<td>T\u00e9cnico em Log\u00edstica<\/td>\n<td>Quarta-feira<\/td>\n<td>60<\/td>\n<\/tr>\n<tr>\n<td>T\u00e9cnico em Manuten\u00e7\u00e3o e Suporte em Inform\u00e1tica<\/td>\n<td>Quinta-feira<\/td>\n<td>30<\/td>\n<\/tr>\n<\/tbody>\n<\/table>\n<p><strong>S\u00e3o Gabriel do Oeste<\/strong><\/p>\n<table border=\"1\">\n<thead>\n<tr>\n<th>Curso<\/th>\n<th>Encontro presencial<\/th>\n<th>Vagas<\/th>\n<\/tr>\n<\/thead>\n<tbody>\n<tr>\n<td>T\u00e9cnico em Administra\u00e7\u00e3o<\/td>\n<td>Segunda-feira<\/td>\n<td>40<\/td>\n<\/tr>\n<tr>\n<td>T\u00e9cnico em Log\u00edstica<\/td>\n<td>Ter\u00e7a-feira<\/td>\n<td>40<\/td>\n<\/tr>\n<tr>\n<td>T\u00e9cnico em Manuten\u00e7\u00e3o e Suporte em Inform\u00e1tica<\/td>\n<td>Quarta-feira<\/td>\n<td>40<\/td>\n<\/tr>\n<\/tbody>\n<\/table>\n<p><strong>Tr\u00eas Lagoas<\/strong><\/p>\n<table border=\"1\">\n<thead>\n<tr>\n<th>Curso<\/th>\n<th>Encontro presencial<\/th>\n<th>Vagas<\/th>\n<\/tr>\n<\/thead>\n<tbody>\n<tr>\n<td>T\u00e9cnico em Log\u00edstica<\/td>\n<td>Segunda-feira<\/td>\n<td>40<\/td>\n<\/tr>\n<\/tbody>\n<\/table>\n","protected":false},"excerpt":{"rendered":"<p>O Instituto Federal de Mato Grosso do Sul (IFMS) ampliou de 1.665 para 1.880 o n\u00famero de vagas para cursos t\u00e9cnicos semipresenciais voltados a quem tem o ensino m\u00e9dio, com in\u00edcio das aulas no 1\u00ba semestre de 2026. S\u00e3o ofertadas tr\u00eas op\u00e7\u00f5es de cursos t\u00e9cnicos gratuitos:\u00a0Administra\u00e7\u00e3o, Log\u00edstica e Manuten\u00e7\u00e3o e Suporte em Inform\u00e1tica, dependendo do [&hellip;]<\/p>\n","protected":false},"author":2,"featured_media":205482,"comment_status":"open","ping_status":"open","sticky":false,"template":"","format":"standard","meta":{"_monsterinsights_skip_tracking":false,"_monsterinsights_sitenote_active":false,"_monsterinsights_sitenote_note":"","_monsterinsights_sitenote_category":0},"categories":[74],"tags":[2201,972],"aioseo_notices":[],"_links":{"self":[{"href":"https:\/\/mspontocom.com.br\/site\/wp-json\/wp\/v2\/posts\/205481"}],"collection":[{"href":"https:\/\/mspontocom.com.br\/site\/wp-json\/wp\/v2\/posts"}],"about":[{"href":"https:\/\/mspontocom.com.br\/site\/wp-json\/wp\/v2\/types\/post"}],"author":[{"embeddable":true,"href":"https:\/\/mspontocom.com.br\/site\/wp-json\/wp\/v2\/users\/2"}],"replies":[{"embeddable":true,"href":"https:\/\/mspontocom.com.br\/site\/wp-json\/wp\/v2\/comments?post=205481"}],"version-history":[{"count":1,"href":"https:\/\/mspontocom.com.br\/site\/wp-json\/wp\/v2\/posts\/205481\/revisions"}],"predecessor-version":[{"id":205483,"href":"https:\/\/mspontocom.com.br\/site\/wp-json\/wp\/v2\/posts\/205481\/revisions\/205483"}],"wp:featuredmedia":[{"embeddable":true,"href":"https:\/\/mspontocom.com.br\/site\/wp-json\/wp\/v2\/media\/205482"}],"wp:attachment":[{"href":"https:\/\/mspontocom.com.br\/site\/wp-json\/wp\/v2\/media?parent=205481"}],"wp:term":[{"taxonomy":"category","embeddable":true,"href":"https:\/\/mspontocom.com.br\/site\/wp-json\/wp\/v2\/categories?post=205481"},{"taxonomy":"post_tag","embeddable":true,"href":"https:\/\/mspontocom.com.br\/site\/wp-json\/wp\/v2\/tags?post=205481"}],"curies":[{"name":"wp","href":"https:\/\/api.w.org\/{rel}","templated":true}]}}