{"id":205518,"date":"2025-12-11T05:07:29","date_gmt":"2025-12-11T09:07:29","guid":{"rendered":"https:\/\/mspontocom.com.br\/site\/?p=205518"},"modified":"2025-12-11T05:07:29","modified_gmt":"2025-12-11T09:07:29","slug":"sem-recuo-governo-trump-reafirma-sancao-contra-moraes","status":"publish","type":"post","link":"https:\/\/mspontocom.com.br\/site\/sem-recuo-governo-trump-reafirma-sancao-contra-moraes\/","title":{"rendered":"Sem recuo: Governo Trump reafirma san\u00e7\u00e3o contra Moraes"},"content":{"rendered":"<div id=\"tp-post-content\" class=\"postBody_post-body-container__1KhtH\">\n<p class=\"postParagraph_post-paragraph__juWZN postParagraph_post-paragraph-innerHtml__Q5vwc\" style=\"text-align: justify;\"><img loading=\"lazy\" class=\"alignnone size-full wp-image-205523\" src=\"http:\/\/mspontocom.com.br\/site\/wp-content\/uploads\/2025\/12\/site-sem-recuo-governo-trump-reafirma-sancao-contra-moraes-trump-x-moraes-396x375-1.jpg\" alt=\"\" width=\"396\" height=\"375\" srcset=\"https:\/\/mspontocom.com.br\/site\/wp-content\/uploads\/2025\/12\/site-sem-recuo-governo-trump-reafirma-sancao-contra-moraes-trump-x-moraes-396x375-1.jpg 396w, https:\/\/mspontocom.com.br\/site\/wp-content\/uploads\/2025\/12\/site-sem-recuo-governo-trump-reafirma-sancao-contra-moraes-trump-x-moraes-396x375-1-260x246.jpg 260w\" sizes=\"(max-width: 396px) 100vw, 396px\" \/><\/p>\n<p class=\"postParagraph_post-paragraph__juWZN postParagraph_post-paragraph-innerHtml__Q5vwc\" style=\"text-align: justify;\">O Departamento do Tesouro dos Estados Unidos reafirmou suas raz\u00f5es para ter sancionado o ministro Alexandre de Moraes\u00a0 do STF, em julho deste ano, por meio de um of\u00edcio compartilhado com o congressista republicano Rick McCormick nesta quarta-feira.<\/p>\n<p class=\"postParagraph_post-paragraph__juWZN postParagraph_post-paragraph-innerHtml__Q5vwc\" style=\"text-align: justify;\">O membro da C\u00e2mara dos Representantes havia enviado uma carta para a pasta em outubro, <strong>depois que surgiram rumores de que a Casa Branca estaria repensando a aplica\u00e7\u00e3o da Lei Magnitsky<\/strong> contra o brasileiro devido \u00e0s negocia\u00e7\u00f5es entre o presidente Luiz In\u00e1cio Lula da Silva e\u00a0 Donald Trump.<\/p>\n<p class=\"postParagraph_post-paragraph__juWZN postParagraph_post-paragraph-innerHtml__Q5vwc\" style=\"text-align: justify;\">Ap\u00f3s a consulta do deputado republicano, o Tesouro respondeu que Moraes foi punido com a Lei Magnitsky por usar seu cargo para decretar\u00a0pris\u00f5es preventivas arbitr\u00e1rias\u00a0e por\u00a0suprimir a liberdade de express\u00e3o.<\/p>\n<p class=\"postParagraph_post-paragraph__juWZN postParagraph_post-paragraph-innerHtml__Q5vwc\" style=\"text-align: justify;\">Na ocasi\u00e3o, a decis\u00e3o foi publicada pelo Escrit\u00f3rio de Controle de Ativos Estrangeiros do Tesouro norte-americano, que bloqueou todos os bens do ministro nos Estados Unidos.<\/p>\n<div class=\"postHtml_post-html__FVUuX\">\n<div class=\"twitter-tweet twitter-tweet-rendered\"><iframe id=\"twitter-widget-0\" class=\"\" title=\"X Post\" src=\"https:\/\/platform.twitter.com\/embed\/Tweet.html?creatorScreenName=gazetadopovo&amp;dnt=false&amp;embedId=twitter-widget-0&amp;features=eyJ0ZndfdGltZWxpbmVfbGlzdCI6eyJidWNrZXQiOltdLCJ2ZXJzaW9uIjpudWxsfSwidGZ3X2ZvbGxvd2VyX2NvdW50X3N1bnNldCI6eyJidWNrZXQiOnRydWUsInZlcnNpb24iOm51bGx9LCJ0ZndfdHdlZXRfZWRpdF9iYWNrZW5kIjp7ImJ1Y2tldCI6Im9uIiwidmVyc2lvbiI6bnVsbH0sInRmd19yZWZzcmNfc2Vzc2lvbiI6eyJidWNrZXQiOiJvbiIsInZlcnNpb24iOm51bGx9LCJ0ZndfZm9zbnJfc29mdF9pbnRlcnZlbnRpb25zX2VuYWJsZWQiOnsiYnVja2V0Ijoib24iLCJ2ZXJzaW9uIjpudWxsfSwidGZ3X21peGVkX21lZGlhXzE1ODk3Ijp7ImJ1Y2tldCI6InRyZWF0bWVudCIsInZlcnNpb24iOm51bGx9LCJ0ZndfZXhwZXJpbWVudHNfY29va2llX2V4cGlyYXRpb24iOnsiYnVja2V0IjoxMjA5NjAwLCJ2ZXJzaW9uIjpudWxsfSwidGZ3X3Nob3dfYmlyZHdhdGNoX3Bpdm90c19lbmFibGVkIjp7ImJ1Y2tldCI6Im9uIiwidmVyc2lvbiI6bnVsbH0sInRmd19kdXBsaWNhdGVfc2NyaWJlc190b19zZXR0aW5ncyI6eyJidWNrZXQiOiJvbiIsInZlcnNpb24iOm51bGx9LCJ0ZndfdXNlX3Byb2ZpbGVfaW1hZ2Vfc2hhcGVfZW5hYmxlZCI6eyJidWNrZXQiOiJvbiIsInZlcnNpb24iOm51bGx9LCJ0ZndfdmlkZW9faGxzX2R5bmFtaWNfbWFuaWZlc3RzXzE1MDgyIjp7ImJ1Y2tldCI6InRydWVfYml0cmF0ZSIsInZlcnNpb24iOm51bGx9LCJ0ZndfbGVnYWN5X3RpbWVsaW5lX3N1bnNldCI6eyJidWNrZXQiOnRydWUsInZlcnNpb24iOm51bGx9LCJ0ZndfdHdlZXRfZWRpdF9mcm9udGVuZCI6eyJidWNrZXQiOiJvbiIsInZlcnNpb24iOm51bGx9fQ%3D%3D&amp;frame=false&amp;hideCard=false&amp;hideThread=false&amp;id=1998420796411121697&amp;lang=pt&amp;origin=https%3A%2F%2Fwww.gazetadopovo.com.br%2Fmundo%2Fgoverno-trump-reafirma-sancao-contra-moraes-por-violar-liberdade-de-expressao%2F&amp;sessionId=0e7c7f2d69b857e8cc6fc41cf767db593b553c32&amp;siteScreenName=gazetadopovo&amp;theme=light&amp;widgetsVersion=2615f7e52b7e0%3A1702314776716&amp;width=550px\" frameborder=\"0\" scrolling=\"no\" allowfullscreen=\"allowfullscreen\" data-mce-fragment=\"1\"><\/iframe><\/div>\n<blockquote class=\"twitter-tweet\" data-twitter-extracted-i1765438869247402856=\"true\">\n<p dir=\"ltr\" lang=\"en\">Thankful to have an executive branch willing to engage with our office on issues. As a member of the House Foreign Affairs Committee, I take it seriously when Freedom of Speech is attacked and when foreign government officials seek to threaten and coerce American citizens both\u2026\u00a0<a href=\"https:\/\/t.co\/izvjynn810\">pic.twitter.com\/izvjynn810<\/a><\/p>\n<p>\u2014 Congressman Rich McCormick, MBA MD (@RepMcCormick)\u00a0<a href=\"https:\/\/twitter.com\/RepMcCormick\/status\/1998420796411121697?ref_src=twsrc%5Etfw\">December 9, 2025<\/a><\/p><\/blockquote>\n<\/div>\n<div class=\"adBanner_c-ads__vacy1 adBanner_ads-desktop__YVQsV adBanner_d-pos-post-1__MMoGJ adBanner_d-pos-post-1__MMoGJ adBanner_open__ViOaF \" data-ads=\"ads-desktop\">\n<div id=\"d-pos-post-1\" class=\"adBanner_ads-desktop__YVQsV\"><\/div>\n<\/div>\n<p class=\"postParagraph_post-paragraph__juWZN postParagraph_post-paragraph-innerHtml__Q5vwc\">Um trecho da carta, compartilhada pelo congressista na rede social X, diz:<\/p>\n<blockquote>\n<p class=\"postParagraph_post-paragraph__juWZN postParagraph_post-paragraph-innerHtml__Q5vwc\"><em>&#8220;Caro deputado Rich Mc Cormick: Obrigado por sua carta direcionada em 1\u00ba de outubro de 2025 ao Departamento de Tesouro sobre a designa\u00e7\u00e3o do ministro\u00a0 Alexandre (de Moraes), que usou seu poder para autorizar arbitr\u00e1rias pris\u00f5es antes do julgamento e suprimir liberdade de express\u00e3o&#8221;.<\/em><\/p>\n<\/blockquote>\n<p class=\"postParagraph_post-paragraph__juWZN postParagraph_post-paragraph-innerHtml__Q5vwc\" style=\"text-align: justify;\">Ainda, o governo Trump diz no documento que Moraes &#8220;exerce uma campanha ilegal de censura contra cidad\u00e3os dos Estados Unidos em territ\u00f3rio americano&#8221;, motivos pelos quais n\u00e3o sinalizou sua inten\u00e7\u00e3o de reverter a medida punitiva.<\/p>\n<p><i><b>Continue em nossa companhia em:<\/b><\/i> <a href=\"http:\/\/www.mspontocom.com.br\/\"><span style=\"color: #0000ff;\"><span style=\"font-family: Comic Sans MS, cursive;\"><span style=\"font-size: small;\"><u>www.mspontocom.com.br<\/u><\/span><\/span><\/span><\/a><\/p>\n<div class=\"postViewMore_post-view-more-container___5wai\" data-mrf-recirculation=\"Post - Veja tamb\u00e9m\"><\/div>\n<\/div>\n<p>&nbsp;<\/p>\n","protected":false},"excerpt":{"rendered":"<p>O Departamento do Tesouro dos Estados Unidos reafirmou suas raz\u00f5es para ter sancionado o ministro Alexandre de Moraes\u00a0 do STF, em julho deste ano, por meio de um of\u00edcio compartilhado com o congressista republicano Rick McCormick nesta quarta-feira. O membro da C\u00e2mara dos Representantes havia enviado uma carta para a pasta em outubro, depois que [&hellip;]<\/p>\n","protected":false},"author":2,"featured_media":205523,"comment_status":"open","ping_status":"open","sticky":false,"template":"","format":"standard","meta":{"_monsterinsights_skip_tracking":false,"_monsterinsights_sitenote_active":false,"_monsterinsights_sitenote_note":"","_monsterinsights_sitenote_category":0},"categories":[6,30260,2528,7,30259,12],"tags":[78,35247,25201,35641,28326],"aioseo_notices":[],"_links":{"self":[{"href":"https:\/\/mspontocom.com.br\/site\/wp-json\/wp\/v2\/posts\/205518"}],"collection":[{"href":"https:\/\/mspontocom.com.br\/site\/wp-json\/wp\/v2\/posts"}],"about":[{"href":"https:\/\/mspontocom.com.br\/site\/wp-json\/wp\/v2\/types\/post"}],"author":[{"embeddable":true,"href":"https:\/\/mspontocom.com.br\/site\/wp-json\/wp\/v2\/users\/2"}],"replies":[{"embeddable":true,"href":"https:\/\/mspontocom.com.br\/site\/wp-json\/wp\/v2\/comments?post=205518"}],"version-history":[{"count":2,"href":"https:\/\/mspontocom.com.br\/site\/wp-json\/wp\/v2\/posts\/205518\/revisions"}],"predecessor-version":[{"id":205524,"href":"https:\/\/mspontocom.com.br\/site\/wp-json\/wp\/v2\/posts\/205518\/revisions\/205524"}],"wp:featuredmedia":[{"embeddable":true,"href":"https:\/\/mspontocom.com.br\/site\/wp-json\/wp\/v2\/media\/205523"}],"wp:attachment":[{"href":"https:\/\/mspontocom.com.br\/site\/wp-json\/wp\/v2\/media?parent=205518"}],"wp:term":[{"taxonomy":"category","embeddable":true,"href":"https:\/\/mspontocom.com.br\/site\/wp-json\/wp\/v2\/categories?post=205518"},{"taxonomy":"post_tag","embeddable":true,"href":"https:\/\/mspontocom.com.br\/site\/wp-json\/wp\/v2\/tags?post=205518"}],"curies":[{"name":"wp","href":"https:\/\/api.w.org\/{rel}","templated":true}]}}