{"id":205615,"date":"2025-12-16T04:13:27","date_gmt":"2025-12-16T08:13:27","guid":{"rendered":"https:\/\/mspontocom.com.br\/site\/?p=205615"},"modified":"2025-12-16T04:13:27","modified_gmt":"2025-12-16T08:13:27","slug":"acordo-de-lula-para-eua-tirar-moraes-da-magnitsky-e-obscuro","status":"publish","type":"post","link":"https:\/\/mspontocom.com.br\/site\/acordo-de-lula-para-eua-tirar-moraes-da-magnitsky-e-obscuro\/","title":{"rendered":"Acordo de Lula para EUA tirar Moraes da Magnitsky \u00e9 obscuro"},"content":{"rendered":"<p style=\"text-align: justify;\"><img loading=\"lazy\" class=\"alignnone size-full wp-image-205625\" src=\"http:\/\/mspontocom.com.br\/site\/wp-content\/uploads\/2025\/12\/site-acordo-de-lula-para-eua-tirar-moraes-da-magnitsky-e-obscuro-trio.webp\" alt=\"\" width=\"1050\" height=\"590\" srcset=\"https:\/\/mspontocom.com.br\/site\/wp-content\/uploads\/2025\/12\/site-acordo-de-lula-para-eua-tirar-moraes-da-magnitsky-e-obscuro-trio.webp 1050w, https:\/\/mspontocom.com.br\/site\/wp-content\/uploads\/2025\/12\/site-acordo-de-lula-para-eua-tirar-moraes-da-magnitsky-e-obscuro-trio-260x146.webp 260w, https:\/\/mspontocom.com.br\/site\/wp-content\/uploads\/2025\/12\/site-acordo-de-lula-para-eua-tirar-moraes-da-magnitsky-e-obscuro-trio-1024x575.webp 1024w, https:\/\/mspontocom.com.br\/site\/wp-content\/uploads\/2025\/12\/site-acordo-de-lula-para-eua-tirar-moraes-da-magnitsky-e-obscuro-trio-768x432.webp 768w\" sizes=\"(max-width: 1050px) 100vw, 1050px\" \/>Protegidos pelo sigilo diplom\u00e1tico, os pontos nos quais o presidente Lula cedeu para obter a decis\u00e3o do governo dos Estados Unidos de retirar as san\u00e7\u00f5es previstas na Lei Magnitsky contra o ministro Alexandre de Moraes continuam sendo alvo de especula\u00e7\u00f5es de analistas e parlamentares.<\/p>\n<div id=\"tp-post-content\">\n<p class=\"postParagraph_post-paragraph__juWZN postParagraph_post-paragraph-innerHtml__Q5vwc\" style=\"text-align: justify;\">Desde o an\u00fancio da medida, na \u00faltima sexta-feira (12), se intensificaram a avalia\u00e7\u00e3o dos impactos das poss\u00edveis concess\u00f5es feitas pelo Brasil ao presidente Donald Trump.<\/p>\n<p class=\"postParagraph_post-paragraph__juWZN postParagraph_post-paragraph-innerHtml__Q5vwc\" style=\"text-align: justify;\">Elas ainda precisam ser confirmadas pelos dois pa\u00edses e t\u00eam potencial de serem criticadas pela oposi\u00e7\u00e3o.<\/p>\n<p class=\"postParagraph_post-paragraph__juWZN postParagraph_post-paragraph-innerHtml__Q5vwc\" style=\"text-align: justify;\">As hip\u00f3teses listadas incluem o sinal verde \u00e0 explora\u00e7\u00e3o de terras raras por empresas americanas, o arrefecimento da regula\u00e7\u00e3o e tributa\u00e7\u00e3o das\u00a0<em>big techs\u00a0<\/em>e mudan\u00e7a de tom na rela\u00e7\u00e3o com a China, incluindo a reabertura para a Starlink, de Elon Musk, no mercado de conectividade via sat\u00e9lite.<\/p>\n<p class=\"postParagraph_post-paragraph__juWZN postParagraph_post-paragraph-innerHtml__Q5vwc\" style=\"text-align: justify;\">A justificativa oficial do Departamento de Estado americano para o recuo da Magnitsky foi a de reduzir o impacto de san\u00e7\u00f5es associadas a disputas judiciais e pol\u00edticas internas.<\/p>\n<h2 class=\"postParagraph_post-paragraph__juWZN postParagraph_post-paragraph-innerHtml__Q5vwc postParagraph_type-tag-h2__TtFkT\" style=\"text-align: justify;\">Detalhes de suposto acordo de Lula com EUA continuam desconhecidos<\/h2>\n<p class=\"postParagraph_post-paragraph__juWZN postParagraph_post-paragraph-innerHtml__Q5vwc\" style=\"text-align: justify;\">Entre os l\u00edderes da direita brasileira, o gesto de Washington foi interpretado como derrota simb\u00f3lica e estrat\u00e9gica, al\u00e9m de vit\u00f3ria pessoal de Moraes e do ativismo judicial.<\/p>\n<p class=\"postParagraph_post-paragraph__juWZN postParagraph_post-paragraph-innerHtml__Q5vwc\" style=\"text-align: justify;\">Mas ainda h\u00e1 muitas quest\u00f5es em aberto.<\/p>\n<p class=\"postParagraph_post-paragraph__juWZN postParagraph_post-paragraph-innerHtml__Q5vwc\" style=\"text-align: justify;\">Nos bastidores do Congresso, a avalia\u00e7\u00e3o recorrente \u00e9 a de que a retirada das san\u00e7\u00f5es contra Moraes n\u00e3o se deu de forma isolada, mas como parte de rearranjo geopol\u00edtico mais amplo dos Estados Unidos para a Am\u00e9rica Latina, envolvendo interesses econ\u00f4micos, estrat\u00e9gicos e eleitorais.<\/p>\n<p class=\"postParagraph_post-paragraph__juWZN postParagraph_post-paragraph-innerHtml__Q5vwc\" style=\"text-align: justify;\">Analistas, como o jurista Andr\u00e9 Marsiglia, entendem que, por envolver o interesse econ\u00f4mico do Brasil, quest\u00f5es geopol\u00edticas e at\u00e9 temas de soberania nacional, os termos do acordo firmado entre Lula e Trump deveriam ser investigados pelo Congresso.<\/p>\n<h2 class=\"postParagraph_post-paragraph__juWZN postParagraph_post-paragraph-innerHtml__Q5vwc postParagraph_type-tag-h2__TtFkT\" style=\"text-align: justify;\">Para especialista, governo americano continua pressionando forte o Brasil<\/h2>\n<p class=\"postParagraph_post-paragraph__juWZN postParagraph_post-paragraph-innerHtml__Q5vwc\" style=\"text-align: justify;\">Daniel Afonso da Silva, professor de Rela\u00e7\u00f5es Internacionais da USP, avalia com cautela informa\u00e7\u00f5es divulgadas sobre a \u201csuposta negocia\u00e7\u00e3o entre Brasil e Estados Unidos\u201d para suspender san\u00e7\u00f5es comerciais e pol\u00edticas.<\/p>\n<p class=\"postParagraph_post-paragraph__juWZN postParagraph_post-paragraph-innerHtml__Q5vwc\" style=\"text-align: justify;\">Segundo ele, as men\u00e7\u00f5es a termos colocados na mesa por Washington n\u00e3o oferecem elementos suficientes para identificar quais pontos de fato avan\u00e7aram, nem se algum deles teve peso decisivo para a mudan\u00e7a de postura de Trump.<\/p>\n<blockquote>\n<p class=\"postParagraph_post-paragraph__juWZN postParagraph_post-paragraph-innerHtml__Q5vwc\"><em>\u201cAo ler o notici\u00e1rio e as an\u00e1lises da imprensa, fico me perguntando como efetivamente se fez essa suposta negocia\u00e7\u00e3o. Vejo impress\u00f5es, ila\u00e7\u00f5es, mas n\u00e3o consigo notar materialidade\u201d, afirmou.<\/em><\/p>\n<\/blockquote>\n<p class=\"postParagraph_post-paragraph__juWZN postParagraph_post-paragraph-innerHtml__Q5vwc\" style=\"text-align: justify;\">Para o pesquisador, a leitura mais ampla do cen\u00e1rio internacional indica que n\u00e3o houve recuo substantivo por parte dos Estados Unidos.<\/p>\n<p class=\"postParagraph_post-paragraph__juWZN postParagraph_post-paragraph-innerHtml__Q5vwc\" style=\"text-align: justify;\">Ele ressalta que, embora possa haver ajustes pontuais de ret\u00f3rica ou de ritmo, Washington mant\u00e9m a estrat\u00e9gia de press\u00e3o sobre o governo Lula em diversas frentes, incluindo com\u00e9rcio, alinhamento geopol\u00edtico e agendas regulat\u00f3rias.<\/p>\n<p style=\"text-align: justify;\"><i><b>Continue em nossa companhia em:<\/b><\/i> <a href=\"http:\/\/www.mspontocom.com.br\/\"><span style=\"color: #0000ff;\"><span style=\"font-family: Comic Sans MS, cursive;\"><span style=\"font-size: small;\"><u>www.mspontocom.com.br<\/u><\/span><\/span><\/span><\/a><\/p>\n<\/div>\n","protected":false},"excerpt":{"rendered":"<p>Protegidos pelo sigilo diplom\u00e1tico, os pontos nos quais o presidente Lula cedeu para obter a decis\u00e3o do governo dos Estados Unidos de retirar as san\u00e7\u00f5es previstas na Lei Magnitsky contra o ministro Alexandre de Moraes continuam sendo alvo de especula\u00e7\u00f5es de analistas e parlamentares. Desde o an\u00fancio da medida, na \u00faltima sexta-feira (12), se intensificaram [&hellip;]<\/p>\n","protected":false},"author":2,"featured_media":205625,"comment_status":"open","ping_status":"open","sticky":false,"template":"","format":"standard","meta":{"_monsterinsights_skip_tracking":false,"_monsterinsights_sitenote_active":false,"_monsterinsights_sitenote_note":"","_monsterinsights_sitenote_category":0},"categories":[6,30260,7,30259,12],"tags":[7556,1539,480,43374,35247,44008],"aioseo_notices":[],"_links":{"self":[{"href":"https:\/\/mspontocom.com.br\/site\/wp-json\/wp\/v2\/posts\/205615"}],"collection":[{"href":"https:\/\/mspontocom.com.br\/site\/wp-json\/wp\/v2\/posts"}],"about":[{"href":"https:\/\/mspontocom.com.br\/site\/wp-json\/wp\/v2\/types\/post"}],"author":[{"embeddable":true,"href":"https:\/\/mspontocom.com.br\/site\/wp-json\/wp\/v2\/users\/2"}],"replies":[{"embeddable":true,"href":"https:\/\/mspontocom.com.br\/site\/wp-json\/wp\/v2\/comments?post=205615"}],"version-history":[{"count":2,"href":"https:\/\/mspontocom.com.br\/site\/wp-json\/wp\/v2\/posts\/205615\/revisions"}],"predecessor-version":[{"id":205626,"href":"https:\/\/mspontocom.com.br\/site\/wp-json\/wp\/v2\/posts\/205615\/revisions\/205626"}],"wp:featuredmedia":[{"embeddable":true,"href":"https:\/\/mspontocom.com.br\/site\/wp-json\/wp\/v2\/media\/205625"}],"wp:attachment":[{"href":"https:\/\/mspontocom.com.br\/site\/wp-json\/wp\/v2\/media?parent=205615"}],"wp:term":[{"taxonomy":"category","embeddable":true,"href":"https:\/\/mspontocom.com.br\/site\/wp-json\/wp\/v2\/categories?post=205615"},{"taxonomy":"post_tag","embeddable":true,"href":"https:\/\/mspontocom.com.br\/site\/wp-json\/wp\/v2\/tags?post=205615"}],"curies":[{"name":"wp","href":"https:\/\/api.w.org\/{rel}","templated":true}]}}