{"id":205715,"date":"2025-12-21T06:41:13","date_gmt":"2025-12-21T10:41:13","guid":{"rendered":"https:\/\/mspontocom.com.br\/site\/?p=205715"},"modified":"2025-12-21T06:41:13","modified_gmt":"2025-12-21T10:41:13","slug":"lula-nao-assina-texto-do-mercosul-que-pede-democracia-na-venezuela","status":"publish","type":"post","link":"https:\/\/mspontocom.com.br\/site\/lula-nao-assina-texto-do-mercosul-que-pede-democracia-na-venezuela\/","title":{"rendered":"Lula n\u00e3o assina texto do Mercosul que pede democracia na Venezuela"},"content":{"rendered":"<p style=\"text-align: justify;\"><img loading=\"lazy\" class=\"alignnone size-full wp-image-205722\" src=\"http:\/\/mspontocom.com.br\/site\/wp-content\/uploads\/2025\/12\/site-lula-nao-assina-texto-do-mercosul-que-pede-democracia-na-venezuela-maduro.webp\" alt=\"\" width=\"1212\" height=\"909\" srcset=\"https:\/\/mspontocom.com.br\/site\/wp-content\/uploads\/2025\/12\/site-lula-nao-assina-texto-do-mercosul-que-pede-democracia-na-venezuela-maduro.webp 1212w, https:\/\/mspontocom.com.br\/site\/wp-content\/uploads\/2025\/12\/site-lula-nao-assina-texto-do-mercosul-que-pede-democracia-na-venezuela-maduro-260x195.webp 260w, https:\/\/mspontocom.com.br\/site\/wp-content\/uploads\/2025\/12\/site-lula-nao-assina-texto-do-mercosul-que-pede-democracia-na-venezuela-maduro-1024x768.webp 1024w, https:\/\/mspontocom.com.br\/site\/wp-content\/uploads\/2025\/12\/site-lula-nao-assina-texto-do-mercosul-que-pede-democracia-na-venezuela-maduro-768x576.webp 768w\" sizes=\"(max-width: 1212px) 100vw, 1212px\" \/>Argentina, Paraguai, Panam\u00e1, Bol\u00edvia, Equador e Peru divulgaram de forma conjunta neste s\u00e1bado (20) um documento em que pedem o restabelecimento da ordem democr\u00e1tica na Venezuela e a liberta\u00e7\u00e3o de todos os presos pol\u00edticos do pa\u00eds.<\/p>\n<p style=\"text-align: justify;\">O governo do Brasil, liderado pelo presidente Luiz In\u00e1cio Lula da Silva, n\u00e3o assinou o texto.<\/p>\n<div id=\"tp-post-content\" style=\"text-align: justify;\">\n<p class=\"postParagraph_post-paragraph__juWZN postParagraph_post-paragraph-innerHtml__Q5vwc\">No comunicado, os seis governos expressam profunda preocupa\u00e7\u00e3o com a crise migrat\u00f3ria, humanit\u00e1ria e social na Venezuela e exortam as autoridades do pa\u00eds, sob comando do regime de Nicol\u00e1s Maduro, a cumprir padr\u00f5es internacionais de direitos humanos, garantir o devido processo legal, restaurar a ordem democr\u00e1tica e libertar imediatamente cidad\u00e3os presos de forma arbitr\u00e1ria.<\/p>\n<p class=\"postParagraph_post-paragraph__juWZN postParagraph_post-paragraph-innerHtml__Q5vwc\">Segundo fontes ouvidas pela ag\u00eancia\u00a0<em>EFE<\/em>, a situa\u00e7\u00e3o da Venezuela foi discutida durante a c\u00fapula do Mercosul realizada neste fim de semana, mas acabou ficando fora da declara\u00e7\u00e3o final do bloco por falta de consenso entre os governos.<\/p>\n<p class=\"postParagraph_post-paragraph__juWZN postParagraph_post-paragraph-innerHtml__Q5vwc\">O Brasil defendia que qualquer men\u00e7\u00e3o ao pa\u00eds, que vive sob a ditadura sangrenta de Maduro, inclu\u00edsse tamb\u00e9m cr\u00edticas ao movimento militar dos Estados Unidos na regi\u00e3o e \u00e0s san\u00e7\u00f5es unilaterais, posi\u00e7\u00e3o que n\u00e3o foi aceita pelos demais integrantes.<\/p>\n<p class=\"postParagraph_post-paragraph__juWZN postParagraph_post-paragraph-innerHtml__Q5vwc\">Al\u00e9m do Brasil, o Uruguai tamb\u00e9m n\u00e3o aderiu ao texto.<\/p>\n<p><i><b>Continue em nossa companhia em:<\/b><\/i> <a href=\"http:\/\/www.mspontocom.com.br\/\"><span style=\"color: #0000ff;\"><span style=\"font-family: Comic Sans MS, cursive;\"><span style=\"font-size: small;\"><u>www.mspontocom.com.br<\/u><\/span><\/span><\/span><\/a><\/p>\n<\/div>\n<p style=\"text-align: justify;\"><a href=\"https:\/\/www.gazetadopovo.com.br\/mundo\/governo-lula-nao-assina-texto-de-paises-do-mercosul-que-pede-democracia-na-venezuela\/\">Via Gazeta do Povo<\/a><\/p>\n","protected":false},"excerpt":{"rendered":"<p>Argentina, Paraguai, Panam\u00e1, Bol\u00edvia, Equador e Peru divulgaram de forma conjunta neste s\u00e1bado (20) um documento em que pedem o restabelecimento da ordem democr\u00e1tica na Venezuela e a liberta\u00e7\u00e3o de todos os presos pol\u00edticos do pa\u00eds. O governo do Brasil, liderado pelo presidente Luiz In\u00e1cio Lula da Silva, n\u00e3o assinou o texto. No comunicado, os [&hellip;]<\/p>\n","protected":false},"author":2,"featured_media":205722,"comment_status":"open","ping_status":"open","sticky":false,"template":"","format":"standard","meta":{"_monsterinsights_skip_tracking":false,"_monsterinsights_sitenote_active":false,"_monsterinsights_sitenote_note":"","_monsterinsights_sitenote_category":0},"categories":[6,30260,7,30259,12],"tags":[129,480,1213,43346,23347,1310],"aioseo_notices":[],"_links":{"self":[{"href":"https:\/\/mspontocom.com.br\/site\/wp-json\/wp\/v2\/posts\/205715"}],"collection":[{"href":"https:\/\/mspontocom.com.br\/site\/wp-json\/wp\/v2\/posts"}],"about":[{"href":"https:\/\/mspontocom.com.br\/site\/wp-json\/wp\/v2\/types\/post"}],"author":[{"embeddable":true,"href":"https:\/\/mspontocom.com.br\/site\/wp-json\/wp\/v2\/users\/2"}],"replies":[{"embeddable":true,"href":"https:\/\/mspontocom.com.br\/site\/wp-json\/wp\/v2\/comments?post=205715"}],"version-history":[{"count":2,"href":"https:\/\/mspontocom.com.br\/site\/wp-json\/wp\/v2\/posts\/205715\/revisions"}],"predecessor-version":[{"id":205723,"href":"https:\/\/mspontocom.com.br\/site\/wp-json\/wp\/v2\/posts\/205715\/revisions\/205723"}],"wp:featuredmedia":[{"embeddable":true,"href":"https:\/\/mspontocom.com.br\/site\/wp-json\/wp\/v2\/media\/205722"}],"wp:attachment":[{"href":"https:\/\/mspontocom.com.br\/site\/wp-json\/wp\/v2\/media?parent=205715"}],"wp:term":[{"taxonomy":"category","embeddable":true,"href":"https:\/\/mspontocom.com.br\/site\/wp-json\/wp\/v2\/categories?post=205715"},{"taxonomy":"post_tag","embeddable":true,"href":"https:\/\/mspontocom.com.br\/site\/wp-json\/wp\/v2\/tags?post=205715"}],"curies":[{"name":"wp","href":"https:\/\/api.w.org\/{rel}","templated":true}]}}