{"id":205754,"date":"2025-12-22T05:15:51","date_gmt":"2025-12-22T09:15:51","guid":{"rendered":"https:\/\/mspontocom.com.br\/site\/?p=205754"},"modified":"2025-12-22T09:16:32","modified_gmt":"2025-12-22T13:16:32","slug":"marcal-filho-tem-892-de-aprovacao-na-administracao-de-dourados","status":"publish","type":"post","link":"https:\/\/mspontocom.com.br\/site\/marcal-filho-tem-892-de-aprovacao-na-administracao-de-dourados\/","title":{"rendered":"Mar\u00e7al Filho tem 89,2 % de aprova\u00e7\u00e3o na administra\u00e7\u00e3o de Dourados"},"content":{"rendered":"<p style=\"text-align: justify;\"><img loading=\"lazy\" class=\"alignnone size-full wp-image-205755\" src=\"http:\/\/mspontocom.com.br\/site\/wp-content\/uploads\/2025\/12\/site-marcal-filho-tem-892-de-aprovacao-na-administracao-de-dourados-marcal.webp\" alt=\"\" width=\"984\" height=\"547\" srcset=\"https:\/\/mspontocom.com.br\/site\/wp-content\/uploads\/2025\/12\/site-marcal-filho-tem-892-de-aprovacao-na-administracao-de-dourados-marcal.webp 984w, https:\/\/mspontocom.com.br\/site\/wp-content\/uploads\/2025\/12\/site-marcal-filho-tem-892-de-aprovacao-na-administracao-de-dourados-marcal-260x145.webp 260w, https:\/\/mspontocom.com.br\/site\/wp-content\/uploads\/2025\/12\/site-marcal-filho-tem-892-de-aprovacao-na-administracao-de-dourados-marcal-768x427.webp 768w\" sizes=\"(max-width: 984px) 100vw, 984px\" \/>O prefeito de Dourados, Mar\u00e7al Filho (PSDB), chega ao fim do primeiro ano de mandato com a forma de administra\u00e7\u00e3o aprovada por 89,2%.<\/p>\n<p style=\"text-align: justify;\">O bom desempenho do chefe do Poder Executivo aparece em pesquisa do Novo Ibrape.<\/p>\n<p style=\"text-align: justify;\">O instituto quis saber como o entrevistado avalia a gest\u00e3o municipal de Dourados de forma geral.<\/p>\n<p style=\"text-align: justify;\">O resultado foi de 81,9% de aprova\u00e7\u00e3o (soma de \u00f3timo, bom e regular positivo) e 18,1% de reprova\u00e7\u00e3o<\/p>\n<p style=\"text-align: justify;\">Para 78,1% da popula\u00e7\u00e3o, a cidade de Dourados est\u00e1 melhorando. Outros 17,3% avaliam que est\u00e1 igual. Enquanto 3,2% apontam piora. J\u00e1 1,4% n\u00e3o soube responder.<\/p>\n<p style=\"text-align: justify;\">A pesquisa foi realizada entre os dias 15 e 19 de dezembro, com 500 entrevistas domiciliares.<\/p>\n<p style=\"text-align: justify;\">A margem de erro \u00e9 de 4.4 pontos percentuais.<\/p>\n<p style=\"text-align: justify;\">O levantamento tem 95% de intervalo de confian\u00e7a.<\/p>\n","protected":false},"excerpt":{"rendered":"<p>O prefeito de Dourados, Mar\u00e7al Filho (PSDB), chega ao fim do primeiro ano de mandato com a forma de administra\u00e7\u00e3o aprovada por 89,2%. O bom desempenho do chefe do Poder Executivo aparece em pesquisa do Novo Ibrape. O instituto quis saber como o entrevistado avalia a gest\u00e3o municipal de Dourados de forma geral. O resultado [&hellip;]<\/p>\n","protected":false},"author":2,"featured_media":205755,"comment_status":"open","ping_status":"open","sticky":false,"template":"","format":"standard","meta":{"_monsterinsights_skip_tracking":false,"_monsterinsights_sitenote_active":false,"_monsterinsights_sitenote_note":"","_monsterinsights_sitenote_category":0},"categories":[74,12],"tags":[7418,192,41816],"aioseo_notices":[],"_links":{"self":[{"href":"https:\/\/mspontocom.com.br\/site\/wp-json\/wp\/v2\/posts\/205754"}],"collection":[{"href":"https:\/\/mspontocom.com.br\/site\/wp-json\/wp\/v2\/posts"}],"about":[{"href":"https:\/\/mspontocom.com.br\/site\/wp-json\/wp\/v2\/types\/post"}],"author":[{"embeddable":true,"href":"https:\/\/mspontocom.com.br\/site\/wp-json\/wp\/v2\/users\/2"}],"replies":[{"embeddable":true,"href":"https:\/\/mspontocom.com.br\/site\/wp-json\/wp\/v2\/comments?post=205754"}],"version-history":[{"count":2,"href":"https:\/\/mspontocom.com.br\/site\/wp-json\/wp\/v2\/posts\/205754\/revisions"}],"predecessor-version":[{"id":205757,"href":"https:\/\/mspontocom.com.br\/site\/wp-json\/wp\/v2\/posts\/205754\/revisions\/205757"}],"wp:featuredmedia":[{"embeddable":true,"href":"https:\/\/mspontocom.com.br\/site\/wp-json\/wp\/v2\/media\/205755"}],"wp:attachment":[{"href":"https:\/\/mspontocom.com.br\/site\/wp-json\/wp\/v2\/media?parent=205754"}],"wp:term":[{"taxonomy":"category","embeddable":true,"href":"https:\/\/mspontocom.com.br\/site\/wp-json\/wp\/v2\/categories?post=205754"},{"taxonomy":"post_tag","embeddable":true,"href":"https:\/\/mspontocom.com.br\/site\/wp-json\/wp\/v2\/tags?post=205754"}],"curies":[{"name":"wp","href":"https:\/\/api.w.org\/{rel}","templated":true}]}}