{"id":205815,"date":"2025-12-26T05:33:24","date_gmt":"2025-12-26T09:33:24","guid":{"rendered":"https:\/\/mspontocom.com.br\/site\/?p=205815"},"modified":"2025-12-26T05:33:24","modified_gmt":"2025-12-26T09:33:24","slug":"the-new-york-times-relata-boicote-da-direita-a-havaianas","status":"publish","type":"post","link":"https:\/\/mspontocom.com.br\/site\/the-new-york-times-relata-boicote-da-direita-a-havaianas\/","title":{"rendered":"The New York Times relata boicote da direita \u00e0 Havaianas"},"content":{"rendered":"<div id=\"tp-post-content\">\n<p class=\"postParagraph_post-paragraph__juWZN postParagraph_post-paragraph-innerHtml__Q5vwc\" style=\"text-align: justify;\"><img loading=\"lazy\" class=\"alignnone size-full wp-image-205823\" src=\"http:\/\/mspontocom.com.br\/site\/wp-content\/uploads\/2025\/12\/site-the-new-york-times-relata-boicote-da-direita-contra-a-havaianas-havaianas-e-fernanda-torres-2-696x464-1.jpeg\" alt=\"\" width=\"696\" height=\"464\" srcset=\"https:\/\/mspontocom.com.br\/site\/wp-content\/uploads\/2025\/12\/site-the-new-york-times-relata-boicote-da-direita-contra-a-havaianas-havaianas-e-fernanda-torres-2-696x464-1.jpeg 696w, https:\/\/mspontocom.com.br\/site\/wp-content\/uploads\/2025\/12\/site-the-new-york-times-relata-boicote-da-direita-contra-a-havaianas-havaianas-e-fernanda-torres-2-696x464-1-260x173.jpeg 260w\" sizes=\"(max-width: 696px) 100vw, 696px\" \/>O\u00a0<em>The New York Times<\/em>\u00a0destacou nesta quinta-feira (25) que a marca brasileira Havaianas virou alvo de um boicote articulado pela direita ap\u00f3s a veicula\u00e7\u00e3o de uma propaganda de fim de ano interpretada como provoca\u00e7\u00e3o ideol\u00f3gica.<\/p>\n<p class=\"postParagraph_post-paragraph__juWZN postParagraph_post-paragraph-innerHtml__Q5vwc\" style=\"text-align: justify;\">No texto, o\u00a0<em>New York Times<\/em>\u00a0relata que a campanha fez refer\u00eancia \u00e0 express\u00e3o popular \u201ccome\u00e7ar com o p\u00e9 direito\u201d, ao sugerir que o novo ano fosse iniciado \u201ccom os dois p\u00e9s\u201d.<\/p>\n<p class=\"postParagraph_post-paragraph__juWZN postParagraph_post-paragraph-innerHtml__Q5vwc\" style=\"text-align: justify;\">A mensagem foi rapidamente politizada por lideran\u00e7as conservadoras, que passaram a acusar a marca de alinhamento \u00e0 esquerda e convocaram um boicote nas redes sociais.<\/p>\n<p class=\"postParagraph_post-paragraph__juWZN postParagraph_post-paragraph-innerHtml__Q5vwc\" style=\"text-align: justify;\">A campanha, apresentada pela atriz Fernanda Torres mostrava a artista desejando que as pessoas come\u00e7assem 2026 \u201ccom os dois p\u00e9s\u201d, em vez de apenas com o p\u00e9 direito.<\/p>\n<p class=\"postParagraph_post-paragraph__juWZN postParagraph_post-paragraph-innerHtml__Q5vwc\" style=\"text-align: justify;\">Para setores conservadores, no entanto, a frase foi interpretada como uma provoca\u00e7\u00e3o ideol\u00f3gica contra aqueles que se identificam com a direita pol\u00edtica.<\/p>\n<p class=\"postParagraph_post-paragraph__juWZN postParagraph_post-paragraph-innerHtml__Q5vwc\" style=\"text-align: justify;\">Logo ap\u00f3s a veicula\u00e7\u00e3o do comercial, pol\u00edticos e influenciadores alinhados \u00e0 direita come\u00e7aram a convocar um boicote \u00e0 marca nas redes sociais.<\/p>\n<p class=\"postParagraph_post-paragraph__juWZN postParagraph_post-paragraph-innerHtml__Q5vwc\" style=\"text-align: justify;\">Um dos epis\u00f3dios que mais repercutiu foi a divulga\u00e7\u00e3o de um v\u00eddeo em que Eduardo Bolsonaro, filho do ex-presidente Jair Bolsonaro, joga um par de Havaianas no lixo.<\/p>\n<p class=\"postParagraph_post-paragraph__juWZN postParagraph_post-paragraph-innerHtml__Q5vwc\" style=\"text-align: justify;\">A repercuss\u00e3o\u00a0<em>internacional<\/em>\u00a0do epis\u00f3dio, segundo o\u00a0<em>New York Times<\/em>, evidencia como at\u00e9 elementos culturais trivialmente populares \u2014 como um par de chinelos \u2014 podem se tornar s\u00edmbolos pol\u00edticos em um pa\u00eds profundamente polarizado.<\/p>\n<p style=\"text-align: justify;\"><i><b>Continue em nossa companhia em:<\/b><\/i> <a href=\"http:\/\/www.mspontocom.com.br\/\"><span style=\"color: #0000ff;\"><span style=\"font-family: Comic Sans MS, cursive;\"><span style=\"font-size: small;\"><u>www.mspontocom.com.br<\/u><\/span><\/span><\/span><\/a><\/p>\n<\/div>\n<p style=\"text-align: justify;\"><a href=\"https:\/\/www.gazetadopovo.com.br\/republica\/the-new-york-times-relata-boicote-da-direita-contra-a-havaianas\/\">Via Gazeta do Povo<\/a><\/p>\n","protected":false},"excerpt":{"rendered":"<p>O\u00a0The New York Times\u00a0destacou nesta quinta-feira (25) que a marca brasileira Havaianas virou alvo de um boicote articulado pela direita ap\u00f3s a veicula\u00e7\u00e3o de uma propaganda de fim de ano interpretada como provoca\u00e7\u00e3o ideol\u00f3gica. No texto, o\u00a0New York Times\u00a0relata que a campanha fez refer\u00eancia \u00e0 express\u00e3o popular \u201ccome\u00e7ar com o p\u00e9 direito\u201d, ao sugerir que [&hellip;]<\/p>\n","protected":false},"author":2,"featured_media":205823,"comment_status":"open","ping_status":"open","sticky":false,"template":"","format":"standard","meta":{"_monsterinsights_skip_tracking":false,"_monsterinsights_sitenote_active":false,"_monsterinsights_sitenote_note":"","_monsterinsights_sitenote_category":0},"categories":[7,12],"tags":[6326,32323,39494,7380],"aioseo_notices":[],"_links":{"self":[{"href":"https:\/\/mspontocom.com.br\/site\/wp-json\/wp\/v2\/posts\/205815"}],"collection":[{"href":"https:\/\/mspontocom.com.br\/site\/wp-json\/wp\/v2\/posts"}],"about":[{"href":"https:\/\/mspontocom.com.br\/site\/wp-json\/wp\/v2\/types\/post"}],"author":[{"embeddable":true,"href":"https:\/\/mspontocom.com.br\/site\/wp-json\/wp\/v2\/users\/2"}],"replies":[{"embeddable":true,"href":"https:\/\/mspontocom.com.br\/site\/wp-json\/wp\/v2\/comments?post=205815"}],"version-history":[{"count":2,"href":"https:\/\/mspontocom.com.br\/site\/wp-json\/wp\/v2\/posts\/205815\/revisions"}],"predecessor-version":[{"id":205824,"href":"https:\/\/mspontocom.com.br\/site\/wp-json\/wp\/v2\/posts\/205815\/revisions\/205824"}],"wp:featuredmedia":[{"embeddable":true,"href":"https:\/\/mspontocom.com.br\/site\/wp-json\/wp\/v2\/media\/205823"}],"wp:attachment":[{"href":"https:\/\/mspontocom.com.br\/site\/wp-json\/wp\/v2\/media?parent=205815"}],"wp:term":[{"taxonomy":"category","embeddable":true,"href":"https:\/\/mspontocom.com.br\/site\/wp-json\/wp\/v2\/categories?post=205815"},{"taxonomy":"post_tag","embeddable":true,"href":"https:\/\/mspontocom.com.br\/site\/wp-json\/wp\/v2\/tags?post=205815"}],"curies":[{"name":"wp","href":"https:\/\/api.w.org\/{rel}","templated":true}]}}