{"id":205995,"date":"2026-01-05T07:01:18","date_gmt":"2026-01-05T11:01:18","guid":{"rendered":"https:\/\/mspontocom.com.br\/site\/?p=205995"},"modified":"2026-01-05T07:01:18","modified_gmt":"2026-01-05T11:01:18","slug":"conselheiro-de-trump-xinga-lula-por-reagir-a-queda-de-maduro","status":"publish","type":"post","link":"https:\/\/mspontocom.com.br\/site\/conselheiro-de-trump-xinga-lula-por-reagir-a-queda-de-maduro\/","title":{"rendered":"Conselheiro de Trump xinga Lula por reagir \u00e0 queda de Maduro"},"content":{"rendered":"<p style=\"text-align: justify;\"><img loading=\"lazy\" class=\"alignnone size-full wp-image-206002\" src=\"http:\/\/mspontocom.com.br\/site\/wp-content\/uploads\/2026\/01\/site-conselheiro-de-trump-xinga-lula-por-reacao-a-queda-de-maduro-jason.webp\" alt=\"\" width=\"1250\" height=\"600\" srcset=\"https:\/\/mspontocom.com.br\/site\/wp-content\/uploads\/2026\/01\/site-conselheiro-de-trump-xinga-lula-por-reacao-a-queda-de-maduro-jason.webp 1250w, https:\/\/mspontocom.com.br\/site\/wp-content\/uploads\/2026\/01\/site-conselheiro-de-trump-xinga-lula-por-reacao-a-queda-de-maduro-jason-260x125.webp 260w, https:\/\/mspontocom.com.br\/site\/wp-content\/uploads\/2026\/01\/site-conselheiro-de-trump-xinga-lula-por-reacao-a-queda-de-maduro-jason-1024x492.webp 1024w, https:\/\/mspontocom.com.br\/site\/wp-content\/uploads\/2026\/01\/site-conselheiro-de-trump-xinga-lula-por-reacao-a-queda-de-maduro-jason-768x369.webp 768w\" sizes=\"(max-width: 1250px) 100vw, 1250px\" \/>Jason Miller que foi conselheiro de Donald Trump, fez uma publica\u00e7\u00e3o em seu perfil no X xingando o presidente Lula por causa da rea\u00e7\u00e3o do l\u00edder brasileiro \u00e0 a\u00e7\u00e3o militar dos Estados Unidos na Venezuela que culminou na captura de Nicol\u00e1s Maduro.<\/p>\n<blockquote><p><span style=\"font-size: 14pt;\"><em>\u201cVai se foder, Lula. Agora todos n\u00f3s sabemos qual \u00e9 a sua posi\u00e7\u00e3o!\u201d, escreveu Miller.<\/em><\/span><\/p><\/blockquote>\n<p style=\"text-align: justify;\">No s\u00e1bado (3.jan), ap\u00f3s os bombardeios das For\u00e7as Armadas norte-americanas na Venezuela e da deten\u00e7\u00e3o de Maduro, Lula declarou que as a\u00e7\u00f5es ultrapassavam \u201ca linha do inaceit\u00e1vel\u201d e representavam \u201cuma afronta grav\u00edssima \u00e0 soberania\u201d do pa\u00eds vizinho.<\/p>\n<p style=\"text-align: justify;\">O l\u00edder venezuelano deposto foi detido e levado por via a\u00e9rea aos Estados Unidos.<\/p>\n<p style=\"text-align: justify;\">Ele \u00e9 alvo de um indiciamento do Tribunal do Distrito Sul de Nova York por 4 crimes relacionados ao tr\u00e1fico de drogas.<\/p>\n<p style=\"text-align: justify;\"><img loading=\"lazy\" class=\"alignnone size-full wp-image-206001\" src=\"http:\/\/mspontocom.com.br\/site\/wp-content\/uploads\/2026\/01\/site-ex-conselheiro-de-trump-xinga-lula-por-reacao-a-captura-de-maduro-miller-lula-xinga-4jan2026.webp\" alt=\"\" width=\"1394\" height=\"1178\" srcset=\"https:\/\/mspontocom.com.br\/site\/wp-content\/uploads\/2026\/01\/site-ex-conselheiro-de-trump-xinga-lula-por-reacao-a-captura-de-maduro-miller-lula-xinga-4jan2026.webp 1394w, https:\/\/mspontocom.com.br\/site\/wp-content\/uploads\/2026\/01\/site-ex-conselheiro-de-trump-xinga-lula-por-reacao-a-captura-de-maduro-miller-lula-xinga-4jan2026-260x220.webp 260w, https:\/\/mspontocom.com.br\/site\/wp-content\/uploads\/2026\/01\/site-ex-conselheiro-de-trump-xinga-lula-por-reacao-a-captura-de-maduro-miller-lula-xinga-4jan2026-1024x865.webp 1024w, https:\/\/mspontocom.com.br\/site\/wp-content\/uploads\/2026\/01\/site-ex-conselheiro-de-trump-xinga-lula-por-reacao-a-captura-de-maduro-miller-lula-xinga-4jan2026-768x649.webp 768w\" sizes=\"(max-width: 1394px) 100vw, 1394px\" \/><\/p>\n<p><i><b>Continue em nossa companhia em:<\/b><\/i> <a href=\"http:\/\/www.mspontocom.com.br\/\"><span style=\"color: #0000ff;\"><span style=\"font-family: Comic Sans MS, cursive;\"><span style=\"font-size: small;\"><u>www.mspontocom.com.br<\/u><\/span><\/span><\/span><\/a><\/p>\n","protected":false},"excerpt":{"rendered":"<p>Jason Miller que foi conselheiro de Donald Trump, fez uma publica\u00e7\u00e3o em seu perfil no X xingando o presidente Lula por causa da rea\u00e7\u00e3o do l\u00edder brasileiro \u00e0 a\u00e7\u00e3o militar dos Estados Unidos na Venezuela que culminou na captura de Nicol\u00e1s Maduro. \u201cVai se foder, Lula. Agora todos n\u00f3s sabemos qual \u00e9 a sua posi\u00e7\u00e3o!\u201d, [&hellip;]<\/p>\n","protected":false},"author":2,"featured_media":206002,"comment_status":"open","ping_status":"open","sticky":false,"template":"","format":"standard","meta":{"_monsterinsights_skip_tracking":false,"_monsterinsights_sitenote_active":false,"_monsterinsights_sitenote_note":"","_monsterinsights_sitenote_category":0},"categories":[30260,7,30259,12],"tags":[25033,44056,480,29082,2511,28326,44057],"aioseo_notices":[],"_links":{"self":[{"href":"https:\/\/mspontocom.com.br\/site\/wp-json\/wp\/v2\/posts\/205995"}],"collection":[{"href":"https:\/\/mspontocom.com.br\/site\/wp-json\/wp\/v2\/posts"}],"about":[{"href":"https:\/\/mspontocom.com.br\/site\/wp-json\/wp\/v2\/types\/post"}],"author":[{"embeddable":true,"href":"https:\/\/mspontocom.com.br\/site\/wp-json\/wp\/v2\/users\/2"}],"replies":[{"embeddable":true,"href":"https:\/\/mspontocom.com.br\/site\/wp-json\/wp\/v2\/comments?post=205995"}],"version-history":[{"count":2,"href":"https:\/\/mspontocom.com.br\/site\/wp-json\/wp\/v2\/posts\/205995\/revisions"}],"predecessor-version":[{"id":206003,"href":"https:\/\/mspontocom.com.br\/site\/wp-json\/wp\/v2\/posts\/205995\/revisions\/206003"}],"wp:featuredmedia":[{"embeddable":true,"href":"https:\/\/mspontocom.com.br\/site\/wp-json\/wp\/v2\/media\/206002"}],"wp:attachment":[{"href":"https:\/\/mspontocom.com.br\/site\/wp-json\/wp\/v2\/media?parent=205995"}],"wp:term":[{"taxonomy":"category","embeddable":true,"href":"https:\/\/mspontocom.com.br\/site\/wp-json\/wp\/v2\/categories?post=205995"},{"taxonomy":"post_tag","embeddable":true,"href":"https:\/\/mspontocom.com.br\/site\/wp-json\/wp\/v2\/tags?post=205995"}],"curies":[{"name":"wp","href":"https:\/\/api.w.org\/{rel}","templated":true}]}}