{"id":206008,"date":"2026-01-05T05:00:08","date_gmt":"2026-01-05T09:00:08","guid":{"rendered":"https:\/\/mspontocom.com.br\/site\/?p=206008"},"modified":"2026-01-05T08:33:43","modified_gmt":"2026-01-05T12:33:43","slug":"veja-como-contestar-o-valor-cobrado-pelo-iptu-em-campo-grande","status":"publish","type":"post","link":"https:\/\/mspontocom.com.br\/site\/veja-como-contestar-o-valor-cobrado-pelo-iptu-em-campo-grande\/","title":{"rendered":"Veja como contestar o valor cobrado pelo IPTU em Campo Grande"},"content":{"rendered":"<div id=\"chunk-3v39q\">\n<div class=\"mc-column content-text active-extra-styles \" data-block-type=\"unstyled\" data-block-weight=\"52\" data-block-id=\"4\">\n<p class=\" content-text__container \" style=\"text-align: justify;\" data-track-category=\"Link no Texto\" data-track-links=\"\"><img loading=\"lazy\" class=\"alignnone size-full wp-image-206014\" src=\"http:\/\/mspontocom.com.br\/site\/wp-content\/uploads\/2026\/01\/site-veja-como-contestar-o-valor-cobrado-pelo-iptu-em-campo-grande-iptu.jpeg\" alt=\"\" width=\"1200\" height=\"675\" srcset=\"https:\/\/mspontocom.com.br\/site\/wp-content\/uploads\/2026\/01\/site-veja-como-contestar-o-valor-cobrado-pelo-iptu-em-campo-grande-iptu.jpeg 1200w, https:\/\/mspontocom.com.br\/site\/wp-content\/uploads\/2026\/01\/site-veja-como-contestar-o-valor-cobrado-pelo-iptu-em-campo-grande-iptu-260x146.jpeg 260w, https:\/\/mspontocom.com.br\/site\/wp-content\/uploads\/2026\/01\/site-veja-como-contestar-o-valor-cobrado-pelo-iptu-em-campo-grande-iptu-1024x576.jpeg 1024w, https:\/\/mspontocom.com.br\/site\/wp-content\/uploads\/2026\/01\/site-veja-como-contestar-o-valor-cobrado-pelo-iptu-em-campo-grande-iptu-768x432.jpeg 768w\" sizes=\"(max-width: 1200px) 100vw, 1200px\" \/>Entidades comerciais e profissionais de Campo Grande questionaram a cobran\u00e7a do IPTU 2026.<\/p>\n<p class=\" content-text__container \" style=\"text-align: justify;\" data-track-category=\"Link no Texto\" data-track-links=\"\">Em documento entregue \u00e0 C\u00e2mara Municipal, o grupo apontou distor\u00e7\u00f5es no c\u00e1lculo do imposto, incluindo aumentos de at\u00e9 400% em bairros de baixa renda e redu\u00e7\u00e3o em \u00e1reas nobres, segundo nota emitida pelo grupo.<\/p>\n<\/div>\n<\/div>\n<div class=\"wall protected-content\">\n<div id=\"chunk-f05g8\">\n<div class=\"mc-column content-text active-extra-styles \" data-block-type=\"unstyled\" data-block-weight=\"35\" data-block-id=\"5\">\n<p class=\" content-text__container \" style=\"text-align: justify;\" data-track-category=\"Link no Texto\" data-track-links=\"\">O documento tamb\u00e9m cita falta de transpar\u00eancia.<\/p>\n<p class=\" content-text__container \" style=\"text-align: justify;\" data-track-category=\"Link no Texto\" data-track-links=\"\">Segundo as entidades, o portal da prefeitura de Campo Grande chegou a ficar fora do ar, o que impediu moradores a entenderem como os valores foram calculados.<\/p>\n<p style=\"text-align: justify;\" data-track-category=\"Link no Texto\" data-track-links=\"\">Outro ponto destacado \u00e9 a redu\u00e7\u00e3o do desconto para pagamento \u00e0 vista,<a class=\"\" href=\"https:\/\/g1.globo.com\/ms\/mato-grosso-do-sul\/noticia\/2025\/11\/12\/desconto-do-iptu-2026-em-campo-grande-cai-pela-metade-pagamento-a-vista-garante-reducao-de-10percent.ghtml\" data-mrf-link=\"https:\/\/g1.globo.com\/ms\/mato-grosso-do-sul\/noticia\/2025\/11\/12\/desconto-do-iptu-2026-em-campo-grande-cai-pela-metade-pagamento-a-vista-garante-reducao-de-10percent.ghtml\">\u00a0que caiu de 20% para 10%, com vencimento j\u00e1 em 12 de janeiro.<\/a><\/p>\n<p style=\"text-align: justify;\" data-track-category=\"Link no Texto\" data-track-links=\"\">O grupo pediu \u00e0 C\u00e2mara Municipal a suspens\u00e3o das cobran\u00e7as e a realiza\u00e7\u00e3o de uma audi\u00eancia p\u00fablica urgente.<\/p>\n<p style=\"text-align: justify;\" data-track-category=\"Link no Texto\" data-track-links=\"\">Assinam a carta:<\/p>\n<div id=\"chunk-3flgu\">\n<div class=\"mc-column content-text active-extra-styles\" style=\"text-align: justify;\" data-block-type=\"raw\" data-block-weight=\"53\" data-block-id=\"11\">\n<ul class=\"content-unordered-list\" data-mrf-recirculation=\"Mat\u00e9ria - Leia Tamb\u00e9m (Lista)\">\n<li>ADVI \u2013 Associa\u00e7\u00e3o dos Advogados Independentes;<\/li>\n<li>CDL \u2013 C\u00e2mara de Dirigentes Lojistas de Campo Grande;<\/li>\n<li>FCDL\/MS \u2013 Federa\u00e7\u00e3o das C\u00e2maras de Dirigentes Lojistas de Mato Grosso do Sul;<\/li>\n<li>SENGE\/MS \u2013 Sindicato dos Engenheiros no Estado de Mato Grosso do Sul;<\/li>\n<li>CRECI\/MS \u2013 Conselho Regional de Corretores de Im\u00f3veis de Mato Grosso do Sul.<\/li>\n<\/ul>\n<\/div>\n<div id=\"chunk-9ud28\" style=\"text-align: justify;\">\n<div class=\"mc-column content-text active-extra-styles \" data-block-type=\"unstyled\" data-block-weight=\"30\" data-block-id=\"13\"><\/div>\n<\/div>\n<div id=\"chunk-494sr\">\n<div class=\"mc-column content-text active-extra-styles \" data-block-type=\"unstyled\" data-block-weight=\"25\" data-block-id=\"14\">\n<p class=\" content-text__container \" style=\"text-align: justify;\" data-track-category=\"Link no Texto\" data-track-links=\"\" data-mrf-recirculation=\"Mat\u00e9ria - Links no Texto\"><span style=\"font-size: 18pt;\"><strong>Como contestar o valor do IPTU em Campo Grande<\/strong><\/span><\/p>\n<div id=\"chunk-fm2lh\" style=\"text-align: justify;\">\n<div class=\"mc-column content-text active-extra-styles \" data-block-type=\"unstyled\" data-block-weight=\"32\" data-block-id=\"20\">\n<p class=\" content-text__container \" data-track-category=\"Link no Texto\" data-track-links=\"\" data-mrf-recirculation=\"Mat\u00e9ria - Links no Texto\">Moradores que j\u00e1 receberam o carn\u00ea encontraram valores mais altos e desconto menor para pagamento \u00e0 vista.<\/p>\n<p class=\" content-text__container \" data-track-category=\"Link no Texto\" data-track-links=\"\" data-mrf-recirculation=\"Mat\u00e9ria - Links no Texto\">O que muitos n\u00e3o sabem \u00e9 que \u00e9 poss\u00edvel contestar o valor cobrado pela prefeitura.<\/p>\n<\/div>\n<\/div>\n<div id=\"chunk-25tu6\" style=\"text-align: justify;\">\n<div class=\"mc-column content-text active-extra-styles \" data-block-type=\"unstyled\" data-block-weight=\"39\" data-block-id=\"21\">\n<p class=\" content-text__container \" data-track-category=\"Link no Texto\" data-track-links=\"\" data-mrf-recirculation=\"Mat\u00e9ria - Links no Texto\">Conforme o edital do IPTU, quem discordar do valor pode apresentar uma contesta\u00e7\u00e3o administrativa \u00e0 Coordenadoria de Julgamentos e Consultas da Secretaria Municipal da Fazenda at\u00e9 10 de mar\u00e7o de 2026.<\/p>\n<p class=\" content-text__container \" data-track-category=\"Link no Texto\" data-track-links=\"\" data-mrf-recirculation=\"Mat\u00e9ria - Links no Texto\">\u00c9 necess\u00e1rio justificar o pedido e apresentar documentos.<\/p>\n<\/div>\n<\/div>\n<div id=\"chunk-66jps\" style=\"text-align: justify;\">\n<div class=\"mc-column content-text active-extra-styles \" data-block-type=\"unstyled\" data-block-weight=\"25\" data-block-id=\"22\">\n<p class=\" content-text__container \" data-track-category=\"Link no Texto\" data-track-links=\"\" data-mrf-recirculation=\"Mat\u00e9ria - Links no Texto\">Para iniciar o processo, o contribuinte deve acessar o site do IPTU e clicar na op\u00e7\u00e3o <strong>\u201cN\u00e3o concordo com o valor\u201d,<\/strong> que leva aos formul\u00e1rios.<\/p>\n<\/div>\n<\/div>\n<div id=\"chunk-8keke\" style=\"text-align: justify;\">\n<div class=\"mc-column content-text active-extra-styles \" data-block-type=\"unstyled\" data-block-weight=\"35\" data-block-id=\"23\">\n<p class=\" content-text__container \" data-track-category=\"Link no Texto\" data-track-links=\"\" data-mrf-recirculation=\"Mat\u00e9ria - Links no Texto\">Depois disso, \u00e9 preciso protocolar o pedido.<\/p>\n<p class=\" content-text__container \" data-track-category=\"Link no Texto\" data-track-links=\"\" data-mrf-recirculation=\"Mat\u00e9ria - Links no Texto\">Os documentos devem ser enviados, de prefer\u00eancia, em formato PDF.<\/p>\n<p class=\" content-text__container \" data-track-category=\"Link no Texto\" data-track-links=\"\" data-mrf-recirculation=\"Mat\u00e9ria - Links no Texto\">O contribuinte deve aguardar a confirma\u00e7\u00e3o por e-mail.<\/p>\n<\/div>\n<\/div>\n<div id=\"chunk-5gja9\" style=\"text-align: justify;\">\n<div class=\"mc-column content-text active-extra-styles \" data-block-type=\"unstyled\" data-block-weight=\"7\" data-block-id=\"24\">\n<p class=\" content-text__container \" data-track-category=\"Link no Texto\" data-track-links=\"\" data-mrf-recirculation=\"Mat\u00e9ria - Links no Texto\"><span style=\"font-size: 18pt;\"><strong>Para protocolar o pedido, o contribuinte deve:<\/strong><\/span><\/p>\n<\/div>\n<\/div>\n<div id=\"chunk-43cb6\" style=\"text-align: justify;\">\n<div class=\"mc-column content-text active-extra-styles\" data-block-type=\"raw\" data-block-weight=\"25\" data-block-id=\"25\">\n<ul class=\"content-unordered-list\" data-mrf-recirculation=\"Mat\u00e9ria - Leia Tamb\u00e9m (Lista)\">\n<li>baixar e preencher o requerimento;<\/li>\n<li>reunir a documenta\u00e7\u00e3o exigida;<\/li>\n<li>preencher o Termo de Ades\u00e3o ao Domic\u00edlio Eletr\u00f4nico;<\/li>\n<li>enviar o pedido por um dos canais dispon\u00edveis.<\/li>\n<\/ul>\n<p>&nbsp;<\/p>\n<\/div>\n<\/div>\n<div id=\"chunk-83b55\" style=\"text-align: justify;\">\n<div class=\"mc-column content-text active-extra-styles \" data-block-type=\"unstyled\" data-block-weight=\"5\" data-block-id=\"26\">\n<p class=\" content-text__container \" data-track-category=\"Link no Texto\" data-track-links=\"\" data-mrf-recirculation=\"Mat\u00e9ria - Links no Texto\"><span style=\"font-size: 18pt;\"><strong>O pedido pode ser enviado:<\/strong><\/span><\/p>\n<\/div>\n<\/div>\n<div id=\"chunk-5ko2\">\n<div class=\"mc-column content-text active-extra-styles\" data-block-type=\"raw\" data-block-weight=\"31\" data-block-id=\"27\">\n<ul class=\"content-unordered-list\" style=\"text-align: justify;\" data-mrf-recirculation=\"Mat\u00e9ria - Leia Tamb\u00e9m (Lista)\">\n<li>por e-mail, para protocolo.cjc@sefaz.campogrande.ms.gov.br;<\/li>\n<li>pelo WhatsApp, no n\u00famero (67) 3314-3487;<\/li>\n<li>presencialmente, na Central de Atendimento ao Cidad\u00e3o (CAC), na Rua Marechal Rondon, 2655, 4\u00ba andar, sala 7, das 8h \u00e0s 16h.<\/li>\n<\/ul>\n<p style=\"text-align: justify;\"><i><b>Continue em nossa companhia em:<\/b><\/i> <a href=\"http:\/\/www.mspontocom.com.br\/\"><span style=\"color: #0000ff;\"><span style=\"font-family: Comic Sans MS, cursive;\"><span style=\"font-size: small;\"><u>www.mspontocom.com.br<\/u><\/span><\/span><\/span><\/a><\/p>\n<\/div>\n<\/div>\n<\/div>\n<\/div>\n<\/div>\n<\/div>\n<\/div>\n<\/div>\n","protected":false},"excerpt":{"rendered":"<p>Entidades comerciais e profissionais de Campo Grande questionaram a cobran\u00e7a do IPTU 2026. Em documento entregue \u00e0 C\u00e2mara Municipal, o grupo apontou distor\u00e7\u00f5es no c\u00e1lculo do imposto, incluindo aumentos de at\u00e9 400% em bairros de baixa renda e redu\u00e7\u00e3o em \u00e1reas nobres, segundo nota emitida pelo grupo. O documento tamb\u00e9m cita falta de transpar\u00eancia. Segundo [&hellip;]<\/p>\n","protected":false},"author":2,"featured_media":206014,"comment_status":"open","ping_status":"open","sticky":false,"template":"","format":"standard","meta":{"_monsterinsights_skip_tracking":false,"_monsterinsights_sitenote_active":false,"_monsterinsights_sitenote_note":"","_monsterinsights_sitenote_category":0},"categories":[4328,15],"tags":[123,44062,163,7789],"aioseo_notices":[],"_links":{"self":[{"href":"https:\/\/mspontocom.com.br\/site\/wp-json\/wp\/v2\/posts\/206008"}],"collection":[{"href":"https:\/\/mspontocom.com.br\/site\/wp-json\/wp\/v2\/posts"}],"about":[{"href":"https:\/\/mspontocom.com.br\/site\/wp-json\/wp\/v2\/types\/post"}],"author":[{"embeddable":true,"href":"https:\/\/mspontocom.com.br\/site\/wp-json\/wp\/v2\/users\/2"}],"replies":[{"embeddable":true,"href":"https:\/\/mspontocom.com.br\/site\/wp-json\/wp\/v2\/comments?post=206008"}],"version-history":[{"count":2,"href":"https:\/\/mspontocom.com.br\/site\/wp-json\/wp\/v2\/posts\/206008\/revisions"}],"predecessor-version":[{"id":206015,"href":"https:\/\/mspontocom.com.br\/site\/wp-json\/wp\/v2\/posts\/206008\/revisions\/206015"}],"wp:featuredmedia":[{"embeddable":true,"href":"https:\/\/mspontocom.com.br\/site\/wp-json\/wp\/v2\/media\/206014"}],"wp:attachment":[{"href":"https:\/\/mspontocom.com.br\/site\/wp-json\/wp\/v2\/media?parent=206008"}],"wp:term":[{"taxonomy":"category","embeddable":true,"href":"https:\/\/mspontocom.com.br\/site\/wp-json\/wp\/v2\/categories?post=206008"},{"taxonomy":"post_tag","embeddable":true,"href":"https:\/\/mspontocom.com.br\/site\/wp-json\/wp\/v2\/tags?post=206008"}],"curies":[{"name":"wp","href":"https:\/\/api.w.org\/{rel}","templated":true}]}}