{"id":206018,"date":"2026-01-06T06:31:00","date_gmt":"2026-01-06T10:31:00","guid":{"rendered":"https:\/\/mspontocom.com.br\/site\/?p=206018"},"modified":"2026-01-06T06:31:00","modified_gmt":"2026-01-06T10:31:00","slug":"captura-de-maduro-pelos-eua-afeta-reeleicao-de-lula","status":"publish","type":"post","link":"https:\/\/mspontocom.com.br\/site\/captura-de-maduro-pelos-eua-afeta-reeleicao-de-lula\/","title":{"rendered":"Captura de Maduro pelos EUA afeta reelei\u00e7\u00e3o de Lula"},"content":{"rendered":"<div id=\"tp-post-content\">\n<p class=\"postParagraph_post-paragraph__juWZN postParagraph_post-paragraph-innerHtml__Q5vwc\" style=\"text-align: justify;\"><img loading=\"lazy\" class=\"alignnone size-full wp-image-206031\" src=\"http:\/\/mspontocom.com.br\/site\/wp-content\/uploads\/2026\/01\/site-captura-de-maduro-pelos-eua-afeta-reeleicao-de-lula-maduro-lula-trump.webp\" alt=\"\" width=\"640\" height=\"359\" srcset=\"https:\/\/mspontocom.com.br\/site\/wp-content\/uploads\/2026\/01\/site-captura-de-maduro-pelos-eua-afeta-reeleicao-de-lula-maduro-lula-trump.webp 640w, https:\/\/mspontocom.com.br\/site\/wp-content\/uploads\/2026\/01\/site-captura-de-maduro-pelos-eua-afeta-reeleicao-de-lula-maduro-lula-trump-260x146.webp 260w\" sizes=\"(max-width: 640px) 100vw, 640px\" \/>O ano da corrida presidencial no Brasil come\u00e7a sob o impacto da captura de Nicol\u00e1s Maduro pelos Estados Unidos, epis\u00f3dio que enfraquece o presidente Lula.<\/p>\n<p class=\"postParagraph_post-paragraph__juWZN postParagraph_post-paragraph-innerHtml__Q5vwc\" style=\"text-align: justify;\">Deve-se ao fato por sair em defesa do ditador venezuelano e ignorar o fato de o regime chavista ser amplamente acusado de autoritarismo, fraudes e viola\u00e7\u00f5es de direitos humanos.<\/p>\n<p class=\"postParagraph_post-paragraph__juWZN postParagraph_post-paragraph-innerHtml__Q5vwc\" style=\"text-align: justify;\">Os efeitos dessa crise podem afetar sua campanha pela reelei\u00e7\u00e3o.<\/p>\n<p class=\"postParagraph_post-paragraph__juWZN postParagraph_post-paragraph-innerHtml__Q5vwc\" style=\"text-align: justify;\">Para especialistas ouvidos pela\u00a0<strong>Gazeta do Povo<\/strong>, o embate entre os discursos contra e a favor da opera\u00e7\u00e3o militar americana na Am\u00e9rica do Sul pode transbordar a pol\u00edtica externa e influenciar diretamente o ambiente eleitoral ao longo do ano.<\/p>\n<p class=\"postParagraph_post-paragraph__juWZN postParagraph_post-paragraph-innerHtml__Q5vwc\" style=\"text-align: justify;\">N\u00e3o por acaso, o senador Fl\u00e1vio Bolsonaro (PL), pr\u00e9-candidato a presidente e principal rival de Lula nas urnas, foi na linha oposta \u00e0 do Pal\u00e1cio do Planalto e explorou as liga\u00e7\u00f5es hist\u00f3ricas entre o petista e o chavismo.<\/p>\n<p class=\"postParagraph_post-paragraph__juWZN postParagraph_post-paragraph-innerHtml__Q5vwc\" style=\"text-align: justify;\">O professor de Rela\u00e7\u00f5es Internacionais Daniel Afonso da Silva, da USP, avalia que, por pragmatismo eleitoral, Lula pode virar a p\u00e1gina mais rapidamente do que seu partido.<\/p>\n<p class=\"postParagraph_post-paragraph__juWZN postParagraph_post-paragraph-innerHtml__Q5vwc\" style=\"text-align: justify;\">Mas alerta: um posicionamento equivocado sobre a queda de Maduro tende a produzir efeitos duradouros nas elei\u00e7\u00f5es presidenciais e at\u00e9 de governadores.<\/p>\n<blockquote>\n<p class=\"postParagraph_post-paragraph__juWZN postParagraph_post-paragraph-innerHtml__Q5vwc\"><em>\u201cN\u00e3o d\u00e1 simplesmente para condenar a queda de Maduro quando os venezuelanos espalhados por v\u00e1rios estados brasileiros aprovam e exaltam esse desfecho\u201d, afirma.<\/em><\/p>\n<\/blockquote>\n<p class=\"postParagraph_post-paragraph__juWZN postParagraph_post-paragraph-innerHtml__Q5vwc\" style=\"text-align: justify;\">Ao analisar o papel do Brasil, Silva \u00e9 cr\u00edtico da diplomacia do governo petista em rela\u00e7\u00e3o \u00e0 Venezuela.<\/p>\n<p class=\"postParagraph_post-paragraph__juWZN postParagraph_post-paragraph-innerHtml__Q5vwc\" style=\"text-align: justify;\">Para ele, h\u00e1 descompasso entre a vis\u00e3o t\u00e9cnica do Itamaraty e a orienta\u00e7\u00e3o pol\u00edtica da atual gest\u00e3o.<\/p>\n<p class=\"postParagraph_post-paragraph__juWZN postParagraph_post-paragraph-innerHtml__Q5vwc\" style=\"text-align: justify;\">\n<h2 class=\"postParagraph_post-paragraph__juWZN postParagraph_post-paragraph-innerHtml__Q5vwc postParagraph_type-tag-h2__TtFkT\" style=\"text-align: justify;\">Itamaraty tenta equilibrar condena\u00e7\u00e3o \u00e0 captura e di\u00e1logo com os EUA<\/h2>\n<p class=\"postParagraph_post-paragraph__juWZN postParagraph_post-paragraph-innerHtml__Q5vwc\" style=\"text-align: justify;\">Para o Brasil, o epis\u00f3dio envia sinal claro sobre o novo cen\u00e1rio geopol\u00edtico e obrigou o governo a equilibrar rea\u00e7\u00f5es delicadas.<\/p>\n<p class=\"postParagraph_post-paragraph__juWZN postParagraph_post-paragraph-innerHtml__Q5vwc\" style=\"text-align: justify;\">A a\u00e7\u00e3o americana tamb\u00e9m colocou Lula em posi\u00e7\u00e3o sens\u00edvel, j\u00e1 que o petista condenou a opera\u00e7\u00e3o como sendo viola\u00e7\u00e3o da soberania venezuelana, ao mesmo tempo em que tenta manter canais de di\u00e1logo com Washington.<\/p>\n<p class=\"postParagraph_post-paragraph__juWZN postParagraph_post-paragraph-innerHtml__Q5vwc\" style=\"text-align: justify;\">Especialistas advertem que a estrat\u00e9gia americana com foco em seguran\u00e7a, narcotr\u00e1fico e conten\u00e7\u00e3o de influ\u00eancias externas pode ter implica\u00e7\u00f5es mais amplas para a atua\u00e7\u00e3o brasileira em temas de coopera\u00e7\u00e3o regional.<\/p>\n<p class=\"postParagraph_post-paragraph__juWZN postParagraph_post-paragraph-innerHtml__Q5vwc\" style=\"text-align: justify;\">Lula criticou com veem\u00eancia a a\u00e7\u00e3o do governo de Donald Trump na Venezuela e afirmou que os ataques \u201cultrapassam linha inaceit\u00e1vel\u201d e representam \u201cprecedente extremamente perigoso\u201d para a comunidade internacional.<\/p>\n<p class=\"postParagraph_post-paragraph__juWZN postParagraph_post-paragraph-innerHtml__Q5vwc\" style=\"text-align: justify;\">A situa\u00e7\u00e3o exp\u00f4s ainda a postura amb\u00edgua de Lula em rela\u00e7\u00e3o \u00e0 guerra na Ucr\u00e2nia, em que evita condenar Vladimir Putin e sugere responsabilidade compartilhada pelo conflito.<\/p>\n<p class=\"postParagraph_post-paragraph__juWZN postParagraph_post-paragraph-innerHtml__Q5vwc\" style=\"text-align: justify;\">O cientista pol\u00edtico Ismael Almeida frisa que o regime de Maduro manteve-se por anos \u00e0 vista do mundo por meio de repress\u00e3o, fraude eleitoral e viola\u00e7\u00f5es de direitos humanos documentadas por relat\u00f3rios da ONU e investiga\u00e7\u00f5es independentes, enquanto a comunidade internacional optou por omiss\u00e3o, relativismo e gestos diplom\u00e1ticos nulos.<\/p>\n<blockquote>\n<p class=\"postParagraph_post-paragraph__juWZN postParagraph_post-paragraph-innerHtml__Q5vwc\"><em>\u201cNa pr\u00e1tica, essa postura \u2013 na qual se encaixa bem com a de Lula \u2013 validou a ditadura, diante da fal\u00eancia de organismos multilaterais em produzir consequ\u00eancias\u201d, diz.<\/em><\/p>\n<\/blockquote>\n<p class=\"postParagraph_post-paragraph__juWZN postParagraph_post-paragraph-innerHtml__Q5vwc\" style=\"text-align: justify;\">Para Daniel Afonso da Silva, professor de Rela\u00e7\u00f5es Internacionais da USP, os pr\u00f3ximos dias ainda ser\u00e3o marcados por um confronto global intenso de narrativas em torno da captura de Maduro.<\/p>\n<p class=\"postParagraph_post-paragraph__juWZN postParagraph_post-paragraph-innerHtml__Q5vwc\" style=\"text-align: justify;\">Segundo ele, haver\u00e1 \u201cguerra de desinforma\u00e7\u00e3o e de exorta\u00e7\u00f5es ao constrangimento\u201d, que tende a produzir uma \u201chipocrisia generalizada\u201d ao deslocar o foco central da opera\u00e7\u00e3o.<\/p>\n<blockquote>\n<p class=\"postParagraph_post-paragraph__juWZN postParagraph_post-paragraph-innerHtml__Q5vwc\"><em>\u201cO regime chavista \u00e9 notadamente ilegal, imoral e injusto para a popula\u00e7\u00e3o venezuelana. Trump avisou desde o primeiro mandato, tentou negociar e foi sistematicamente ignorado por Maduro e, tamb\u00e9m, por pa\u00edses da regi\u00e3o, sobretudo o Brasil. O desfecho extremo foi a opera\u00e7\u00e3o de s\u00e1bado\u201d, afirma.<\/em>.<\/p>\n<\/blockquote>\n<p class=\"postParagraph_post-paragraph__juWZN postParagraph_post-paragraph-innerHtml__Q5vwc\" style=\"text-align: justify;\">Em contraste com a mensagem de governos de esquerda \u2014 Brasil, M\u00e9xico, Chile, Col\u00f4mbia, Uruguai e Espanha \u2014, a Argentina articula a forma\u00e7\u00e3o de bloco regional de governos de direita, alinhado ao combate a regimes autorit\u00e1rios e \u00e0 proximidade estrat\u00e9gica com os EUA.<\/p>\n<p class=\"postParagraph_post-paragraph__juWZN postParagraph_post-paragraph-innerHtml__Q5vwc\" style=\"text-align: justify;\">Sob lideran\u00e7a do presidente argentino, Javier Milei, a a\u00e7\u00e3o rompe com o tradicional consenso diplom\u00e1tico da regi\u00e3o e exp\u00f5e divis\u00e3o ideol\u00f3gica em torno da a\u00e7\u00e3o contra Maduro: defesa de direitos humanos versus afinidade com o chavismo.<\/p>\n<p style=\"text-align: justify;\"><i><b>Continue em nossa companhia em:<\/b><\/i> <a href=\"http:\/\/www.mspontocom.com.br\/\"><span style=\"color: #0000ff;\"><span style=\"font-family: Comic Sans MS, cursive;\"><span style=\"font-size: small;\"><u>www.mspontocom.com.br<\/u><\/span><\/span><\/span><\/a><\/p>\n<\/div>\n<p style=\"text-align: justify;\"><a href=\"https:\/\/www.gazetadopovo.com.br\/republica\/captura-de-maduro-pelos-eua-desgasta-lula-e-pode-afetar-eleicoes-presidenciais-no-brasil\/\">Via Gazeta do Povo<\/a><\/p>\n","protected":false},"excerpt":{"rendered":"<p>O ano da corrida presidencial no Brasil come\u00e7a sob o impacto da captura de Nicol\u00e1s Maduro pelos Estados Unidos, epis\u00f3dio que enfraquece o presidente Lula. Deve-se ao fato por sair em defesa do ditador venezuelano e ignorar o fato de o regime chavista ser amplamente acusado de autoritarismo, fraudes e viola\u00e7\u00f5es de direitos humanos. Os [&hellip;]<\/p>\n","protected":false},"author":2,"featured_media":206031,"comment_status":"open","ping_status":"open","sticky":false,"template":"","format":"standard","meta":{"_monsterinsights_skip_tracking":false,"_monsterinsights_sitenote_active":false,"_monsterinsights_sitenote_note":"","_monsterinsights_sitenote_category":0},"categories":[6,30260,7,30259,12],"tags":[27267,43102,1539,480,29082,11436],"aioseo_notices":[],"_links":{"self":[{"href":"https:\/\/mspontocom.com.br\/site\/wp-json\/wp\/v2\/posts\/206018"}],"collection":[{"href":"https:\/\/mspontocom.com.br\/site\/wp-json\/wp\/v2\/posts"}],"about":[{"href":"https:\/\/mspontocom.com.br\/site\/wp-json\/wp\/v2\/types\/post"}],"author":[{"embeddable":true,"href":"https:\/\/mspontocom.com.br\/site\/wp-json\/wp\/v2\/users\/2"}],"replies":[{"embeddable":true,"href":"https:\/\/mspontocom.com.br\/site\/wp-json\/wp\/v2\/comments?post=206018"}],"version-history":[{"count":2,"href":"https:\/\/mspontocom.com.br\/site\/wp-json\/wp\/v2\/posts\/206018\/revisions"}],"predecessor-version":[{"id":206032,"href":"https:\/\/mspontocom.com.br\/site\/wp-json\/wp\/v2\/posts\/206018\/revisions\/206032"}],"wp:featuredmedia":[{"embeddable":true,"href":"https:\/\/mspontocom.com.br\/site\/wp-json\/wp\/v2\/media\/206031"}],"wp:attachment":[{"href":"https:\/\/mspontocom.com.br\/site\/wp-json\/wp\/v2\/media?parent=206018"}],"wp:term":[{"taxonomy":"category","embeddable":true,"href":"https:\/\/mspontocom.com.br\/site\/wp-json\/wp\/v2\/categories?post=206018"},{"taxonomy":"post_tag","embeddable":true,"href":"https:\/\/mspontocom.com.br\/site\/wp-json\/wp\/v2\/tags?post=206018"}],"curies":[{"name":"wp","href":"https:\/\/api.w.org\/{rel}","templated":true}]}}