{"id":206066,"date":"2026-01-07T05:05:13","date_gmt":"2026-01-07T09:05:13","guid":{"rendered":"https:\/\/mspontocom.com.br\/site\/?p=206066"},"modified":"2026-01-07T07:15:16","modified_gmt":"2026-01-07T11:15:16","slug":"ifms-abre-inscricoes-para-especializacao-em-docencia-para-a-educacao","status":"publish","type":"post","link":"https:\/\/mspontocom.com.br\/site\/ifms-abre-inscricoes-para-especializacao-em-docencia-para-a-educacao\/","title":{"rendered":"IFMS abre inscri\u00e7\u00f5es para especializa\u00e7\u00e3o em Doc\u00eancia para a Educa\u00e7\u00e3o"},"content":{"rendered":"<p style=\"text-align: justify;\"><img loading=\"lazy\" class=\"alignnone size-full wp-image-206068\" src=\"http:\/\/mspontocom.com.br\/site\/wp-content\/uploads\/2026\/01\/site-ifms-abre-inscricoes-para-especializacao-em-docencia-para-a-educacao-ifms1.png\" alt=\"\" width=\"768\" height=\"470\" srcset=\"https:\/\/mspontocom.com.br\/site\/wp-content\/uploads\/2026\/01\/site-ifms-abre-inscricoes-para-especializacao-em-docencia-para-a-educacao-ifms1.png 768w, https:\/\/mspontocom.com.br\/site\/wp-content\/uploads\/2026\/01\/site-ifms-abre-inscricoes-para-especializacao-em-docencia-para-a-educacao-ifms1-260x159.png 260w\" sizes=\"(max-width: 768px) 100vw, 768px\" \/>O Instituto Federal de Mato Grosso do Sul (IFMS) abre as inscri\u00e7\u00f5es para ingresso na <strong>especializa\u00e7\u00e3o gratuita em Doc\u00eancia para a Educa\u00e7\u00e3o Profissional, Cient\u00edfica e Tecnol\u00f3gica<\/strong>.<\/p>\n<p style=\"text-align: justify;\">O in\u00edcio das aulas ser\u00e1 no primeiro semestre de 2026 e os cursos s\u00e3o presenciais e ofertados nos campi Campo Grande, Corumb\u00e1, Navira\u00ed, Nova Andradina, Ponta Por\u00e3 e Tr\u00eas Lagoas.<\/p>\n<p style=\"text-align: justify;\">Ao todo, o Instituto Federal de Mato Grosso do Sul oferta 240 vagas para a especializa\u00e7\u00e3o, sendo 40 em cada campus.<\/p>\n<p style=\"text-align: justify;\">O curso \u00e9 voltado a portadores de diploma de n\u00edvel superior em qualquer \u00e1rea de forma\u00e7\u00e3o.<\/p>\n<p style=\"text-align: justify;\">A sele\u00e7\u00e3o reserva ainda 20% das vagas a candidatos autodeclarados pretos, pardos ou ind\u00edgenas (PPI) e 5% a pessoas com defici\u00eancia (PCD).<\/p>\n<p style=\"text-align: justify;\">Os processos seletivos s\u00e3o regidos pelos editais:<\/p>\n<ul style=\"text-align: justify;\">\n<li><a title=\"\" href=\"https:\/\/email.ifms.edu.br\/lists\/lt.php?tid=KxkFVgANUwVaUEtXAlkGTlBWBFJOWF0KARsKBwIGVlBTV1ACVAgfB1dVBQdWBV1OUlYAU04NXlxSGwFQAgtPAVBTAVRRDFQEUVZSHwBWVQdcUQtQTlsBCFIbDFIAVk9TAgBTH1IAAgUBVlFXAlgBVQ\" target=\"_blank\" rel=\"noopener\" data-saferedirecturl=\"https:\/\/www.google.com\/url?q=https:\/\/email.ifms.edu.br\/lists\/lt.php?tid%3DKxkFVgANUwVaUEtXAlkGTlBWBFJOWF0KARsKBwIGVlBTV1ACVAgfB1dVBQdWBV1OUlYAU04NXlxSGwFQAgtPAVBTAVRRDFQEUVZSHwBWVQdcUQtQTlsBCFIbDFIAVk9TAgBTH1IAAgUBVlFXAlgBVQ&amp;source=gmail&amp;ust=1767870088557000&amp;usg=AOvVaw2kQO2lCna8GB3N7DLh_X6A\">088\/2025\u00a0&#8211;\u00a0para Campo Grande, Nova Andradina e Ponta Por\u00e3<\/a>, e;<\/li>\n<li><a title=\"\" href=\"https:\/\/email.ifms.edu.br\/lists\/lt.php?tid=KxlUAlcNUwRXUEsFAFcATlBTAQZOWwsLDhsAXgUEAAJbUgJXVlsfB1dVBQdWBV1OUlYAU04NXlxSGwFQAgtPAVBTAVRRDFQEUVZSHwBWVQdcUQtQTlsBCFIbDFIAVk9TAgBTH1IAAgUBVlFXAlgBVQ\" target=\"_blank\" rel=\"noopener\" data-saferedirecturl=\"https:\/\/www.google.com\/url?q=https:\/\/email.ifms.edu.br\/lists\/lt.php?tid%3DKxlUAlcNUwRXUEsFAFcATlBTAQZOWwsLDhsAXgUEAAJbUgJXVlsfB1dVBQdWBV1OUlYAU04NXlxSGwFQAgtPAVBTAVRRDFQEUVZSHwBWVQdcUQtQTlsBCFIbDFIAVk9TAgBTH1IAAgUBVlFXAlgBVQ&amp;source=gmail&amp;ust=1767870088557000&amp;usg=AOvVaw2AbOozZTeFeVLXJTnMLKwr\">087\/2025, para Corumb\u00e1, Navira\u00ed e Tr\u00eas Lagoas<\/a>.<\/li>\n<\/ul>\n<p style=\"text-align: justify;\">Ambos os editais e anexos est\u00e3o dispon\u00edveis na\u00a0<a title=\"\" href=\"https:\/\/email.ifms.edu.br\/lists\/lt.php?tid=KxkHA1wPW1YCV0sFD1kATlAAV1pOAF1eVBsBVFZRUFVRBlAAUlsfB1dVBQdWBV1OUlYAU04NXlxSGwFQAgtPAVBTAVRRDFQEUVZSHwBWVQdcUQtQTlsBCFIbDFIAVk9TAgBTH1IAAgUBVlFXAlgBVQ\" target=\"_blank\" rel=\"noopener\" data-saferedirecturl=\"https:\/\/www.google.com\/url?q=https:\/\/email.ifms.edu.br\/lists\/lt.php?tid%3DKxkHA1wPW1YCV0sFD1kATlAAV1pOAF1eVBsBVFZRUFVRBlAAUlsfB1dVBQdWBV1OUlYAU04NXlxSGwFQAgtPAVBTAVRRDFQEUVZSHwBWVQdcUQtQTlsBCFIbDFIAVk9TAgBTH1IAAgUBVlFXAlgBVQ&amp;source=gmail&amp;ust=1767870088557000&amp;usg=AOvVaw2a_wXR65uVvt2VMH1cntv7\">Central de Sele\u00e7\u00e3o do IFMS<\/a>.<\/p>\n<p style=\"text-align: justify;\"><strong>Inscri\u00e7\u00f5es<\/strong><\/p>\n<p style=\"text-align: justify;\">\u00a0S\u00e3o gratuitas e devem ser feitas na <a title=\"\" href=\"https:\/\/email.ifms.edu.br\/lists\/lt.php?tid=KxkNBFQNVVQAAksAA1NcTlBcUQFOAA8OBBsMUlMDUFAAXAcEVg4fB1dVBQdWBV1OUlYAU04NXlxSGwFQAgtPAVBTAVRRDFQEUVZSHwBWVQdcUQtQTlsBCFIbDFIAVk9TAgBTH1IAAgUBVlFXAlgBVQ\" target=\"_blank\" rel=\"noopener\" data-saferedirecturl=\"https:\/\/www.google.com\/url?q=https:\/\/email.ifms.edu.br\/lists\/lt.php?tid%3DKxkNBFQNVVQAAksAA1NcTlBcUQFOAA8OBBsMUlMDUFAAXAcEVg4fB1dVBQdWBV1OUlYAU04NXlxSGwFQAgtPAVBTAVRRDFQEUVZSHwBWVQdcUQtQTlsBCFIbDFIAVk9TAgBTH1IAAgUBVlFXAlgBVQ&amp;source=gmail&amp;ust=1767870088557000&amp;usg=AOvVaw0K2A7A17K-Rz4c8BYb3o6R\">P\u00e1gina do Candidato da Central de Sele\u00e7\u00e3o do IFMS<\/a>, no per\u00edodo de 5 a 31 de janeiro.<\/p>\n<p style=\"text-align: justify;\">No formul\u00e1rio eletr\u00f4nico, o interessado dever\u00e1 selecionar o campus de interesse e preencher os dados solicitados.<\/p>\n<p style=\"text-align: justify;\">O sistema ir\u00e1 gerar um n\u00famero de inscri\u00e7\u00e3o, que dever\u00e1 ser guardado para acompanhamento do sorteio e\/ou das demais etapas do processo seletivo.<\/p>\n<p style=\"text-align: justify;\">A sele\u00e7\u00e3o ser\u00e1 realizada por sorteio eletr\u00f4nico nos campi Campo Grande, Nova Andradina e Ponta Por\u00e3.<\/p>\n<p style=\"text-align: justify;\">Para Corumb\u00e1, Navira\u00ed e Tr\u00eas Lagoas, os candidatos ser\u00e3o selecionados por meio da an\u00e1lise do Curr\u00edculo Lattes, considerando crit\u00e9rios como \u00e1rea de forma\u00e7\u00e3o, atua\u00e7\u00e3o profissional e produ\u00e7\u00e3o acad\u00eamica.<\/p>\n<p style=\"text-align: justify;\"><strong>Cronograma B\u00e1sico das Sele\u00e7\u00f5es*<\/strong><\/p>\n<ul style=\"text-align: justify;\">\n<li>Per\u00edodo de inscri\u00e7\u00f5es: 05 a 31\/01\/2026<\/li>\n<li>Divulga\u00e7\u00e3o preliminar das inscri\u00e7\u00f5es deferidas: at\u00e9 03\/02\/2026<\/li>\n<li>Recurso \u00e0s inscri\u00e7\u00f5es deferidas: at\u00e9 05\/02\/2026<\/li>\n<li>Divulga\u00e7\u00e3o das inscri\u00e7\u00f5es deferidas ap\u00f3s recurso: at\u00e9 06\/02\/2026<\/li>\n<\/ul>\n<p style=\"text-align: justify;\"><em>* Demais datas podem ser consultadas diretamente nos editais<\/em><\/p>\n<p style=\"text-align: justify;\"><strong>Especializa\u00e7\u00e3o &#8211;<\/strong>\u00a0A carga hor\u00e1ria do curso \u00e9 de 360 horas de atividades, acrescidas de 60 horas destinadas ao Trabalho de Conclus\u00e3o de Curso (TCC). A dura\u00e7\u00e3o varia de 12 a 18 meses, conforme o campus.<\/p>\n<p style=\"text-align: justify;\">As aulas s\u00e3o presenciais, em dias e hor\u00e1rios definidos nos editais de cada campus, com in\u00edcio previsto a partir de mar\u00e7o de 2026.<\/p>\n<p style=\"text-align: justify;\"><strong>Outro curso<\/strong><\/p>\n<p style=\"text-align: justify;\">\u00a0O IFMS tamb\u00e9m est\u00e1 com inscri\u00e7\u00f5es abertas para a <strong>especializa\u00e7\u00e3o gratuita em Ensino de Ci\u00eancias e Matem\u00e1tica<\/strong>, ofertada no Campus Campo Grande. As inscri\u00e7\u00f5es seguem at\u00e9 25 de janeiro.<\/p>\n<p style=\"text-align: justify;\">Com 50 vagas, o curso \u00e9 voltado a candidatos com diploma de ensino superior em licenciatura ou bacharelado em Ci\u00eancias (Qu\u00edmica, F\u00edsica ou Biologia), Matem\u00e1tica ou Pedagogia, com prioridade para licenciados que atuam na educa\u00e7\u00e3o b\u00e1sica. O processo seletivo \u00e9 regido pelo Edital n\u00ba 089\/2025, dispon\u00edvel na Central de Sele\u00e7\u00e3o do IFMS.<\/p>\n<p style=\"text-align: justify;\">No total, o IFMS oferta 290 vagas em cursos de especializa\u00e7\u00e3o presenciais para ingresso no primeiro semestre de 2026.<\/p>\n<p style=\"text-align: justify;\">Mais informa\u00e7\u00f5es sobre as sele\u00e7\u00f5es podem ser obtidas pelo e-mail\u00a0<a title=\"\" href=\"mailto:copog@ifms.edu.br\" target=\"_blank\" rel=\"noopener\">copog@ifms.edu.br<\/a>.<\/p>\n<p style=\"text-align: justify;\"><i><b>Continue em nossa companhia em:<\/b><\/i> <a href=\"http:\/\/www.mspontocom.com.br\/\"><span style=\"color: #0000ff;\"><span style=\"font-family: Comic Sans MS, cursive;\"><span style=\"font-size: small;\"><u>www.mspontocom.com.br<\/u><\/span><\/span><\/span><\/a><\/p>\n","protected":false},"excerpt":{"rendered":"<p>O Instituto Federal de Mato Grosso do Sul (IFMS) abre as inscri\u00e7\u00f5es para ingresso na especializa\u00e7\u00e3o gratuita em Doc\u00eancia para a Educa\u00e7\u00e3o Profissional, Cient\u00edfica e Tecnol\u00f3gica. O in\u00edcio das aulas ser\u00e1 no primeiro semestre de 2026 e os cursos s\u00e3o presenciais e ofertados nos campi Campo Grande, Corumb\u00e1, Navira\u00ed, Nova Andradina, Ponta Por\u00e3 e Tr\u00eas [&hellip;]<\/p>\n","protected":false},"author":2,"featured_media":206068,"comment_status":"open","ping_status":"open","sticky":false,"template":"","format":"standard","meta":{"_monsterinsights_skip_tracking":false,"_monsterinsights_sitenote_active":false,"_monsterinsights_sitenote_note":"","_monsterinsights_sitenote_category":0},"categories":[76,74],"tags":[28055,104,972,455],"aioseo_notices":[],"_links":{"self":[{"href":"https:\/\/mspontocom.com.br\/site\/wp-json\/wp\/v2\/posts\/206066"}],"collection":[{"href":"https:\/\/mspontocom.com.br\/site\/wp-json\/wp\/v2\/posts"}],"about":[{"href":"https:\/\/mspontocom.com.br\/site\/wp-json\/wp\/v2\/types\/post"}],"author":[{"embeddable":true,"href":"https:\/\/mspontocom.com.br\/site\/wp-json\/wp\/v2\/users\/2"}],"replies":[{"embeddable":true,"href":"https:\/\/mspontocom.com.br\/site\/wp-json\/wp\/v2\/comments?post=206066"}],"version-history":[{"count":2,"href":"https:\/\/mspontocom.com.br\/site\/wp-json\/wp\/v2\/posts\/206066\/revisions"}],"predecessor-version":[{"id":206069,"href":"https:\/\/mspontocom.com.br\/site\/wp-json\/wp\/v2\/posts\/206066\/revisions\/206069"}],"wp:featuredmedia":[{"embeddable":true,"href":"https:\/\/mspontocom.com.br\/site\/wp-json\/wp\/v2\/media\/206068"}],"wp:attachment":[{"href":"https:\/\/mspontocom.com.br\/site\/wp-json\/wp\/v2\/media?parent=206066"}],"wp:term":[{"taxonomy":"category","embeddable":true,"href":"https:\/\/mspontocom.com.br\/site\/wp-json\/wp\/v2\/categories?post=206066"},{"taxonomy":"post_tag","embeddable":true,"href":"https:\/\/mspontocom.com.br\/site\/wp-json\/wp\/v2\/tags?post=206066"}],"curies":[{"name":"wp","href":"https:\/\/api.w.org\/{rel}","templated":true}]}}