{"id":206201,"date":"2026-01-13T05:00:36","date_gmt":"2026-01-13T09:00:36","guid":{"rendered":"https:\/\/mspontocom.com.br\/site\/?p=206201"},"modified":"2026-01-13T07:40:56","modified_gmt":"2026-01-13T11:40:56","slug":"sebrae-ms-leva-atendimento-porta-em-porta-aos-pequenos-negocios","status":"publish","type":"post","link":"https:\/\/mspontocom.com.br\/site\/sebrae-ms-leva-atendimento-porta-em-porta-aos-pequenos-negocios\/","title":{"rendered":"Sebrae\/MS leva atendimento porta em porta aos pequenos neg\u00f3cios"},"content":{"rendered":"<p style=\"text-align: justify;\"><img loading=\"lazy\" class=\"alignnone size-large wp-image-206202\" src=\"http:\/\/mspontocom.com.br\/site\/wp-content\/uploads\/2026\/01\/site-sebraems-levam-atendimento-porta-em-porta-aos-pequenos-negocios-sebrae3-1024x576.jpg\" alt=\"\" width=\"1024\" height=\"576\" srcset=\"https:\/\/mspontocom.com.br\/site\/wp-content\/uploads\/2026\/01\/site-sebraems-levam-atendimento-porta-em-porta-aos-pequenos-negocios-sebrae3-1024x576.jpg 1024w, https:\/\/mspontocom.com.br\/site\/wp-content\/uploads\/2026\/01\/site-sebraems-levam-atendimento-porta-em-porta-aos-pequenos-negocios-sebrae3-260x146.jpg 260w, https:\/\/mspontocom.com.br\/site\/wp-content\/uploads\/2026\/01\/site-sebraems-levam-atendimento-porta-em-porta-aos-pequenos-negocios-sebrae3-768x432.jpg 768w, https:\/\/mspontocom.com.br\/site\/wp-content\/uploads\/2026\/01\/site-sebraems-levam-atendimento-porta-em-porta-aos-pequenos-negocios-sebrae3-1536x864.jpg 1536w, https:\/\/mspontocom.com.br\/site\/wp-content\/uploads\/2026\/01\/site-sebraems-levam-atendimento-porta-em-porta-aos-pequenos-negocios-sebrae3.jpg 1600w\" sizes=\"(max-width: 1024px) 100vw, 1024px\" \/>A partir de ontem, segunda-feira (12), come\u00e7aram os atendimentos do \u201cSebrae na sua empresa\u201d, uma iniciativa anual do Sebrae\/MS voltada ao fortalecimento de micro e pequenas empresas.<\/p>\n<p style=\"text-align: justify;\">A a\u00e7\u00e3o consiste em visitas presenciais, realizadas de porta em porta, por um Agente de Orienta\u00e7\u00e3o Empresarial (AOE), que faz um diagn\u00f3stico do neg\u00f3cio para compreender os principais desafios enfrentados pelo empreendedor.<\/p>\n<p style=\"text-align: justify;\">A partir dessa escuta, o agente apresenta solu\u00e7\u00f5es alinhadas \u00e0 realidade da empresa. Os atendimentos ocorrem de segunda a s\u00e1bado, exceto domingos e feriados, e os profissionais est\u00e3o identificados com camisetas com a descri\u00e7\u00e3o \u201ca servi\u00e7o do Sebrae\u201d.<\/p>\n<p>No m\u00eas de janeiro, a iniciativa ser\u00e1 realizada em seis munic\u00edpios de Mato Grosso do Sul: Campo Grande, Dourados, Tr\u00eas Lagoas, Coxim, Bonito e Corumb\u00e1.<\/p>\n<p style=\"text-align: justify;\">Cada empresa atendida receber\u00e1 duas visitas de um AOE ao longo do ano.<\/p>\n<p style=\"text-align: justify;\">Na primeira, \u00e9 feita uma conversa diagn\u00f3stica sobre a gest\u00e3o do neg\u00f3cio; na segunda, o foco \u00e9 aprofundar as orienta\u00e7\u00f5es e encaminhar solu\u00e7\u00f5es espec\u00edficas, de acordo com as necessidades identificadas, contribuindo para a melhoria do desempenho e da organiza\u00e7\u00e3o da empresa.<\/p>\n<p>Para mais informa\u00e7\u00f5es sobre as a\u00e7\u00f5es do Sebrae, entre em contato pela Central de Relacionamento no n\u00famero 0800 570 0800, ou acesse: <a href=\"https:\/\/click.divulga.sebrae.ms\/?qs=2d64a9ae6adb1e5c36d496d1dfa38fa9c49248e241c9c689e705481b9274e039c19f48abb56ac69e52ac8cc21ddd332ea2d41dd56d8d86ef\" target=\"_blank\" rel=\"noopener\" data-saferedirecturl=\"https:\/\/www.google.com\/url?q=https:\/\/click.divulga.sebrae.ms\/?qs%3D2d64a9ae6adb1e5c36d496d1dfa38fa9c49248e241c9c689e705481b9274e039c19f48abb56ac69e52ac8cc21ddd332ea2d41dd56d8d86ef&amp;source=gmail&amp;ust=1768389661834000&amp;usg=AOvVaw1Q1XqrAFnO_Qe2wP6QQm5C\">ms.sebrae.com.br<\/a>.<\/p>\n<p style=\"text-align: justify;\">fonte: Nat\u00e1lia Moraes, Sebrae MS<\/p>\n<p style=\"text-align: justify;\"><i><b>Continue em nossa companhia em:<\/b><\/i> <a href=\"http:\/\/www.mspontocom.com.br\/\"><span style=\"color: #0000ff;\"><span style=\"font-family: Comic Sans MS, cursive;\"><span style=\"font-size: small;\"><u>www.mspontocom.com.br<\/u><\/span><\/span><\/span><\/a><\/p>\n","protected":false},"excerpt":{"rendered":"<p>A partir de ontem, segunda-feira (12), come\u00e7aram os atendimentos do \u201cSebrae na sua empresa\u201d, uma iniciativa anual do Sebrae\/MS voltada ao fortalecimento de micro e pequenas empresas. A a\u00e7\u00e3o consiste em visitas presenciais, realizadas de porta em porta, por um Agente de Orienta\u00e7\u00e3o Empresarial (AOE), que faz um diagn\u00f3stico do neg\u00f3cio para compreender os principais [&hellip;]<\/p>\n","protected":false},"author":2,"featured_media":206202,"comment_status":"open","ping_status":"open","sticky":false,"template":"","format":"standard","meta":{"_monsterinsights_skip_tracking":false,"_monsterinsights_sitenote_active":false,"_monsterinsights_sitenote_note":"","_monsterinsights_sitenote_category":0},"categories":[15,74],"tags":[7720,778,25962,44085,536],"aioseo_notices":[],"_links":{"self":[{"href":"https:\/\/mspontocom.com.br\/site\/wp-json\/wp\/v2\/posts\/206201"}],"collection":[{"href":"https:\/\/mspontocom.com.br\/site\/wp-json\/wp\/v2\/posts"}],"about":[{"href":"https:\/\/mspontocom.com.br\/site\/wp-json\/wp\/v2\/types\/post"}],"author":[{"embeddable":true,"href":"https:\/\/mspontocom.com.br\/site\/wp-json\/wp\/v2\/users\/2"}],"replies":[{"embeddable":true,"href":"https:\/\/mspontocom.com.br\/site\/wp-json\/wp\/v2\/comments?post=206201"}],"version-history":[{"count":1,"href":"https:\/\/mspontocom.com.br\/site\/wp-json\/wp\/v2\/posts\/206201\/revisions"}],"predecessor-version":[{"id":206203,"href":"https:\/\/mspontocom.com.br\/site\/wp-json\/wp\/v2\/posts\/206201\/revisions\/206203"}],"wp:featuredmedia":[{"embeddable":true,"href":"https:\/\/mspontocom.com.br\/site\/wp-json\/wp\/v2\/media\/206202"}],"wp:attachment":[{"href":"https:\/\/mspontocom.com.br\/site\/wp-json\/wp\/v2\/media?parent=206201"}],"wp:term":[{"taxonomy":"category","embeddable":true,"href":"https:\/\/mspontocom.com.br\/site\/wp-json\/wp\/v2\/categories?post=206201"},{"taxonomy":"post_tag","embeddable":true,"href":"https:\/\/mspontocom.com.br\/site\/wp-json\/wp\/v2\/tags?post=206201"}],"curies":[{"name":"wp","href":"https:\/\/api.w.org\/{rel}","templated":true}]}}