{"id":206472,"date":"2026-01-23T04:02:05","date_gmt":"2026-01-23T08:02:05","guid":{"rendered":"https:\/\/mspontocom.com.br\/site\/?p=206472"},"modified":"2026-01-23T07:11:20","modified_gmt":"2026-01-23T11:11:20","slug":"producao-exportacoes-e-logistica-colocam-ms-entre-lideres-do-agro-no-brasil","status":"publish","type":"post","link":"https:\/\/mspontocom.com.br\/site\/producao-exportacoes-e-logistica-colocam-ms-entre-lideres-do-agro-no-brasil\/","title":{"rendered":"Produ\u00e7\u00e3o, exporta\u00e7\u00f5es e log\u00edstica colocam MS entre l\u00edderes do agro no Brasil"},"content":{"rendered":"<p style=\"text-align: justify;\"><img loading=\"lazy\" class=\"alignnone size-large wp-image-206476\" src=\"http:\/\/mspontocom.com.br\/site\/wp-content\/uploads\/2026\/01\/site-producao-exportacoes-e-logistica-colocam-ms-entre-lideres-do-agro-no-brasil-riedel-1024x718.webp\" alt=\"\" width=\"1024\" height=\"718\" srcset=\"https:\/\/mspontocom.com.br\/site\/wp-content\/uploads\/2026\/01\/site-producao-exportacoes-e-logistica-colocam-ms-entre-lideres-do-agro-no-brasil-riedel-1024x718.webp 1024w, https:\/\/mspontocom.com.br\/site\/wp-content\/uploads\/2026\/01\/site-producao-exportacoes-e-logistica-colocam-ms-entre-lideres-do-agro-no-brasil-riedel-260x182.webp 260w, https:\/\/mspontocom.com.br\/site\/wp-content\/uploads\/2026\/01\/site-producao-exportacoes-e-logistica-colocam-ms-entre-lideres-do-agro-no-brasil-riedel-768x538.webp 768w, https:\/\/mspontocom.com.br\/site\/wp-content\/uploads\/2026\/01\/site-producao-exportacoes-e-logistica-colocam-ms-entre-lideres-do-agro-no-brasil-riedel.webp 1096w\" sizes=\"(max-width: 1024px) 100vw, 1024px\" \/>Mato Grosso do Sul encerrou 2025 consolidado como um dos principais motores do agroneg\u00f3cio brasileiro, ap\u00f3s registrar avan\u00e7os expressivos em produ\u00e7\u00e3o, valor agregado e abertura de mercados.<\/p>\n<p style=\"text-align: justify;\">Impulsionado por uma safra recorde de soja e milho, que somou cerca de 28 milh\u00f5es de toneladas, o estado apresentou crescimento robusto e ampliou sua relev\u00e2ncia no cen\u00e1rio nacional, tanto pela escala produtiva quanto pelo fortalecimento de cadeias estrat\u00e9gicas.<\/p>\n<p style=\"text-align: justify;\">O desempenho do setor refletiu diretamente no Valor Bruto da Produ\u00e7\u00e3o agropecu\u00e1ria, que avan\u00e7ou aproximadamente 18% no per\u00edodo, al\u00e9m de resultados positivos no campo sanit\u00e1rio e log\u00edstico.<\/p>\n<p style=\"text-align: justify;\">A combina\u00e7\u00e3o entre produtividade, investimentos em infraestrutura e diversifica\u00e7\u00e3o da base produtiva refor\u00e7ou a competitividade do estado e atraiu novas ind\u00fastrias ligadas ao processamento de gr\u00e3os, fibras e prote\u00ednas.<\/p>\n<p style=\"text-align: justify;\">Esse movimento foi sustentado por uma atua\u00e7\u00e3o integrada entre entidades representativas e o poder p\u00fablico, com destaque para a articula\u00e7\u00e3o entre Famasul, Senar\/MS, CNA, Governo de Mato Grosso do Sul e \u00f3rg\u00e3os federais.<\/p>\n<p style=\"text-align: justify;\">A coordena\u00e7\u00e3o institucional contribuiu para avan\u00e7os estruturais que fortaleceram as cadeias produtivas e ampliaram a inser\u00e7\u00e3o do agro sul-mato-grossense em mercados externos.<\/p>\n<p style=\"text-align: justify;\"><span style=\"font-size: 18pt;\"><strong>MILHO E SOJA<\/strong><\/span><\/p>\n<p style=\"text-align: justify;\">Na safra 2024\/25, soja e milho apresentaram crescimento expressivo, com aumento superior a 30% em rela\u00e7\u00e3o ao ciclo anterior, garantindo ao estado posi\u00e7\u00e3o de destaque no ranking nacional.<\/p>\n<p style=\"text-align: justify;\">O milho foi o principal vetor desse avan\u00e7o, com recupera\u00e7\u00e3o significativa ap\u00f3s a quebra registrada na temporada passada.<\/p>\n<p style=\"text-align: justify;\">A expans\u00e3o das usinas de etanol de milho tamb\u00e9m teve papel central nesse processo.<\/p>\n<p style=\"text-align: justify;\">Em 2025, a produ\u00e7\u00e3o do biocombust\u00edvel alcan\u00e7ou cerca de 1,58 bilh\u00e3o de litros, avan\u00e7o pr\u00f3ximo de 60%, ampliando a demanda por gr\u00e3os e agregando valor \u00e0 produ\u00e7\u00e3o local.<\/p>\n<p style=\"text-align: justify;\"><strong><span style=\"font-size: 18pt;\">OUTRAS CULTURAS<\/span><\/strong><\/p>\n<p style=\"text-align: justify;\">Al\u00e9m das culturas tradicionais, outras cadeias ganharam for\u00e7a ao longo do ano.<\/p>\n<p style=\"text-align: justify;\">A citricultura avan\u00e7ou rapidamente, com \u00e1reas plantadas em expans\u00e3o e proje\u00e7\u00f5es otimistas para os pr\u00f3ximos ciclos.<\/p>\n<p style=\"text-align: justify;\">O amendoim manteve ritmo acelerado, com crescimento da \u00e1rea cultivada e aumento da produ\u00e7\u00e3o.<\/p>\n<p style=\"text-align: justify;\">J\u00e1 o setor de florestas plantadas seguiu em franca expans\u00e3o, com a \u00e1rea de eucalipto ultrapassando 1,8 milh\u00e3o de hectares, impulsionada pela perspectiva de novas plantas industriais nos munic\u00edpios de Inoc\u00eancia e Bataguassu.<\/p>\n<p style=\"text-align: justify;\"><span style=\"font-size: 18pt;\"><strong>MEIO AMBIENTE<\/strong><\/span><\/p>\n<p style=\"text-align: justify;\">O avan\u00e7o produtivo veio acompanhado da intensifica\u00e7\u00e3o de pr\u00e1ticas sustent\u00e1veis.<\/p>\n<p style=\"text-align: justify;\">Sistemas integrados de produ\u00e7\u00e3o, rota\u00e7\u00e3o de culturas, manejo conservacionista do solo e estrat\u00e9gias de mitiga\u00e7\u00e3o clim\u00e1tica passaram a ocupar espa\u00e7o central no planejamento agr\u00edcola, alinhando o estado \u00e0s exig\u00eancias ambientais dos mercados internacionais.<\/p>\n<p style=\"text-align: justify;\"><span style=\"font-size: 18pt;\"><strong>PECU[ARIA E PIB<\/strong><\/span><\/p>\n<p style=\"text-align: justify;\">Na pecu\u00e1ria, os resultados tamb\u00e9m foram positivos.<\/p>\n<p style=\"text-align: justify;\">O abate de bovinos registrou crescimento e superou a marca de 4 milh\u00f5es de cabe\u00e7as, enquanto a suinocultura alcan\u00e7ou cerca de 3,5 milh\u00f5es de animais abatidos.<\/p>\n<p style=\"text-align: justify;\">A avicultura manteve estabilidade, com leve aumento no n\u00famero de aves processadas.<\/p>\n<p style=\"text-align: justify;\">Esse desempenho contribuiu para que o Valor Bruto da Produ\u00e7\u00e3o do agro estadual se aproximasse de R$ 84 bilh\u00f5es, enquanto o PIB de Mato Grosso do Sul deve fechar o ano com crescimento acima da m\u00e9dia nacional.<\/p>\n<p style=\"text-align: justify;\"><span style=\"font-size: 18pt;\"><strong>EXPORTA\u00c7\u00d5ES<\/strong><\/span><\/p>\n<p style=\"text-align: justify;\">As exporta\u00e7\u00f5es do agroneg\u00f3cio acompanharam esse ritmo.<\/p>\n<p style=\"text-align: justify;\">Entre janeiro e novembro, o faturamento externo do setor avan\u00e7ou cerca de 4%, alcan\u00e7ando US$ 9,2 bilh\u00f5es. A celulose liderou as vendas, seguida pela soja em gr\u00e3os e pela carne bovina, que apresentou forte crescimento e consolidou a presen\u00e7a do estado em mercados estrat\u00e9gicos.<\/p>\n<p style=\"text-align: justify;\"><span style=\"font-size: 18pt;\"><strong>LOG\u00cdSTICA<\/strong><\/span><\/p>\n<p style=\"text-align: justify;\">No campo log\u00edstico, 2025 foi marcado por novos investimentos estruturantes.<\/p>\n<p style=\"text-align: justify;\">A retomada da concess\u00e3o da BR-163\/MS, agora sob gest\u00e3o da Motiva, prev\u00ea investimentos bilion\u00e1rios em duplica\u00e7\u00f5es, faixas adicionais e obras de seguran\u00e7a ao longo dos pr\u00f3ximos anos.<\/p>\n<p style=\"text-align: justify;\">Outro projeto relevante \u00e9 a Rota da Celulose, que envolve centenas de quil\u00f4metros de rodovias e busca conectar \u00e1reas produtivas aos corredores de exporta\u00e7\u00e3o.<\/p>\n<p style=\"text-align: justify;\">A perspectiva de leil\u00e3o da Hidrovia do Rio Paraguai em 2026 tamb\u00e9m representa avan\u00e7o importante para a redu\u00e7\u00e3o dos custos log\u00edsticos.<\/p>\n<p style=\"text-align: justify;\"><span style=\"font-size: 18pt;\"><strong>MATO GROSSO DO SUL &#8211; CELEIRO<\/strong><\/span><\/p>\n<p style=\"text-align: justify;\">Com resultados expressivos em produ\u00e7\u00e3o, exporta\u00e7\u00f5es, sustentabilidade e infraestrutura, Mato Grosso do Sul encerra 2025 com o agroneg\u00f3cio fortalecido e bases consolidadas para ampliar sua participa\u00e7\u00e3o no desenvolvimento econ\u00f4mico nacional nos pr\u00f3ximos anos.<\/p>\n<p style=\"text-align: justify;\"><i><b>Continue em nossa companhia em:<\/b><\/i> <a href=\"http:\/\/www.mspontocom.com.br\/\"><span style=\"color: #0000ff;\"><span style=\"font-family: Comic Sans MS, cursive;\"><span style=\"font-size: small;\"><u>www.mspontocom.com.br<\/u><\/span><\/span><\/span><\/a><\/p>\n<p style=\"text-align: justify;\">fonte: Conex\u00e3o Pol\u00edtica<\/p>\n","protected":false},"excerpt":{"rendered":"<p>Mato Grosso do Sul encerrou 2025 consolidado como um dos principais motores do agroneg\u00f3cio brasileiro, ap\u00f3s registrar avan\u00e7os expressivos em produ\u00e7\u00e3o, valor agregado e abertura de mercados. Impulsionado por uma safra recorde de soja e milho, que somou cerca de 28 milh\u00f5es de toneladas, o estado apresentou crescimento robusto e ampliou sua relev\u00e2ncia no cen\u00e1rio [&hellip;]<\/p>\n","protected":false},"author":2,"featured_media":206476,"comment_status":"open","ping_status":"open","sticky":false,"template":"","format":"standard","meta":{"_monsterinsights_skip_tracking":false,"_monsterinsights_sitenote_active":false,"_monsterinsights_sitenote_note":"","_monsterinsights_sitenote_category":0},"categories":[74],"tags":[19200,30254,1533,44133,81,890],"aioseo_notices":[],"_links":{"self":[{"href":"https:\/\/mspontocom.com.br\/site\/wp-json\/wp\/v2\/posts\/206472"}],"collection":[{"href":"https:\/\/mspontocom.com.br\/site\/wp-json\/wp\/v2\/posts"}],"about":[{"href":"https:\/\/mspontocom.com.br\/site\/wp-json\/wp\/v2\/types\/post"}],"author":[{"embeddable":true,"href":"https:\/\/mspontocom.com.br\/site\/wp-json\/wp\/v2\/users\/2"}],"replies":[{"embeddable":true,"href":"https:\/\/mspontocom.com.br\/site\/wp-json\/wp\/v2\/comments?post=206472"}],"version-history":[{"count":2,"href":"https:\/\/mspontocom.com.br\/site\/wp-json\/wp\/v2\/posts\/206472\/revisions"}],"predecessor-version":[{"id":206477,"href":"https:\/\/mspontocom.com.br\/site\/wp-json\/wp\/v2\/posts\/206472\/revisions\/206477"}],"wp:featuredmedia":[{"embeddable":true,"href":"https:\/\/mspontocom.com.br\/site\/wp-json\/wp\/v2\/media\/206476"}],"wp:attachment":[{"href":"https:\/\/mspontocom.com.br\/site\/wp-json\/wp\/v2\/media?parent=206472"}],"wp:term":[{"taxonomy":"category","embeddable":true,"href":"https:\/\/mspontocom.com.br\/site\/wp-json\/wp\/v2\/categories?post=206472"},{"taxonomy":"post_tag","embeddable":true,"href":"https:\/\/mspontocom.com.br\/site\/wp-json\/wp\/v2\/tags?post=206472"}],"curies":[{"name":"wp","href":"https:\/\/api.w.org\/{rel}","templated":true}]}}