{"id":206480,"date":"2026-01-23T03:55:26","date_gmt":"2026-01-23T07:55:26","guid":{"rendered":"https:\/\/mspontocom.com.br\/site\/?p=206480"},"modified":"2026-01-23T08:02:18","modified_gmt":"2026-01-23T12:02:18","slug":"abertas-inscricoes-gratuitas-para-pos-graduacao-do-ifms","status":"publish","type":"post","link":"https:\/\/mspontocom.com.br\/site\/abertas-inscricoes-gratuitas-para-pos-graduacao-do-ifms\/","title":{"rendered":"Abertas inscri\u00e7\u00f5es gratuitas para p\u00f3s-gradua\u00e7\u00e3o do IFMS"},"content":{"rendered":"<p><img loading=\"lazy\" class=\"alignnone size-full wp-image-206481\" src=\"http:\/\/mspontocom.com.br\/site\/wp-content\/uploads\/2026\/01\/site-inscricoes-para-especializacoes-do-ifms-seguem-abertas-ifms.jpg\" alt=\"\" width=\"940\" height=\"500\" srcset=\"https:\/\/mspontocom.com.br\/site\/wp-content\/uploads\/2026\/01\/site-inscricoes-para-especializacoes-do-ifms-seguem-abertas-ifms.jpg 940w, https:\/\/mspontocom.com.br\/site\/wp-content\/uploads\/2026\/01\/site-inscricoes-para-especializacoes-do-ifms-seguem-abertas-ifms-260x138.jpg 260w, https:\/\/mspontocom.com.br\/site\/wp-content\/uploads\/2026\/01\/site-inscricoes-para-especializacoes-do-ifms-seguem-abertas-ifms-768x409.jpg 768w\" sizes=\"(max-width: 940px) 100vw, 940px\" \/>O Instituto Federal de Mato Grosso do Sul (IFMS) segue com inscri\u00e7\u00f5es abertas para os cursos de p\u00f3s-gradua\u00e7\u00e3o lato sensu (especializa\u00e7\u00e3o) nas \u00e1reas de Doc\u00eancia para a Educa\u00e7\u00e3o Profissional, Cient\u00edfica e Tecnol\u00f3gica e de Ensino de Ci\u00eancias e Matem\u00e1tica.<\/p>\n<p>As inscri\u00e7\u00f5es para as vagas no curso de Doc\u00eancia para a Educa\u00e7\u00e3o Profissional, Cient\u00edfica e Tecnol\u00f3gica seguem at\u00e9 o pr\u00f3ximo domingo, 25, enquanto para o curso de Ensino de Ci\u00eancias e Matem\u00e1tica, o prazo se estende at\u00e9 o dia 31 de janeiro.<\/p>\n<p>Ao todo, s\u00e3o 290 vagas em cursos presenciais distribu\u00eddas em seis campi: Campo Grande, Corumb\u00e1, Navira\u00ed, Nova Andradina, Ponta Por\u00e3 e Tr\u00eas Lagoas, com ingresso previsto para o primeiro semestre letivo de 2026.<\/p>\n<p>A oferta se d\u00e1 por meio de tr\u00eas editais de sele\u00e7\u00e3o, todos dispon\u00edveis na\u00a0<a title=\"\" href=\"https:\/\/email.ifms.edu.br\/lists\/lt.php?tid=KxkFC1ABWwQFVEtaAwVWTlABUANOAF5eUxsMVVQKAwkBBwcLUAwfAwJZUABVWV1OXVMAVU4NXQpQG1kHBgJPA1NSBwRdD1EAAFVWHwBWVQdcUQtQTlsBCFIbDFIAVk9TAgBTH1IAAgUBVlFXAlgBVQ\" target=\"_blank\" rel=\"noopener\" data-saferedirecturl=\"https:\/\/www.google.com\/url?q=https:\/\/email.ifms.edu.br\/lists\/lt.php?tid%3DKxkFC1ABWwQFVEtaAwVWTlABUANOAF5eUxsMVVQKAwkBBwcLUAwfAwJZUABVWV1OXVMAVU4NXQpQG1kHBgJPA1NSBwRdD1EAAFVWHwBWVQdcUQtQTlsBCFIbDFIAVk9TAgBTH1IAAgUBVlFXAlgBVQ&amp;source=gmail&amp;ust=1769255377633000&amp;usg=AOvVaw2EiO8GqmvxRWoPVQm1P5bD\">Central de Sele\u00e7\u00e3o do IFMS<\/a>:<\/p>\n<ul>\n<li><strong><a title=\"Edital n\u00ba 087\/2025\" href=\"https:\/\/email.ifms.edu.br\/lists\/lt.php?tid=KxlUAlcNUwRXUEsFAFcATlBTAQZOWwsLDhsAXgUEAAJbUgJXVlsfAwJZUABVWV1OXVMAVU4NXQpQG1kHBgJPA1NSBwRdD1EAAFVWHwBWVQdcUQtQTlsBCFIbDFIAVk9TAgBTH1IAAgUBVlFXAlgBVQ\" target=\"_blank\" rel=\"noopener\" data-saferedirecturl=\"https:\/\/www.google.com\/url?q=https:\/\/email.ifms.edu.br\/lists\/lt.php?tid%3DKxlUAlcNUwRXUEsFAFcATlBTAQZOWwsLDhsAXgUEAAJbUgJXVlsfAwJZUABVWV1OXVMAVU4NXQpQG1kHBgJPA1NSBwRdD1EAAFVWHwBWVQdcUQtQTlsBCFIbDFIAVk9TAgBTH1IAAgUBVlFXAlgBVQ&amp;source=gmail&amp;ust=1769255377633000&amp;usg=AOvVaw2lJRiCncASez3cUagp_Xq4\">Edital n\u00ba 087\/2025<\/a><\/strong>\u00a0&#8211; Doc\u00eancia para a Educa\u00e7\u00e3o Profissional, Cient\u00edfica e Tecnol\u00f3gica (Corumb\u00e1, Navira\u00ed e Tr\u00eas Lagoas);<\/li>\n<li><strong><a title=\"Edital n\u00ba 088\/2025\" href=\"https:\/\/email.ifms.edu.br\/lists\/lt.php?tid=KxkNA1IIWlRTUEtXVVhWTlBXU1NOWA1aDhsMBQYABlRaUQcGVw4fAwJZUABVWV1OXVMAVU4NXQpQG1kHBgJPA1NSBwRdD1EAAFVWHwBWVQdcUQtQTlsBCFIbDFIAVk9TAgBTH1IAAgUBVlFXAlgBVQ\" target=\"_blank\" rel=\"noopener\" data-saferedirecturl=\"https:\/\/www.google.com\/url?q=https:\/\/email.ifms.edu.br\/lists\/lt.php?tid%3DKxkNA1IIWlRTUEtXVVhWTlBXU1NOWA1aDhsMBQYABlRaUQcGVw4fAwJZUABVWV1OXVMAVU4NXQpQG1kHBgJPA1NSBwRdD1EAAFVWHwBWVQdcUQtQTlsBCFIbDFIAVk9TAgBTH1IAAgUBVlFXAlgBVQ&amp;source=gmail&amp;ust=1769255377633000&amp;usg=AOvVaw3kHL6vPwkx-FelD7dUC9Ln\">Edital n\u00ba 088\/2025<\/a><\/strong>\u00a0&#8211; Doc\u00eancia para a Educa\u00e7\u00e3o Profissional, Cient\u00edfica e Tecnol\u00f3gica (Campo Grande, Nova Andradina e Ponta Por\u00e3);<\/li>\n<li><strong><a title=\"Edital n\u00ba 089\/2025\" href=\"https:\/\/email.ifms.edu.br\/lists\/lt.php?tid=KxkHVgAPAlICB0tSUlgATlBSUVBOWFlcBRtZUwFSVgFbBAAFUA4fAwJZUABVWV1OXVMAVU4NXQpQG1kHBgJPA1NSBwRdD1EAAFVWHwBWVQdcUQtQTlsBCFIbDFIAVk9TAgBTH1IAAgUBVlFXAlgBVQ\" target=\"_blank\" rel=\"noopener\" data-saferedirecturl=\"https:\/\/www.google.com\/url?q=https:\/\/email.ifms.edu.br\/lists\/lt.php?tid%3DKxkHVgAPAlICB0tSUlgATlBSUVBOWFlcBRtZUwFSVgFbBAAFUA4fAwJZUABVWV1OXVMAVU4NXQpQG1kHBgJPA1NSBwRdD1EAAFVWHwBWVQdcUQtQTlsBCFIbDFIAVk9TAgBTH1IAAgUBVlFXAlgBVQ&amp;source=gmail&amp;ust=1769255377633000&amp;usg=AOvVaw3wMLuJylmtcfw9IzZkMqyP\">Edital n\u00ba 089\/2025<\/a><\/strong>\u00a0&#8211; Ensino de Ci\u00eancias e Matem\u00e1tica (Campo Grande).<\/li>\n<\/ul>\n<p><strong>Inscri\u00e7\u00f5es<\/strong>\u00a0&#8211; S\u00e3o gratuitas e devem ser feitas na\u00a0<a title=\"\" href=\"https:\/\/email.ifms.edu.br\/lists\/lt.php?tid=KxkNBFQNVVQAAksAA1NcTlBcUQFOAA8OBBsMUlMDUFAAXAcEVg4fAwJZUABVWV1OXVMAVU4NXQpQG1kHBgJPA1NSBwRdD1EAAFVWHwBWVQdcUQtQTlsBCFIbDFIAVk9TAgBTH1IAAgUBVlFXAlgBVQ\" target=\"_blank\" rel=\"noopener\" data-saferedirecturl=\"https:\/\/www.google.com\/url?q=https:\/\/email.ifms.edu.br\/lists\/lt.php?tid%3DKxkNBFQNVVQAAksAA1NcTlBcUQFOAA8OBBsMUlMDUFAAXAcEVg4fAwJZUABVWV1OXVMAVU4NXQpQG1kHBgJPA1NSBwRdD1EAAFVWHwBWVQdcUQtQTlsBCFIbDFIAVk9TAgBTH1IAAgUBVlFXAlgBVQ&amp;source=gmail&amp;ust=1769255377633000&amp;usg=AOvVaw29vDCBPBOIsyx1rAXOH8BG\">P\u00e1gina do Candidato<\/a>\u00a0da Central de Sele\u00e7\u00e3o. Os interessados devem preencher os dados solicitados, indicando curso e campus de interesse, assim como op\u00e7\u00e3o pela participa\u00e7\u00e3o nas vagas de a\u00e7\u00f5es afirmativas (cotas), se for o caso.<\/p>\n<p>O sistema ir\u00e1 gerar um n\u00famero de inscri\u00e7\u00e3o, que dever\u00e1 ser guardado para o acompanhamento das etapas posteriores.<\/p>\n<p>A sele\u00e7\u00e3o ser\u00e1 realizada por sorteio eletr\u00f4nico nos campi Campo Grande, Nova Andradina e Ponta Por\u00e3.<\/p>\n<p>Para Corumb\u00e1, Navira\u00ed e Tr\u00eas Lagoas, os candidatos ser\u00e3o selecionados por meio da an\u00e1lise do Curr\u00edculo Lattes, considerando crit\u00e9rios como \u00e1rea de forma\u00e7\u00e3o, atua\u00e7\u00e3o profissional e produ\u00e7\u00e3o acad\u00eamica.<\/p>\n<p>Mais informa\u00e7\u00f5es sobre as sele\u00e7\u00f5es podem ser obtidas pelo e-mail\u00a0<a href=\"mailto:copog@ifms.edu.br\" target=\"_blank\" rel=\"noopener\">copog@ifms.edu.br<\/a>.<\/p>\n<p><strong>Doc\u00eancia para a Educa\u00e7\u00e3o Profissional, Cient\u00edfica e Tecnol\u00f3gica<\/strong>\u00a0&#8211; S\u00e3o 240 vagas para a especializa\u00e7\u00e3o, sendo 40 em cada campus. O curso \u00e9 voltado a portadores de diploma de n\u00edvel superior em qualquer \u00e1rea de forma\u00e7\u00e3o.<\/p>\n<p>A carga hor\u00e1ria do curso \u00e9 de 360 horas de atividades, acrescidas de 60 horas destinadas ao Trabalho de Conclus\u00e3o de Curso (TCC). A dura\u00e7\u00e3o varia de 12 a 18 meses, conforme o campus.<\/p>\n<p>As aulas s\u00e3o presenciais, em dias e hor\u00e1rios definidos nos editais de cada campus, com in\u00edcio previsto a partir de mar\u00e7o de 2026.<\/p>\n<p><strong>Ensino de Ci\u00eancias e Matem\u00e1tica<\/strong>\u00a0&#8211; Com 50 vagas, a especializa\u00e7\u00e3o \u00e9 presencial e oferecida em Campo Grande.<\/p>\n<p>O curso \u00e9 voltado a quem possui diploma do ensino superior (licenciatura ou bacharelado) em Ci\u00eancias (Qu\u00edmica, F\u00edsica ou Biologia), Matem\u00e1tica ou Pedagogia, com prioridade para licenciados que atuam na educa\u00e7\u00e3o b\u00e1sica.<\/p>\n<p>A carga hor\u00e1ria total do curso \u00e9 de 360 horas, acrescidas de 40 horas para o Trabalho de Conclus\u00e3o de Curso (TCC). A dura\u00e7\u00e3o prevista \u00e9 de 18 a 24 meses.<\/p>\n","protected":false},"excerpt":{"rendered":"<p>O Instituto Federal de Mato Grosso do Sul (IFMS) segue com inscri\u00e7\u00f5es abertas para os cursos de p\u00f3s-gradua\u00e7\u00e3o lato sensu (especializa\u00e7\u00e3o) nas \u00e1reas de Doc\u00eancia para a Educa\u00e7\u00e3o Profissional, Cient\u00edfica e Tecnol\u00f3gica e de Ensino de Ci\u00eancias e Matem\u00e1tica. As inscri\u00e7\u00f5es para as vagas no curso de Doc\u00eancia para a Educa\u00e7\u00e3o Profissional, Cient\u00edfica e Tecnol\u00f3gica [&hellip;]<\/p>\n","protected":false},"author":2,"featured_media":206481,"comment_status":"open","ping_status":"open","sticky":false,"template":"","format":"standard","meta":{"_monsterinsights_skip_tracking":false,"_monsterinsights_sitenote_active":false,"_monsterinsights_sitenote_note":"","_monsterinsights_sitenote_category":0},"categories":[76,74],"tags":[972,455,15188],"aioseo_notices":[],"_links":{"self":[{"href":"https:\/\/mspontocom.com.br\/site\/wp-json\/wp\/v2\/posts\/206480"}],"collection":[{"href":"https:\/\/mspontocom.com.br\/site\/wp-json\/wp\/v2\/posts"}],"about":[{"href":"https:\/\/mspontocom.com.br\/site\/wp-json\/wp\/v2\/types\/post"}],"author":[{"embeddable":true,"href":"https:\/\/mspontocom.com.br\/site\/wp-json\/wp\/v2\/users\/2"}],"replies":[{"embeddable":true,"href":"https:\/\/mspontocom.com.br\/site\/wp-json\/wp\/v2\/comments?post=206480"}],"version-history":[{"count":1,"href":"https:\/\/mspontocom.com.br\/site\/wp-json\/wp\/v2\/posts\/206480\/revisions"}],"predecessor-version":[{"id":206482,"href":"https:\/\/mspontocom.com.br\/site\/wp-json\/wp\/v2\/posts\/206480\/revisions\/206482"}],"wp:featuredmedia":[{"embeddable":true,"href":"https:\/\/mspontocom.com.br\/site\/wp-json\/wp\/v2\/media\/206481"}],"wp:attachment":[{"href":"https:\/\/mspontocom.com.br\/site\/wp-json\/wp\/v2\/media?parent=206480"}],"wp:term":[{"taxonomy":"category","embeddable":true,"href":"https:\/\/mspontocom.com.br\/site\/wp-json\/wp\/v2\/categories?post=206480"},{"taxonomy":"post_tag","embeddable":true,"href":"https:\/\/mspontocom.com.br\/site\/wp-json\/wp\/v2\/tags?post=206480"}],"curies":[{"name":"wp","href":"https:\/\/api.w.org\/{rel}","templated":true}]}}