{"id":206705,"date":"2026-02-02T05:33:47","date_gmt":"2026-02-02T09:33:47","guid":{"rendered":"https:\/\/mspontocom.com.br\/site\/?p=206705"},"modified":"2026-02-02T05:33:47","modified_gmt":"2026-02-02T09:33:47","slug":"orelha-projeto-quer-aumentar-punicao-para-maus-tratos-a-animais","status":"publish","type":"post","link":"https:\/\/mspontocom.com.br\/site\/orelha-projeto-quer-aumentar-punicao-para-maus-tratos-a-animais\/","title":{"rendered":"ORELHA:  Projeto quer aumentar puni\u00e7\u00e3o para maus-tratos a animais"},"content":{"rendered":"<p style=\"text-align: justify;\"><img loading=\"lazy\" class=\"alignnone size-full wp-image-206719\" src=\"http:\/\/mspontocom.com.br\/site\/wp-content\/uploads\/2026\/02\/site-orelha-projeto-quer-aumentar-punicao-para-maus-tratos-a-animais-orelha.png\" alt=\"\" width=\"750\" height=\"450\" srcset=\"https:\/\/mspontocom.com.br\/site\/wp-content\/uploads\/2026\/02\/site-orelha-projeto-quer-aumentar-punicao-para-maus-tratos-a-animais-orelha.png 750w, https:\/\/mspontocom.com.br\/site\/wp-content\/uploads\/2026\/02\/site-orelha-projeto-quer-aumentar-punicao-para-maus-tratos-a-animais-orelha-260x156.png 260w\" sizes=\"(max-width: 750px) 100vw, 750px\" \/>O deputado federal Ronaldo Nogueira (Republicanos), em entrevista a\u00a0Jovem Pan explicou um<strong> projeto de lei<\/strong>\u00a0que visa aumentar as penas para crimes de maus-tratos a animais, especialmente quando praticados com requintes de crueldade.<\/p>\n<p style=\"text-align: justify;\">Este projeto, ainda em tramita\u00e7\u00e3o,\u00a0busca endurecer as puni\u00e7\u00f5es previstas na lei ambiental 9.605\/88, que segundo o deputado, s\u00e3o brandas.<\/p>\n<blockquote><p><em>\u201cO ato ocorrido em Santa Catarina \u00e9 uma demonstra\u00e7\u00e3o que a crueldade humana n\u00e3o tem limites\u201d, disse em rela\u00e7\u00e3o ao caso do c\u00e3o Orelha, morto por adolescentes em Florian\u00f3polis.<\/em><\/p><\/blockquote>\n<p style=\"text-align: justify;\">O caso comoveu o pa\u00eds e desencadeou uma s\u00e9rie de manifesta\u00e7\u00f5es pelo Brasil, inclusive na Avenida Paulista.<\/p>\n<div class=\"clearfix text-center advert\">\n<div id=\"ad-middle2\" class=\"pubad lmr ads-gam\" data-pos=\"LMR\">\n<div id=\"ad-middle21\" data-google-query-id=\"CMvSsLuxupIDFYhQuAQdR8c1jQ\">\n<div id=\"google_ads_iframe_\/173743064\/politica_4__container__\">\n<p style=\"text-align: justify;\">O projeto prop\u00f5e dobrar as penas para crimes caracterizados por crueldade extrema, e, de acordo com o deputado, j\u00e1 foram iniciadas as conversas com as lideran\u00e7as do partido e o presidente da C\u00e2mara, Hugo Motta, para acelerar sua aprova\u00e7\u00e3o.<\/p>\n<p style=\"text-align: justify;\">O deputado Nogueira destacou a import\u00e2ncia de estabelecer uma cultura de respeito \u00e0 vida, tanto humana quanto animal, e a necessidade de o Estado impor regras para prevenir abusos.<\/p>\n<p style=\"text-align: justify;\">Ele mencionou que, al\u00e9m do projeto atual, est\u00e1 trabalhando em outra proposta que<strong> visa responsabilizar menores de idade que cometam crimes com requintes de crueldade, tratando-os como adultos.<\/strong><\/p>\n<p style=\"text-align: justify;\">Al\u00e9m disso, o deputado est\u00e1 empenhado na cria\u00e7\u00e3o de um Estatuto do Bem-estar Animal, semelhante ao Estatuto do Idoso e ao Estatuto da Crian\u00e7a e do Adolescente, para garantir a prote\u00e7\u00e3o dos animais silvestres e dom\u00e9sticos.<\/p>\n<p style=\"text-align: justify;\">Nogueira tamb\u00e9m abordou a corresponsabiliza\u00e7\u00e3o dos pais em casos de crimes cometidos por adolescentes, enfatizando que a educa\u00e7\u00e3o em valores e princ\u00edpios \u00e9 fundamental para prevenir tais atos.<\/p>\n<p style=\"text-align: justify;\">O deputado tamb\u00e9m refor\u00e7ou a necessidade de uma a\u00e7\u00e3o estatal forte para coibir a crueldade contra os animais e promover uma conviv\u00eancia civilizada.<\/p>\n<p style=\"text-align: justify;\"><i><b>Continue em nossa companhia em:<\/b><\/i> <a href=\"http:\/\/www.mspontocom.com.br\/\"><span style=\"color: #0000ff;\"><span style=\"font-family: Comic Sans MS, cursive;\"><span style=\"font-size: small;\"><u>www.mspontocom.com.br<\/u><\/span><\/span><\/span><\/a><\/p>\n<\/div>\n<\/div>\n<\/div>\n<\/div>\n","protected":false},"excerpt":{"rendered":"<p>O deputado federal Ronaldo Nogueira (Republicanos), em entrevista a\u00a0Jovem Pan explicou um projeto de lei\u00a0que visa aumentar as penas para crimes de maus-tratos a animais, especialmente quando praticados com requintes de crueldade. Este projeto, ainda em tramita\u00e7\u00e3o,\u00a0busca endurecer as puni\u00e7\u00f5es previstas na lei ambiental 9.605\/88, que segundo o deputado, s\u00e3o brandas. \u201cO ato ocorrido em [&hellip;]<\/p>\n","protected":false},"author":2,"featured_media":206719,"comment_status":"open","ping_status":"open","sticky":false,"template":"","format":"standard","meta":{"_monsterinsights_skip_tracking":false,"_monsterinsights_sitenote_active":false,"_monsterinsights_sitenote_note":"","_monsterinsights_sitenote_category":0},"categories":[1],"tags":[1826,1392,6206,1827,44167,374,28511],"aioseo_notices":[],"_links":{"self":[{"href":"https:\/\/mspontocom.com.br\/site\/wp-json\/wp\/v2\/posts\/206705"}],"collection":[{"href":"https:\/\/mspontocom.com.br\/site\/wp-json\/wp\/v2\/posts"}],"about":[{"href":"https:\/\/mspontocom.com.br\/site\/wp-json\/wp\/v2\/types\/post"}],"author":[{"embeddable":true,"href":"https:\/\/mspontocom.com.br\/site\/wp-json\/wp\/v2\/users\/2"}],"replies":[{"embeddable":true,"href":"https:\/\/mspontocom.com.br\/site\/wp-json\/wp\/v2\/comments?post=206705"}],"version-history":[{"count":2,"href":"https:\/\/mspontocom.com.br\/site\/wp-json\/wp\/v2\/posts\/206705\/revisions"}],"predecessor-version":[{"id":206720,"href":"https:\/\/mspontocom.com.br\/site\/wp-json\/wp\/v2\/posts\/206705\/revisions\/206720"}],"wp:featuredmedia":[{"embeddable":true,"href":"https:\/\/mspontocom.com.br\/site\/wp-json\/wp\/v2\/media\/206719"}],"wp:attachment":[{"href":"https:\/\/mspontocom.com.br\/site\/wp-json\/wp\/v2\/media?parent=206705"}],"wp:term":[{"taxonomy":"category","embeddable":true,"href":"https:\/\/mspontocom.com.br\/site\/wp-json\/wp\/v2\/categories?post=206705"},{"taxonomy":"post_tag","embeddable":true,"href":"https:\/\/mspontocom.com.br\/site\/wp-json\/wp\/v2\/tags?post=206705"}],"curies":[{"name":"wp","href":"https:\/\/api.w.org\/{rel}","templated":true}]}}