{"id":206731,"date":"2026-02-02T03:38:10","date_gmt":"2026-02-02T07:38:10","guid":{"rendered":"https:\/\/mspontocom.com.br\/site\/?p=206731"},"modified":"2026-02-02T06:48:20","modified_gmt":"2026-02-02T10:48:20","slug":"ms-senac-inicia-programa-decola-para-levar-inovacao-a-empresas","status":"publish","type":"post","link":"https:\/\/mspontocom.com.br\/site\/ms-senac-inicia-programa-decola-para-levar-inovacao-a-empresas\/","title":{"rendered":"MS: Senac inicia Programa Decola para levar inova\u00e7\u00e3o a empresas"},"content":{"rendered":"<p style=\"text-align: justify;\"><img loading=\"lazy\" class=\"alignnone size-large wp-image-206732\" src=\"http:\/\/mspontocom.com.br\/site\/wp-content\/uploads\/2026\/02\/site-senac-ms-inicia-programa-decola-para-levar-inovacao-a-empresas-decola1-e1770029148453-1024x658.jpeg\" alt=\"\" width=\"1024\" height=\"658\" srcset=\"https:\/\/mspontocom.com.br\/site\/wp-content\/uploads\/2026\/02\/site-senac-ms-inicia-programa-decola-para-levar-inovacao-a-empresas-decola1-e1770029148453-1024x658.jpeg 1024w, https:\/\/mspontocom.com.br\/site\/wp-content\/uploads\/2026\/02\/site-senac-ms-inicia-programa-decola-para-levar-inovacao-a-empresas-decola1-e1770029148453-260x167.jpeg 260w, https:\/\/mspontocom.com.br\/site\/wp-content\/uploads\/2026\/02\/site-senac-ms-inicia-programa-decola-para-levar-inovacao-a-empresas-decola1-e1770029148453-768x494.jpeg 768w, https:\/\/mspontocom.com.br\/site\/wp-content\/uploads\/2026\/02\/site-senac-ms-inicia-programa-decola-para-levar-inovacao-a-empresas-decola1-e1770029148453.jpeg 1344w\" sizes=\"(max-width: 1024px) 100vw, 1024px\" \/>Em Mato Grosso do Sul, 120 empresas come\u00e7am o ano com uma oportunidade \u00fanica: aplicar inova\u00e7\u00e3o na pr\u00e1tica e com foco em seu nicho de mercado.<\/p>\n<p style=\"text-align: justify;\">O <strong>Programa Decola Empresas<\/strong> \u00e9 uma iniciativa do Senac MS \u00a0(Servi\u00e7o Nacional de Aprendizagem Comercial em Mato Grosso do Sul) em parceria com o Governo do Estado.<\/p>\n<p>As empresas foram selecionadas por meio de edital e integram os setores de varejo, sa\u00fade e turismo, em cinco munic\u00edpios de Mato Grosso do Sul.<\/p>\n<p>Ser\u00e3o oito meses de troca entre empres\u00e1rios e mentores, com foco em aprender sobre inova\u00e7\u00e3o e principalmente, sobre como aplicar em seu neg\u00f3cio.<\/p>\n<p style=\"text-align: justify;\">Ser\u00e3o duas etapas, somando mais de 60 horas de mentoria especializada para colocar os projetos em pr\u00e1tica. O programa Decola Empresas \u00e9 gratuito.<\/p>\n<p><em><span style=\"font-size: 18pt;\"><strong>Inova\u00e7\u00e3o exige mudan\u00e7a de olhar\u00a0<\/strong><\/span><br \/>\n<\/em><br \/>\nTitular da Semadesc, o secret\u00e1rio Jaime Verruck abordou sobre \u00a0transi\u00e7\u00e3o econ\u00f4mica, tribut\u00e1ria e log\u00edstica e os impactos diretos nas empresas.<em>\u00a0<\/em><\/p>\n<blockquote><p><em>&#8220;Mato Grosso do Sul talvez seja um dos estados mais bem posicionados nessa agenda de transi\u00e7\u00e3o energ\u00e9tica e com investimentos. Estamos fazendo um esfor\u00e7o brutal para que o estado continue crescendo de forma competitiva e precisamos de empresas competitivas&#8221;<\/em>, destaca o secret\u00e1rio.<\/p><\/blockquote>\n<p style=\"text-align: justify;\"><strong><span style=\"font-size: 18pt;\">EMPRESAS PODEM SE INSCREVER<\/span><\/strong><\/p>\n<p style=\"text-align: justify;\">As empresas j\u00e1 foram selecionadas, mas quem n\u00e3o se inscreveu e tem interesse, pode mandar seus dados para o e-mail\u00a0<a href=\"mailto:decola@ms.senac.org.br\" target=\"_blank\" rel=\"noopener\">decola@ms.senac.org.br<\/a>, para poss\u00edveis novas vagas.<\/p>\n<p style=\"text-align: justify;\">FONTE: Stephanie Romero<\/p>\n<p style=\"text-align: justify;\"><i><b>Continue em nossa companhia em:<\/b><\/i> <a href=\"http:\/\/www.mspontocom.com.br\/\"><span style=\"color: #0000ff;\"><span style=\"font-family: Comic Sans MS, cursive;\"><span style=\"font-size: small;\"><u>www.mspontocom.com.br<\/u><\/span><\/span><\/span><\/a><\/p>\n<p style=\"text-align: justify;\">\n","protected":false},"excerpt":{"rendered":"<p>Em Mato Grosso do Sul, 120 empresas come\u00e7am o ano com uma oportunidade \u00fanica: aplicar inova\u00e7\u00e3o na pr\u00e1tica e com foco em seu nicho de mercado. O Programa Decola Empresas \u00e9 uma iniciativa do Senac MS \u00a0(Servi\u00e7o Nacional de Aprendizagem Comercial em Mato Grosso do Sul) em parceria com o Governo do Estado. As empresas [&hellip;]<\/p>\n","protected":false},"author":2,"featured_media":206732,"comment_status":"open","ping_status":"open","sticky":false,"template":"","format":"standard","meta":{"_monsterinsights_skip_tracking":false,"_monsterinsights_sitenote_active":false,"_monsterinsights_sitenote_note":"","_monsterinsights_sitenote_category":0},"categories":[74],"tags":[44172,1710,4028,81,1859,7672],"aioseo_notices":[],"_links":{"self":[{"href":"https:\/\/mspontocom.com.br\/site\/wp-json\/wp\/v2\/posts\/206731"}],"collection":[{"href":"https:\/\/mspontocom.com.br\/site\/wp-json\/wp\/v2\/posts"}],"about":[{"href":"https:\/\/mspontocom.com.br\/site\/wp-json\/wp\/v2\/types\/post"}],"author":[{"embeddable":true,"href":"https:\/\/mspontocom.com.br\/site\/wp-json\/wp\/v2\/users\/2"}],"replies":[{"embeddable":true,"href":"https:\/\/mspontocom.com.br\/site\/wp-json\/wp\/v2\/comments?post=206731"}],"version-history":[{"count":1,"href":"https:\/\/mspontocom.com.br\/site\/wp-json\/wp\/v2\/posts\/206731\/revisions"}],"predecessor-version":[{"id":206733,"href":"https:\/\/mspontocom.com.br\/site\/wp-json\/wp\/v2\/posts\/206731\/revisions\/206733"}],"wp:featuredmedia":[{"embeddable":true,"href":"https:\/\/mspontocom.com.br\/site\/wp-json\/wp\/v2\/media\/206732"}],"wp:attachment":[{"href":"https:\/\/mspontocom.com.br\/site\/wp-json\/wp\/v2\/media?parent=206731"}],"wp:term":[{"taxonomy":"category","embeddable":true,"href":"https:\/\/mspontocom.com.br\/site\/wp-json\/wp\/v2\/categories?post=206731"},{"taxonomy":"post_tag","embeddable":true,"href":"https:\/\/mspontocom.com.br\/site\/wp-json\/wp\/v2\/tags?post=206731"}],"curies":[{"name":"wp","href":"https:\/\/api.w.org\/{rel}","templated":true}]}}