{"id":206745,"date":"2026-02-03T05:23:37","date_gmt":"2026-02-03T09:23:37","guid":{"rendered":"https:\/\/mspontocom.com.br\/site\/?p=206745"},"modified":"2026-02-03T05:23:37","modified_gmt":"2026-02-03T09:23:37","slug":"fachin-cobra-autocorrecao-de-ministros-que-se-sentem-criaturas-sobre-humanas","status":"publish","type":"post","link":"https:\/\/mspontocom.com.br\/site\/fachin-cobra-autocorrecao-de-ministros-que-se-sentem-criaturas-sobre-humanas\/","title":{"rendered":"Fachin cobra \u2018autocorre\u00e7\u00e3o de ministros que se sentem \u2018criaturas sobre-humanas\u2019"},"content":{"rendered":"<p class=\"styles__ParagraphStyled-sc-6adecn-0 gsLklW \" style=\"text-align: justify;\" data-component-name=\"paragraph\"><img loading=\"lazy\" class=\"alignnone size-full wp-image-206749\" src=\"http:\/\/mspontocom.com.br\/site\/wp-content\/uploads\/2026\/02\/site-fachin-cobra-autocorrecao-de-ministros-que-se-sentem-criaturas-sobre-humanas-fachin.webp\" alt=\"\" width=\"924\" height=\"552\" srcset=\"https:\/\/mspontocom.com.br\/site\/wp-content\/uploads\/2026\/02\/site-fachin-cobra-autocorrecao-de-ministros-que-se-sentem-criaturas-sobre-humanas-fachin.webp 924w, https:\/\/mspontocom.com.br\/site\/wp-content\/uploads\/2026\/02\/site-fachin-cobra-autocorrecao-de-ministros-que-se-sentem-criaturas-sobre-humanas-fachin-260x155.webp 260w, https:\/\/mspontocom.com.br\/site\/wp-content\/uploads\/2026\/02\/site-fachin-cobra-autocorrecao-de-ministros-que-se-sentem-criaturas-sobre-humanas-fachin-768x459.webp 768w\" sizes=\"(max-width: 924px) 100vw, 924px\" \/>Ao abrir o ano do Judici\u00e1rio, o presidente do Supremo, Edson Fachin, pediu emprestado ao jurista italiano Piero Calamandrei o seu recado mais duro e direto a ministros que consideram <strong>\u201ca magistratura superior a qualquer cr\u00edtica e qualquer suspeita, como se fossem criaturas sobre-humanas\u201d.<\/strong><\/p>\n<p class=\"styles__ParagraphStyled-sc-6adecn-0 gsLklW \" style=\"text-align: justify;\" data-component-name=\"paragraph\">Quem quiser que vista a carapu\u00e7a.<\/p>\n<p class=\"styles__ParagraphStyled-sc-6adecn-0 gsLklW \" style=\"text-align: justify;\" data-component-name=\"paragraph\">Fachin disse que chegou o momento de o Supremo abdicar do protagonismo em todas as \u00e1reas e pregou autocorre\u00e7\u00e3o, mas n\u00e3o citou nenhum colega togado, nem mesmo<strong> Dias Toffoli,<\/strong> o relator do esc\u00e2ndalo Master, que est\u00e1 no meio do furac\u00e3o, ou melhor, das \u201ccr\u00edticas e suspeitas\u201d.<\/p>\n<div class=\"styles__MultiParagraphAdStyled-sc-1yb8ue6-0 dAAozZ\" style=\"text-align: justify;\" data-component-name=\"multi-paragraph\">\n<div class=\"paragraph\">\n<p>O presidente da corte, portanto, insistiu que o STF e seus ministros devem fazer mea culpa, admitir seus limites e recuperar a legitimidade da institui\u00e7\u00e3o.<\/p>\n<p>Para m\u00e9dio entendedor, basta:<\/p>\n<p>Fachin n\u00e3o condena jornalistas, jornais, sites, televis\u00f5es e r\u00e1dios que v\u00eam divulgando fatos comprovados e constrangedores sobre ministros da alta corte e deixou claro que n\u00e3o \u00e9 a cr\u00edtica honesta que fragiliza as institui\u00e7\u00f5es \u2013 o Supremo, especificamente \u2013, mas sim erros reais, crises \u00e9ticas. Sem falar em Master\u201d, que pega de jeito ministros do STF, fez r\u00e1pida refer\u00eancia ao \u201csistema financeiro\u201d.<\/p>\n<\/div>\n<\/div>\n<p class=\"styles__ParagraphStyled-sc-6adecn-0 gsLklW \" style=\"text-align: justify;\" data-component-name=\"paragraph\">Se n\u00e3o citou os alvos diretos dos recados, Fachin reverenciou duas vezes no seu discurso a ministra C\u00e1rmen L\u00facia, presidente do TSE, sua grande aliada na busca de um Supremo menos pol\u00edtico, menos protagonista e mais dentro da institucionalidade e que ele anunciou como relatora do principal projeto \u00e0 frente do STF: um c\u00f3digo de \u00e9tica.<\/p>\n<p style=\"text-align: justify;\" data-component-name=\"paragraph\">Fachin e C\u00e1rmen, por\u00e9m, n\u00e3o mandaram recados \u201cpara fora\u201d, mas \u201cpara dentro\u201d.<\/p>\n<p style=\"text-align: justify;\" data-component-name=\"paragraph\">Ele lembrou que \u201ca legitimidade \u00e9 o alicerce da Justi\u00e7a (&#8230;) e sua aus\u00eancia \u00e9 ruidosa e percept\u00edvel\u201d.<\/p>\n<p style=\"text-align: justify;\"><i><b>Continue em nossa companhia em:<\/b><\/i> <a href=\"http:\/\/www.mspontocom.com.br\/\"><span style=\"color: #0000ff;\"><span style=\"font-family: Comic Sans MS, cursive;\"><span style=\"font-size: small;\"><u>www.mspontocom.com.br<\/u><\/span><\/span><\/span><\/a><\/p>\n","protected":false},"excerpt":{"rendered":"<p>Ao abrir o ano do Judici\u00e1rio, o presidente do Supremo, Edson Fachin, pediu emprestado ao jurista italiano Piero Calamandrei o seu recado mais duro e direto a ministros que consideram \u201ca magistratura superior a qualquer cr\u00edtica e qualquer suspeita, como se fossem criaturas sobre-humanas\u201d. Quem quiser que vista a carapu\u00e7a. Fachin disse que chegou o [&hellip;]<\/p>\n","protected":false},"author":2,"featured_media":206749,"comment_status":"open","ping_status":"open","sticky":false,"template":"","format":"standard","meta":{"_monsterinsights_skip_tracking":false,"_monsterinsights_sitenote_active":false,"_monsterinsights_sitenote_note":"","_monsterinsights_sitenote_category":0},"categories":[6,30260,2528,30259,12],"tags":[44173,44174,21908,587],"aioseo_notices":[],"_links":{"self":[{"href":"https:\/\/mspontocom.com.br\/site\/wp-json\/wp\/v2\/posts\/206745"}],"collection":[{"href":"https:\/\/mspontocom.com.br\/site\/wp-json\/wp\/v2\/posts"}],"about":[{"href":"https:\/\/mspontocom.com.br\/site\/wp-json\/wp\/v2\/types\/post"}],"author":[{"embeddable":true,"href":"https:\/\/mspontocom.com.br\/site\/wp-json\/wp\/v2\/users\/2"}],"replies":[{"embeddable":true,"href":"https:\/\/mspontocom.com.br\/site\/wp-json\/wp\/v2\/comments?post=206745"}],"version-history":[{"count":2,"href":"https:\/\/mspontocom.com.br\/site\/wp-json\/wp\/v2\/posts\/206745\/revisions"}],"predecessor-version":[{"id":206750,"href":"https:\/\/mspontocom.com.br\/site\/wp-json\/wp\/v2\/posts\/206745\/revisions\/206750"}],"wp:featuredmedia":[{"embeddable":true,"href":"https:\/\/mspontocom.com.br\/site\/wp-json\/wp\/v2\/media\/206749"}],"wp:attachment":[{"href":"https:\/\/mspontocom.com.br\/site\/wp-json\/wp\/v2\/media?parent=206745"}],"wp:term":[{"taxonomy":"category","embeddable":true,"href":"https:\/\/mspontocom.com.br\/site\/wp-json\/wp\/v2\/categories?post=206745"},{"taxonomy":"post_tag","embeddable":true,"href":"https:\/\/mspontocom.com.br\/site\/wp-json\/wp\/v2\/tags?post=206745"}],"curies":[{"name":"wp","href":"https:\/\/api.w.org\/{rel}","templated":true}]}}