{"id":206758,"date":"2026-02-03T05:50:18","date_gmt":"2026-02-03T09:50:18","guid":{"rendered":"https:\/\/mspontocom.com.br\/site\/?p=206758"},"modified":"2026-02-03T06:07:19","modified_gmt":"2026-02-03T10:07:19","slug":"moro-alfineta-codigo-de-etica-do-stf-por-si-so-nao-basta","status":"publish","type":"post","link":"https:\/\/mspontocom.com.br\/site\/moro-alfineta-codigo-de-etica-do-stf-por-si-so-nao-basta\/","title":{"rendered":"Moro &#8220;alfineta&#8221; C\u00f3digo de \u00c9tica do STF: \u201cPor si s\u00f3 n\u00e3o basta\u201d"},"content":{"rendered":"<p style=\"text-align: justify;\"><img loading=\"lazy\" class=\"alignnone size-full wp-image-206759\" src=\"http:\/\/mspontocom.com.br\/site\/wp-content\/uploads\/2026\/02\/site-moro-comenta-codigo-de-etica-do-stf-por-si-so-nao-basta-moro-microfone.jpg\" alt=\"\" width=\"860\" height=\"570\" srcset=\"https:\/\/mspontocom.com.br\/site\/wp-content\/uploads\/2026\/02\/site-moro-comenta-codigo-de-etica-do-stf-por-si-so-nao-basta-moro-microfone.jpg 860w, https:\/\/mspontocom.com.br\/site\/wp-content\/uploads\/2026\/02\/site-moro-comenta-codigo-de-etica-do-stf-por-si-so-nao-basta-moro-microfone-260x172.jpg 260w, https:\/\/mspontocom.com.br\/site\/wp-content\/uploads\/2026\/02\/site-moro-comenta-codigo-de-etica-do-stf-por-si-so-nao-basta-moro-microfone-768x509.jpg 768w\" sizes=\"(max-width: 860px) 100vw, 860px\" \/>O senador Sergio Moro se manifestou sobre o an\u00fancio do C\u00f3digo de \u00c9tica do STF\u00a0feito nesta segunda-feira (2\/2), durante a abertura do Ano Judici\u00e1rio.<\/p>\n<p style=\"text-align: justify;\">Em publica\u00e7\u00e3o na rede social X,\u00a0<span class=\"highlight highlight-visible\">o parlamentar afirmou que a iniciativa representa um avan\u00e7o, embora n\u00e3o seja suficiente, na sua avalia\u00e7\u00e3o, para resolver todas as quest\u00f5es envolvendo a conduta de ministros da Corte.<\/span><\/p>\n<blockquote><p><em>\u201cO c\u00f3digo de conduta para os ministros do STF por si s\u00f3 n\u00e3o basta, mas pelo menos \u00e9 um avan\u00e7o. A iniciativa merece apoio\u201d, escreveu Moro.<\/em><\/p><\/blockquote>\n<p style=\"text-align: justify;\">A manifesta\u00e7\u00e3o ocorre ap\u00f3s o presidente do STF, ministro Edson Fachin, anunciar quea elabora\u00e7\u00e3o do C\u00f3digo de \u00c9tica ser\u00e1 uma das prioridades de sua gest\u00e3o\u00a0\u00e0 frente do tribunal.<\/p>\n<p style=\"text-align: justify;\">Durante o evento, Fachin destacou que o objetivo do novo c\u00f3digo \u00e9 fortalecer a transpar\u00eancia, a responsabilidade institucional e a confian\u00e7a da sociedade no Supremo.<\/p>\n<p style=\"text-align: justify;\"><span class=\"highlight highlight-visible\">Segundo o ministro, o documento ter\u00e1 como eixo central a promo\u00e7\u00e3o do debate interno sobre integridade e transpar\u00eancia no Judici\u00e1rio.<\/span><\/p>\n<p style=\"text-align: justify;\"><i><b>Continue em nossa companhia em:<\/b><\/i> <a href=\"http:\/\/www.mspontocom.com.br\/\"><span style=\"color: #0000ff;\"><span style=\"font-family: Comic Sans MS, cursive;\"><span style=\"font-size: small;\"><u>www.mspontocom.com.br<\/u><\/span><\/span><\/span><\/a><\/p>\n<p style=\"text-align: justify;\">\n","protected":false},"excerpt":{"rendered":"<p>O senador Sergio Moro se manifestou sobre o an\u00fancio do C\u00f3digo de \u00c9tica do STF\u00a0feito nesta segunda-feira (2\/2), durante a abertura do Ano Judici\u00e1rio. Em publica\u00e7\u00e3o na rede social X,\u00a0o parlamentar afirmou que a iniciativa representa um avan\u00e7o, embora n\u00e3o seja suficiente, na sua avalia\u00e7\u00e3o, para resolver todas as quest\u00f5es envolvendo a conduta de ministros [&hellip;]<\/p>\n","protected":false},"author":2,"featured_media":206759,"comment_status":"open","ping_status":"open","sticky":false,"template":"","format":"standard","meta":{"_monsterinsights_skip_tracking":false,"_monsterinsights_sitenote_active":false,"_monsterinsights_sitenote_note":"","_monsterinsights_sitenote_category":0},"categories":[2528,12],"tags":[44180,3191,23158,3014],"aioseo_notices":[],"_links":{"self":[{"href":"https:\/\/mspontocom.com.br\/site\/wp-json\/wp\/v2\/posts\/206758"}],"collection":[{"href":"https:\/\/mspontocom.com.br\/site\/wp-json\/wp\/v2\/posts"}],"about":[{"href":"https:\/\/mspontocom.com.br\/site\/wp-json\/wp\/v2\/types\/post"}],"author":[{"embeddable":true,"href":"https:\/\/mspontocom.com.br\/site\/wp-json\/wp\/v2\/users\/2"}],"replies":[{"embeddable":true,"href":"https:\/\/mspontocom.com.br\/site\/wp-json\/wp\/v2\/comments?post=206758"}],"version-history":[{"count":1,"href":"https:\/\/mspontocom.com.br\/site\/wp-json\/wp\/v2\/posts\/206758\/revisions"}],"predecessor-version":[{"id":206760,"href":"https:\/\/mspontocom.com.br\/site\/wp-json\/wp\/v2\/posts\/206758\/revisions\/206760"}],"wp:featuredmedia":[{"embeddable":true,"href":"https:\/\/mspontocom.com.br\/site\/wp-json\/wp\/v2\/media\/206759"}],"wp:attachment":[{"href":"https:\/\/mspontocom.com.br\/site\/wp-json\/wp\/v2\/media?parent=206758"}],"wp:term":[{"taxonomy":"category","embeddable":true,"href":"https:\/\/mspontocom.com.br\/site\/wp-json\/wp\/v2\/categories?post=206758"},{"taxonomy":"post_tag","embeddable":true,"href":"https:\/\/mspontocom.com.br\/site\/wp-json\/wp\/v2\/tags?post=206758"}],"curies":[{"name":"wp","href":"https:\/\/api.w.org\/{rel}","templated":true}]}}