{"id":206778,"date":"2026-02-04T06:39:06","date_gmt":"2026-02-04T10:39:06","guid":{"rendered":"https:\/\/mspontocom.com.br\/site\/?p=206778"},"modified":"2026-02-04T06:39:06","modified_gmt":"2026-02-04T10:39:06","slug":"parentes-de-ministros-do-stf-tem-70-dos-casos-no-supremo","status":"publish","type":"post","link":"https:\/\/mspontocom.com.br\/site\/parentes-de-ministros-do-stf-tem-70-dos-casos-no-supremo\/","title":{"rendered":"Parentes de ministros do STF t\u00eam 70% dos casos no Supremo"},"content":{"rendered":"<p class=\"styles__ParagraphStyled-sc-6adecn-0 gsLklW \" style=\"text-align: justify;\" data-component-name=\"paragraph\"><img loading=\"lazy\" class=\"alignnone size-large wp-image-206786\" src=\"http:\/\/mspontocom.com.br\/site\/wp-content\/uploads\/2026\/02\/site-parentes-de-ministros-do-stf-tem-70-dos-casos-no-supremo-justica-1024x583.jpg\" alt=\"\" width=\"1024\" height=\"583\" srcset=\"https:\/\/mspontocom.com.br\/site\/wp-content\/uploads\/2026\/02\/site-parentes-de-ministros-do-stf-tem-70-dos-casos-no-supremo-justica-1024x583.jpg 1024w, https:\/\/mspontocom.com.br\/site\/wp-content\/uploads\/2026\/02\/site-parentes-de-ministros-do-stf-tem-70-dos-casos-no-supremo-justica-260x148.jpg 260w, https:\/\/mspontocom.com.br\/site\/wp-content\/uploads\/2026\/02\/site-parentes-de-ministros-do-stf-tem-70-dos-casos-no-supremo-justica-768x437.jpg 768w, https:\/\/mspontocom.com.br\/site\/wp-content\/uploads\/2026\/02\/site-parentes-de-ministros-do-stf-tem-70-dos-casos-no-supremo-justica.jpg 1280w\" sizes=\"(max-width: 1024px) 100vw, 1024px\" \/>Parentes de primeiro grau de oito dos dez atuais ministros do STF tiveram um salto na atua\u00e7\u00e3o em tribunais superiores ap\u00f3s a ascens\u00e3o de seus familiares \u00e0 c\u00fapula do Judici\u00e1rio.<\/p>\n<p class=\"styles__ParagraphStyled-sc-6adecn-0 gsLklW \" style=\"text-align: justify;\" data-component-name=\"paragraph\">Levantamento realizado pelo <strong>Estad\u00e3o<\/strong>\u00a0mostra que 70% dos processos com a participa\u00e7\u00e3o desses advogados foram protocolados depois de os ministros serem empossados no STF.<\/p>\n<p class=\"styles__ParagraphStyled-sc-6adecn-0 gsLklW \" style=\"text-align: justify;\" data-component-name=\"paragraph\">A reportagem contabilizou 1.860 processos no STF e no STJ que contam com a participa\u00e7\u00e3o de parentes dos ministros\u00a0<a title=\"https:\/\/www.estadao.com.br\/tudo-sobre\/alexandre-de-moraes\/\" href=\"https:\/\/www.estadao.com.br\/tudo-sobre\/alexandre-de-moraes\/\" target=\"_blank\" rel=\"noopener\"><strong>Alexandre de Moraes<\/strong><\/a>,\u00a0<a title=\"https:\/\/www.estadao.com.br\/tudo-sobre\/dias-toffoli\/\" href=\"https:\/\/www.estadao.com.br\/tudo-sobre\/dias-toffoli\/\" target=\"_blank\" rel=\"noopener\"><strong>Dias Toffoli<\/strong><\/a>,\u00a0<a title=\"https:\/\/www.estadao.com.br\/tudo-sobre\/edson-fachin\" href=\"https:\/\/www.estadao.com.br\/tudo-sobre\/edson-fachin\" target=\"_blank\" rel=\"noopener\"><strong>Edson Fachin<\/strong><\/a>,<a title=\"https:\/\/www.estadao.com.br\/tudo-sobre\/luiz-fux\/\" href=\"https:\/\/www.estadao.com.br\/tudo-sobre\/luiz-fux\/\" target=\"_blank\" rel=\"noopener\"><strong>\u00a0Luiz Fux<\/strong><\/a>,\u00a0<a title=\"https:\/\/www.estadao.com.br\/tudo-sobre\/cristiano-zanin-martins\" href=\"https:\/\/www.estadao.com.br\/tudo-sobre\/cristiano-zanin-martins\" target=\"_blank\" rel=\"noopener\"><strong>Cristiano Zanin<\/strong><\/a>,\u00a0<a title=\"https:\/\/www.estadao.com.br\/tudo-sobre\/gilmar-mendes\/\" href=\"https:\/\/www.estadao.com.br\/tudo-sobre\/gilmar-mendes\/\" target=\"_blank\" rel=\"noopener\"><strong>Gilmar Mendes<\/strong><\/a>,\u00a0<a title=\"https:\/\/www.estadao.com.br\/tudo-sobre\/kassio-marques\/\" href=\"https:\/\/www.estadao.com.br\/tudo-sobre\/kassio-marques\/\" target=\"_blank\" rel=\"noopener\"><strong>Kassio Nunes Marques<\/strong><\/a>\u00a0e\u00a0<a title=\"https:\/\/www.estadao.com.br\/tudo-sobre\/flavio-dino\" href=\"https:\/\/www.estadao.com.br\/tudo-sobre\/flavio-dino\" target=\"_blank\" rel=\"noopener\"><strong>Fl\u00e1vio Dino<\/strong><\/a>.<\/p>\n<p class=\"styles__ParagraphStyled-sc-6adecn-0 gsLklW \" style=\"text-align: justify;\" data-component-name=\"paragraph\">Desse montante, 1.289 casos tiveram in\u00edcio ap\u00f3s esses magistrados se tornarem membros da Suprema Corte, o equivalente a sete em cada dez a\u00e7\u00f5es.<\/p>\n<p class=\"styles__ParagraphStyled-sc-6adecn-0 gsLklW \" style=\"text-align: justify;\" data-component-name=\"paragraph\">Outros 571 processos com envolvimento dos advogados parentes dos magistrados tiveram in\u00edcio antes das suas posses.<\/p>\n<p style=\"text-align: justify;\"><span style=\"font-size: 18pt;\"><strong>Bla, Bla, Bla\u00a0<\/strong><\/span><\/p>\n<p class=\"styles__ParagraphStyled-sc-6adecn-0 gsLklW \" style=\"text-align: justify;\" data-component-name=\"paragraph\">Em nota, o STF afirmou que os ministros cumprem rigorosamente as normas, \u201cabstendo-se de atuar em qualquer causa em que haja impedimento legal\u201d.<\/p>\n<blockquote>\n<p class=\"styles__ParagraphStyled-sc-6adecn-0 gsLklW \" data-component-name=\"paragraph\"><em>\u201cO STF esclarece que a atua\u00e7\u00e3o de profissionais da advocacia que possuem parentesco com magistrados \u00e9 regulada pelo C\u00f3digo de Processo Civil e pela Lei Org\u00e2nica da Magistratura Nacional que estabelecem hip\u00f3teses claras de impedimento e suspei\u00e7\u00e3o\u201d, afirmou.\u00a0<\/em><\/p>\n<\/blockquote>\n<p style=\"text-align: justify;\" data-component-name=\"paragraph\"><span style=\"font-size: 18pt;\"><strong>Cr\u00edticas ao bla, bla,bla<\/strong><\/span><\/p>\n<p class=\"styles__ParagraphStyled-sc-6adecn-0 gsLklW \" style=\"text-align: justify;\" data-component-name=\"paragraph\">\u201cDo ponto de vista do cliente, a aposta \u00e9 que ter um parente de ministro do STF como advogado leve os membros do STJ ou do pr\u00f3prio STF a analisarem o caso com mais cuidado, dadas as rela\u00e7\u00f5es institucionais\u201d, disse\u00a0<strong>Bruno Carraza<\/strong>, autor do livro\u00a0<em>O Pa\u00eds dos Privil\u00e9gios<\/em>.<\/p>\n<p class=\"styles__ParagraphStyled-sc-6adecn-0 gsLklW \" style=\"text-align: justify;\" data-component-name=\"paragraph\">O desembargador aposentado\u00a0<strong>Walter Maierovitch<\/strong> argumenta que, \u201cno campo dos ind\u00edcios\u201d, h\u00e1 elementos significativos de que o aumento est\u00e1 relacionado \u201cao v\u00ednculo de parentesco e \u00e0 cren\u00e7a malandra de se poder obter, em raz\u00e3o disto, alguma vantagem no julgamento da causa\u201d.<\/p>\n<div class=\"styles__IntertitleWrapper-sc-vje7ac-0 gfzEcU intertitle-wrapper \" style=\"text-align: justify;\">\n<h3 id=\"mulher-de-moraes-ex-mulher-de-toffoli-e-filho-de-fux-aumentaram-atuacao-em-cortes-superiores\"><span style=\"font-size: 18pt;\">Mulher de Moraes, ex-mulher de Toffoli e filho de Fux aumentaram atua\u00e7\u00e3o em Cortes superiores<\/span><\/h3>\n<\/div>\n<p class=\"styles__ParagraphStyled-sc-6adecn-0 gsLklW \" style=\"text-align: justify;\" data-component-name=\"paragraph\">O\u00a0<strong>Estad\u00e3o\u00a0<\/strong>j\u00e1 mostrou que a atua\u00e7\u00e3o da mulher do ministro Alexandre de Moraes, a advogada Viviani Barci, aumentou\u00a0<a title=\"https:\/\/www.estadao.com.br\/politica\/acoes-de-mulher-de-moraes-no-stf-e-stj-vao-de-27-para-152-apos-marido-tomar-posse\/\" href=\"https:\/\/www.estadao.com.br\/politica\/acoes-de-mulher-de-moraes-no-stf-e-stj-vao-de-27-para-152-apos-marido-tomar-posse\/\" target=\"_blank\" rel=\"noopener\"><strong>de 27 processos no STF e no STJ para 152<\/strong><\/a>\u00a0nos mesmos tribunais ap\u00f3s a posse do marido, um salto de 463%. Em muitos desses processos, Viviane contou com o apoio dos filhos do casal, que tamb\u00e9m s\u00e3o advogados.<\/p>\n<p style=\"text-align: justify;\" data-component-name=\"paragraph\">A atua\u00e7\u00e3o do escrit\u00f3rio passou a ser alvo de questionamentos ap\u00f3s a revela\u00e7\u00e3o de um\u00a0<a title=\"https:\/\/www.estadao.com.br\/politica\/contrato-da-mulher-de-moraes-com-master-previa-atuacao-no-bc-na-receita-e-no-congresso-diz-jornal-npr\/\" href=\"https:\/\/www.estadao.com.br\/politica\/contrato-da-mulher-de-moraes-com-master-previa-atuacao-no-bc-na-receita-e-no-congresso-diz-jornal-npr\/\" target=\"_blank\" rel=\"noopener noreferrer\"><strong>contrato de R$ 129 milh\u00f5es firmado com o Banco Master<\/strong><\/a>, institui\u00e7\u00e3o que acabou liquidada em meio a suspeitas de fraudes financeiras estimadas em cerca de R$ 12,2 bilh\u00f5es.<\/p>\n<p style=\"text-align: justify;\" data-component-name=\"paragraph\">O mesmo ocorreu com a ex-mulher do ministro\u00a0<a title=\"https:\/\/www.estadao.com.br\/tudo-sobre\/dias-toffoli\/\" href=\"https:\/\/www.estadao.com.br\/tudo-sobre\/dias-toffoli\/\" target=\"_blank\" rel=\"noopener noreferrer\"><strong>Dias Toffoli<\/strong><\/a>. Roberta Maria Rangel viu seus processos saltarem de 53 para 127,\u00a0<a title=\"https:\/\/www.estadao.com.br\/politica\/ex-de-toffoli-atua-para-jf-e-csn-e-ve-processos-no-stf-e-stj-subirem-140-apos-posse\" href=\"https:\/\/www.estadao.com.br\/politica\/ex-de-toffoli-atua-para-jf-e-csn-e-ve-processos-no-stf-e-stj-subirem-140-apos-posse\" target=\"_blank\" rel=\"noopener\"><strong>um aumento de cerca de 140%<\/strong><\/a>.<\/p>\n<div class=\"styles__IntertitleWrapper-sc-vje7ac-0 gfzEcU intertitle-wrapper \" style=\"text-align: justify;\">\n<h3 id=\"fachin-atuacao-da-filha-em-defesa-de-itaipu-e-paraguai\"><span style=\"font-size: 18pt;\">Fachin: atua\u00e7\u00e3o da filha em defesa de Itaipu e Paraguai<\/span><\/h3>\n<\/div>\n<p style=\"text-align: justify;\">Filha do atual presidente do Supremo, Edson Fachin, Melina Girardi Fachin concentrou a maior parte de sua atua\u00e7\u00e3o no STF e no STJ ap\u00f3s a chegada do pai \u00e0 Corte. Do total de processos em que a advogada atuou nessas inst\u00e2ncias, 69,5% foram protocolados depois da posse de Fachin, em 2015. No STF, tr\u00eas dos sete processos tiveram in\u00edcio ap\u00f3s a nomea\u00e7\u00e3o do ministro. J\u00e1 no STJ, esse n\u00famero sobe para 63 dos 88 casos no mesmo per\u00edodo.<\/p>\n<div class=\"styles__IntertitleWrapper-sc-vje7ac-0 gfzEcU intertitle-wrapper \" style=\"text-align: justify;\">\n<h3 id=\"gilmar-guiomar-feitosa-e-as-causas-envolvendo-vale-e-braskem\"><span style=\"font-size: 18pt;\">Gilmar: Guiomar Feitosa e as causas envolvendo Vale e Braskem<\/span><\/h3>\n<\/div>\n<p class=\"styles__ParagraphStyled-sc-6adecn-0 gsLklW \" style=\"text-align: justify;\" data-component-name=\"paragraph\">O ministro Gilmar Mendes teve o filho Francisco Mendes e a ex-mulher Guiomar Feitosa com causas nos tribunais superiores ap\u00f3s a sua posse. Tanto no Supremo quanto no STJ, todos os processos assumidos por eles tiveram in\u00edcio depois de ele tomar posse na Corte, em 2002. Mas h\u00e1 particularidades na atua\u00e7\u00e3o dos dois.<\/p>\n<p style=\"text-align: justify;\" data-component-name=\"paragraph\">A advogada se casou com o ministro em 2007 e s\u00f3 passou a atuar profissionalmente como advogada a partir da d\u00e9cada de 2010, quando deixou o servi\u00e7o p\u00fablico e os cargos comissionados que exerceu para atuar no escrit\u00f3rio Bermudes Advogados. Essa \u00e9 a raz\u00e3o que faz com que todos os seus processos tenham sido iniciados ap\u00f3s a posse do marido. J\u00e1 Francisco advogou em apenas um caso no STF, em 2016.<\/p>\n<div class=\"styles__IntertitleWrapper-sc-vje7ac-0 gfzEcU intertitle-wrapper \" style=\"text-align: justify;\">\n<h3 id=\"nunes-marques-defesa-da-jbs-e-da-equatorial-pela-irma-karine-marques\"><span style=\"font-size: 18pt;\">Nunes Marques: defesa da JBS e da Equatorial pela irm\u00e3 Karine Marques<\/span><\/h3>\n<\/div>\n<p class=\"styles__ParagraphStyled-sc-6adecn-0 gsLklW \" style=\"text-align: justify;\" data-component-name=\"paragraph\">Nunes Marques, por sua vez, tem a irm\u00e3 Karine com atua\u00e7\u00e3o em tribunais superiores. Karine atua em diversos casos pela\u00a0<a title=\"https:\/\/www.estadao.com.br\/tudo-sobre\/equatorial-energia\/\" href=\"https:\/\/www.estadao.com.br\/tudo-sobre\/equatorial-energia\/\" target=\"_blank\" rel=\"noopener\"><strong>Equatorial Energia Piau\u00ed<\/strong><\/a>, concession\u00e1ria respons\u00e1vel pela distribui\u00e7\u00e3o de energia el\u00e9trica no Estado, e tamb\u00e9m integrou a defesa da\u00a0<a title=\"https:\/\/www.estadao.com.br\/tudo-sobre\/jbs\/\" href=\"https:\/\/www.estadao.com.br\/tudo-sobre\/jbs\/\" target=\"_blank\" rel=\"noopener\"><strong>JBS<\/strong><\/a>, dos irm\u00e3os\u00a0<a title=\"https:\/\/www.estadao.com.br\/tudo-sobre\/joesley-batista\/\" href=\"https:\/\/www.estadao.com.br\/tudo-sobre\/joesley-batista\/\" target=\"_blank\" rel=\"noopener\"><strong>Joesley Batista\u00a0<\/strong><\/a>e\u00a0<a title=\"https:\/\/www.estadao.com.br\/tudo-sobre\/wesley-batista\" href=\"https:\/\/www.estadao.com.br\/tudo-sobre\/wesley-batista\" target=\"_blank\" rel=\"noopener\"><strong>Wesley Batista<\/strong><\/a>, em um recurso apresentado em 2023 pela Distribuidora de Carnes Equatorial em uma disputa de R$ 50,4 milh\u00f5es.<\/p>\n<div class=\"styles__IntertitleWrapper-sc-vje7ac-0 gfzEcU intertitle-wrapper \" style=\"text-align: justify;\">\n<h3 id=\"zanin-e-dino-valeska-martins-salvio-dino-e-o-historico-no-stj\"><span style=\"font-size: 18pt;\">Zanin e Dino: Valeska Martins, S\u00e1lvio Dino e o hist\u00f3rico no STJ<\/span><\/h3>\n<\/div>\n<p class=\"styles__ParagraphStyled-sc-6adecn-0 gsLklW \" style=\"text-align: justify;\" data-component-name=\"paragraph\">O ministro Cristiano Zanin \u00e9 marido da advogada Valeska Martins, que n\u00e3o atuou perante o STF, mas tem 92 processos no STJ. Por\u00e9m, a maioria dos casos foi protocolada antes da chegada do marido ao Supremo, em agosto de 2023. Dezoito foram iniciados depois de Zanin compor o colegiado.<\/p>\n<p style=\"text-align: justify;\" data-component-name=\"paragraph\">Situa\u00e7\u00e3o semelhante aparece no caso do ministro Fl\u00e1vio Dino. O irm\u00e3o dele, o advogado S\u00e1lvio Dino de Castro e Costa J\u00fanior, soma 287 processos no STJ, em sua maioria anteriores \u00e0 posse do ministro no STF, com 67 a\u00e7\u00f5es protocoladas posteriormente. No Supremo, foram identificados 35 processos, tamb\u00e9m predominantemente anteriores \u00e0 posse, sendo dois iniciados ap\u00f3s a chegada de Dino \u00e0 Corte.<\/p>\n<p style=\"text-align: justify;\" data-component-name=\"paragraph\">fonte: jornal o Estado de S. Paulo<\/p>\n<p style=\"text-align: justify;\"><i><b>Continue em nossa companhia em:<\/b><\/i> <a href=\"http:\/\/www.mspontocom.com.br\/\"><span style=\"color: #0000ff;\"><span style=\"font-family: Comic Sans MS, cursive;\"><span style=\"font-size: small;\"><u>www.mspontocom.com.br<\/u><\/span><\/span><\/span><\/a><\/p>\n","protected":false},"excerpt":{"rendered":"<p>Parentes de primeiro grau de oito dos dez atuais ministros do STF tiveram um salto na atua\u00e7\u00e3o em tribunais superiores ap\u00f3s a ascens\u00e3o de seus familiares \u00e0 c\u00fapula do Judici\u00e1rio. Levantamento realizado pelo Estad\u00e3o\u00a0mostra que 70% dos processos com a participa\u00e7\u00e3o desses advogados foram protocolados depois de os ministros serem empossados no STF. A reportagem [&hellip;]<\/p>\n","protected":false},"author":2,"featured_media":206786,"comment_status":"open","ping_status":"open","sticky":false,"template":"","format":"standard","meta":{"_monsterinsights_skip_tracking":false,"_monsterinsights_sitenote_active":false,"_monsterinsights_sitenote_note":"","_monsterinsights_sitenote_category":0},"categories":[6,30260,2528,30259,12],"tags":[44185,587,27802,3014,3659],"aioseo_notices":[],"_links":{"self":[{"href":"https:\/\/mspontocom.com.br\/site\/wp-json\/wp\/v2\/posts\/206778"}],"collection":[{"href":"https:\/\/mspontocom.com.br\/site\/wp-json\/wp\/v2\/posts"}],"about":[{"href":"https:\/\/mspontocom.com.br\/site\/wp-json\/wp\/v2\/types\/post"}],"author":[{"embeddable":true,"href":"https:\/\/mspontocom.com.br\/site\/wp-json\/wp\/v2\/users\/2"}],"replies":[{"embeddable":true,"href":"https:\/\/mspontocom.com.br\/site\/wp-json\/wp\/v2\/comments?post=206778"}],"version-history":[{"count":2,"href":"https:\/\/mspontocom.com.br\/site\/wp-json\/wp\/v2\/posts\/206778\/revisions"}],"predecessor-version":[{"id":206787,"href":"https:\/\/mspontocom.com.br\/site\/wp-json\/wp\/v2\/posts\/206778\/revisions\/206787"}],"wp:featuredmedia":[{"embeddable":true,"href":"https:\/\/mspontocom.com.br\/site\/wp-json\/wp\/v2\/media\/206786"}],"wp:attachment":[{"href":"https:\/\/mspontocom.com.br\/site\/wp-json\/wp\/v2\/media?parent=206778"}],"wp:term":[{"taxonomy":"category","embeddable":true,"href":"https:\/\/mspontocom.com.br\/site\/wp-json\/wp\/v2\/categories?post=206778"},{"taxonomy":"post_tag","embeddable":true,"href":"https:\/\/mspontocom.com.br\/site\/wp-json\/wp\/v2\/tags?post=206778"}],"curies":[{"name":"wp","href":"https:\/\/api.w.org\/{rel}","templated":true}]}}