{"id":206796,"date":"2026-02-04T04:00:27","date_gmt":"2026-02-04T08:00:27","guid":{"rendered":"https:\/\/mspontocom.com.br\/site\/?p=206796"},"modified":"2026-02-04T07:40:18","modified_gmt":"2026-02-04T11:40:18","slug":"bazar-solidario-acontece-dias-5-e-6-de-fevereiro-em-campo-grande","status":"publish","type":"post","link":"https:\/\/mspontocom.com.br\/site\/bazar-solidario-acontece-dias-5-e-6-de-fevereiro-em-campo-grande\/","title":{"rendered":"Bazar solid\u00e1rio acontece dias 5 e 6 de fevereiro em Campo Grande"},"content":{"rendered":"<p dir=\"ltr\" style=\"text-align: justify;\"><img loading=\"lazy\" class=\"alignnone size-full wp-image-206797\" src=\"http:\/\/mspontocom.com.br\/site\/wp-content\/uploads\/2026\/02\/site-bazar-solidario-acontece-dias-5-e-6-de-fevereiro-em-campo-grande-bazar.jpg\" alt=\"\" width=\"725\" height=\"576\" srcset=\"https:\/\/mspontocom.com.br\/site\/wp-content\/uploads\/2026\/02\/site-bazar-solidario-acontece-dias-5-e-6-de-fevereiro-em-campo-grande-bazar.jpg 725w, https:\/\/mspontocom.com.br\/site\/wp-content\/uploads\/2026\/02\/site-bazar-solidario-acontece-dias-5-e-6-de-fevereiro-em-campo-grande-bazar-260x207.jpg 260w\" sizes=\"(max-width: 725px) 100vw, 725px\" \/><\/p>\n<p dir=\"ltr\" style=\"text-align: justify;\">O Fort Atacadista ser\u00e1 o ponto de encontro para um evento beneficente em prol do<a href=\"https:\/\/irmaspalotinas.com.br\/ceprospal\/\" target=\"_blank\" rel=\"noopener\" data-saferedirecturl=\"https:\/\/www.google.com\/url?q=https:\/\/irmaspalotinas.com.br\/ceprospal\/&amp;source=gmail&amp;ust=1770290851828000&amp;usg=AOvVaw0mXY0VXMRbiD-O4d7Pc-vo\">\u00a0Centro de Promo\u00e7\u00e3o Social Palotinas (Cprospal<\/a>), que atua em causas sociais voltadas para o bem-estar de crian\u00e7as e adolescentes em situa\u00e7\u00f5es vulner\u00e1veis, entre 6 e 15 anos de idade.<\/p>\n<p dir=\"ltr\" style=\"text-align: justify;\">Os produtos dispon\u00edveis s\u00e3o oriundos de doa\u00e7\u00f5es feitas pela Receita Federal e incluem itens como perfumes, brinquedos, eletr\u00f4nicos, rel\u00f3gios, perfumes importados \u00c1rabe, vestu\u00e1rio, c\u00e2meras de seguran\u00e7a, entre outros itens.<\/p>\n<p dir=\"ltr\" style=\"text-align: justify;\">As compras no bazar poder\u00e3o ser pagas n\u00e3o s\u00f3 em dinheiro, mas tamb\u00e9m em cart\u00e3o de d\u00e9bito e cr\u00e9dito.<\/p>\n<p dir=\"ltr\" style=\"text-align: justify;\">A arrecada\u00e7\u00e3o ser\u00e1 revertida para as obras assistenciais da Cprospal.<\/p>\n<p dir=\"ltr\" style=\"text-align: justify;\">A entidade atende atualmente 65 crian\u00e7as e adolescentes com atividades S\u00f3cio educativas e culturais, de forma continuada, permanente e planejada.<\/p>\n<h2 dir=\"ltr\" style=\"text-align: justify;\">*Servi\u00e7o*<\/h2>\n<p dir=\"ltr\" style=\"text-align: justify;\">Bazar solid\u00e1rio com itens doados pela Receita Federal<\/p>\n<p dir=\"ltr\" style=\"text-align: justify;\">Data: 5 e 6 de fevereiro (quinta e sexta-feira)<\/p>\n<p dir=\"ltr\" style=\"text-align: justify;\">Hor\u00e1rios: das 7 \u00e0s 16 horas<\/p>\n<p dir=\"ltr\" style=\"text-align: justify;\">Entidade respons\u00e1vel:\u00a0<a href=\"https:\/\/irmaspalotinas.com.br\/ceprospal\/\" target=\"_blank\" rel=\"noopener\" data-saferedirecturl=\"https:\/\/www.google.com\/url?q=https:\/\/irmaspalotinas.com.br\/ceprospal\/&amp;source=gmail&amp;ust=1770290851828000&amp;usg=AOvVaw0mXY0VXMRbiD-O4d7Pc-vo\">Centro de Promo\u00e7\u00e3o Social Palotinas (Cprospal<\/a>)<\/p>\n<p dir=\"ltr\" style=\"text-align: justify;\">Local: Estacionamento do Fort Atacadista da unidade Cafezais<\/p>\n<p dir=\"ltr\" style=\"text-align: justify;\">Endere\u00e7o: Avenida Gury Marques, 7418 | Esquina Av. Cafezais | Vila Olinda<\/p>\n","protected":false},"excerpt":{"rendered":"<p>O Fort Atacadista ser\u00e1 o ponto de encontro para um evento beneficente em prol do\u00a0Centro de Promo\u00e7\u00e3o Social Palotinas (Cprospal), que atua em causas sociais voltadas para o bem-estar de crian\u00e7as e adolescentes em situa\u00e7\u00f5es vulner\u00e1veis, entre 6 e 15 anos de idade. Os produtos dispon\u00edveis s\u00e3o oriundos de doa\u00e7\u00f5es feitas pela Receita Federal e [&hellip;]<\/p>\n","protected":false},"author":2,"featured_media":206797,"comment_status":"open","ping_status":"open","sticky":false,"template":"","format":"standard","meta":{"_monsterinsights_skip_tracking":false,"_monsterinsights_sitenote_active":false,"_monsterinsights_sitenote_note":"","_monsterinsights_sitenote_category":0},"categories":[4328],"tags":[23414,123,24806],"aioseo_notices":[],"_links":{"self":[{"href":"https:\/\/mspontocom.com.br\/site\/wp-json\/wp\/v2\/posts\/206796"}],"collection":[{"href":"https:\/\/mspontocom.com.br\/site\/wp-json\/wp\/v2\/posts"}],"about":[{"href":"https:\/\/mspontocom.com.br\/site\/wp-json\/wp\/v2\/types\/post"}],"author":[{"embeddable":true,"href":"https:\/\/mspontocom.com.br\/site\/wp-json\/wp\/v2\/users\/2"}],"replies":[{"embeddable":true,"href":"https:\/\/mspontocom.com.br\/site\/wp-json\/wp\/v2\/comments?post=206796"}],"version-history":[{"count":1,"href":"https:\/\/mspontocom.com.br\/site\/wp-json\/wp\/v2\/posts\/206796\/revisions"}],"predecessor-version":[{"id":206798,"href":"https:\/\/mspontocom.com.br\/site\/wp-json\/wp\/v2\/posts\/206796\/revisions\/206798"}],"wp:featuredmedia":[{"embeddable":true,"href":"https:\/\/mspontocom.com.br\/site\/wp-json\/wp\/v2\/media\/206797"}],"wp:attachment":[{"href":"https:\/\/mspontocom.com.br\/site\/wp-json\/wp\/v2\/media?parent=206796"}],"wp:term":[{"taxonomy":"category","embeddable":true,"href":"https:\/\/mspontocom.com.br\/site\/wp-json\/wp\/v2\/categories?post=206796"},{"taxonomy":"post_tag","embeddable":true,"href":"https:\/\/mspontocom.com.br\/site\/wp-json\/wp\/v2\/tags?post=206796"}],"curies":[{"name":"wp","href":"https:\/\/api.w.org\/{rel}","templated":true}]}}