{"id":206815,"date":"2026-02-05T06:42:03","date_gmt":"2026-02-05T10:42:03","guid":{"rendered":"https:\/\/mspontocom.com.br\/site\/?p=206815"},"modified":"2026-02-05T06:42:03","modified_gmt":"2026-02-05T10:42:03","slug":"ditadura-pf-persegue-bolsonaro-por-opinar-contra-lula","status":"publish","type":"post","link":"https:\/\/mspontocom.com.br\/site\/ditadura-pf-persegue-bolsonaro-por-opinar-contra-lula\/","title":{"rendered":"Ditadura: PF persegue Bolsonaro por opinar contra Lula"},"content":{"rendered":"<p style=\"text-align: justify;\"><img loading=\"lazy\" class=\"alignnone size-full wp-image-206827\" src=\"http:\/\/mspontocom.com.br\/site\/wp-content\/uploads\/2026\/02\/site-pf-age-contra-bolsonaro-por-opiniao-contra-lula-bolsolula1.jpg\" alt=\"\" width=\"710\" height=\"467\" srcset=\"https:\/\/mspontocom.com.br\/site\/wp-content\/uploads\/2026\/02\/site-pf-age-contra-bolsonaro-por-opiniao-contra-lula-bolsolula1.jpg 710w, https:\/\/mspontocom.com.br\/site\/wp-content\/uploads\/2026\/02\/site-pf-age-contra-bolsonaro-por-opiniao-contra-lula-bolsolula1-260x171.jpg 260w\" sizes=\"(max-width: 710px) 100vw, 710px\" \/><\/p>\n<p style=\"text-align: justify;\">O ex-presidente Jair Bolsonaro (PL) dep\u00f4s ontem para a Pol\u00edcia Federal em uma investiga\u00e7\u00e3o sobre postagens e falas que associaram o presidente Lula ao tr\u00e1fico de drogas e fizeram refer\u00eancias pejorativas ao petista.<\/p>\n<p style=\"text-align: justify;\">A informa\u00e7\u00e3o foi revelada pelo g1 e confirmada pelo UOL.<\/p>\n<p style=\"text-align: justify;\"><strong>O que aconteceu<\/strong><\/p>\n<p style=\"text-align: justify;\">\nO ex-presidente dep\u00f4s na Papudinha, onde cumpre pena de 27 anos de pris\u00e3o. Ele foi ouvido como investigado no inqu\u00e9rito aberto a pedido do Minist\u00e9rio da Justi\u00e7a para apurar se as falas de Bolsonaro configuram crimes contra a honra de Lula.<\/p>\n<p style=\"text-align: justify;\">A investiga\u00e7\u00e3o come\u00e7ou a partir de publica\u00e7\u00f5es do ex-presidente.<\/p>\n<p style=\"text-align: justify;\">Um dos epis\u00f3dios em apura\u00e7\u00e3o \u00e9 a suspeita de que Bolsonaro teria cometido cal\u00fania ao associar Lula ao tr\u00e1fico de drogas no morro do Alem\u00e3o, no Rio, em um v\u00eddeo veiculado no YouTube em mar\u00e7o do ano passado.<\/p>\n<p style=\"text-align: justify;\">Postagens no X tamb\u00e9m est\u00e3o no radar da PF.<\/p>\n<p style=\"text-align: justify;\">O ex-presidente usou termos considerados ofensivos em publica\u00e7\u00f5es em seu perfil oficial.<\/p>\n<p style=\"text-align: justify;\">Em uma delas, chama Lula de &#8220;cacha\u00e7a&#8221;.<\/p>\n<p style=\"text-align: justify;\">Advogados do ex-presidente negam crime.<\/p>\n<p style=\"text-align: justify;\">A defesa de Bolsonaro tem alegado que os coment\u00e1rios se deram no contexto de cr\u00edtica pol\u00edtica e negam que ele tenha cometido qualquer crime.<\/p>\n<p style=\"text-align: justify;\"><i><b>Continue em nossa companhia em:<\/b><\/i> <a href=\"http:\/\/www.mspontocom.com.br\/\"><span style=\"color: #0000ff;\"><span style=\"font-family: Comic Sans MS, cursive;\"><span style=\"font-size: small;\"><u>www.mspontocom.com.br<\/u><\/span><\/span><\/span><\/a><\/p>\n","protected":false},"excerpt":{"rendered":"<p>O ex-presidente Jair Bolsonaro (PL) dep\u00f4s ontem para a Pol\u00edcia Federal em uma investiga\u00e7\u00e3o sobre postagens e falas que associaram o presidente Lula ao tr\u00e1fico de drogas e fizeram refer\u00eancias pejorativas ao petista. A informa\u00e7\u00e3o foi revelada pelo g1 e confirmada pelo UOL. O que aconteceu O ex-presidente dep\u00f4s na Papudinha, onde cumpre pena de [&hellip;]<\/p>\n","protected":false},"author":2,"featured_media":206827,"comment_status":"open","ping_status":"open","sticky":false,"template":"","format":"standard","meta":{"_monsterinsights_skip_tracking":false,"_monsterinsights_sitenote_active":false,"_monsterinsights_sitenote_note":"","_monsterinsights_sitenote_category":0},"categories":[6,30260,2528,30259,12],"tags":[21017,6860,480,44194,4100],"aioseo_notices":[],"_links":{"self":[{"href":"https:\/\/mspontocom.com.br\/site\/wp-json\/wp\/v2\/posts\/206815"}],"collection":[{"href":"https:\/\/mspontocom.com.br\/site\/wp-json\/wp\/v2\/posts"}],"about":[{"href":"https:\/\/mspontocom.com.br\/site\/wp-json\/wp\/v2\/types\/post"}],"author":[{"embeddable":true,"href":"https:\/\/mspontocom.com.br\/site\/wp-json\/wp\/v2\/users\/2"}],"replies":[{"embeddable":true,"href":"https:\/\/mspontocom.com.br\/site\/wp-json\/wp\/v2\/comments?post=206815"}],"version-history":[{"count":2,"href":"https:\/\/mspontocom.com.br\/site\/wp-json\/wp\/v2\/posts\/206815\/revisions"}],"predecessor-version":[{"id":206828,"href":"https:\/\/mspontocom.com.br\/site\/wp-json\/wp\/v2\/posts\/206815\/revisions\/206828"}],"wp:featuredmedia":[{"embeddable":true,"href":"https:\/\/mspontocom.com.br\/site\/wp-json\/wp\/v2\/media\/206827"}],"wp:attachment":[{"href":"https:\/\/mspontocom.com.br\/site\/wp-json\/wp\/v2\/media?parent=206815"}],"wp:term":[{"taxonomy":"category","embeddable":true,"href":"https:\/\/mspontocom.com.br\/site\/wp-json\/wp\/v2\/categories?post=206815"},{"taxonomy":"post_tag","embeddable":true,"href":"https:\/\/mspontocom.com.br\/site\/wp-json\/wp\/v2\/tags?post=206815"}],"curies":[{"name":"wp","href":"https:\/\/api.w.org\/{rel}","templated":true}]}}