{"id":206817,"date":"2026-02-05T05:46:19","date_gmt":"2026-02-05T09:46:19","guid":{"rendered":"https:\/\/mspontocom.com.br\/site\/?p=206817"},"modified":"2026-02-05T05:46:19","modified_gmt":"2026-02-05T09:46:19","slug":"moro-decisoes-do-stf-enfraquecem-luta-contra-a-corrupcao","status":"publish","type":"post","link":"https:\/\/mspontocom.com.br\/site\/moro-decisoes-do-stf-enfraquecem-luta-contra-a-corrupcao\/","title":{"rendered":"Moro: decis\u00f5es do STF enfraquecem luta contra a corrup\u00e7\u00e3o"},"content":{"rendered":"<p style=\"text-align: justify;\"><img loading=\"lazy\" class=\"alignnone size-full wp-image-206819\" src=\"http:\/\/mspontocom.com.br\/site\/wp-content\/uploads\/2026\/02\/site-moro-diz-que-stf-enfraquece-o-combate-corrupcao-moro-lavajato.jpg\" alt=\"\" width=\"680\" height=\"469\" srcset=\"https:\/\/mspontocom.com.br\/site\/wp-content\/uploads\/2026\/02\/site-moro-diz-que-stf-enfraquece-o-combate-corrupcao-moro-lavajato.jpg 680w, https:\/\/mspontocom.com.br\/site\/wp-content\/uploads\/2026\/02\/site-moro-diz-que-stf-enfraquece-o-combate-corrupcao-moro-lavajato-260x179.jpg 260w\" sizes=\"(max-width: 680px) 100vw, 680px\" \/><\/p>\n<p style=\"text-align: justify;\">O senador Sergio Moro (Uni\u00e3o-PR) declarou, em pronunciamento nesta ter\u00e7a-feira (3), apoio \u00e0 proposta apresentada pelo presidente do STF, ministro Edson Fachin, para a cria\u00e7\u00e3o de um c\u00f3digo de conduta ou c\u00f3digo de \u00e9tica para os ministros da Corte.<\/p>\n<p style=\"text-align: justify;\">Segundo o parlamentar, a iniciativa busca refor\u00e7ar o cumprimento de regras legais e de procedimentos no Judici\u00e1rio.<\/p>\n<p style=\"text-align: justify;\"><strong>Moro tamb\u00e9m citou decis\u00f5es recentes do STF relacionadas ao combate \u00e0 corrup\u00e7\u00e3o. <\/strong><\/p>\n<p style=\"text-align: justify;\"><strong>Ele atribuiu \u00e0 jurisprud\u00eancia da Corte o enfraquecimento de investiga\u00e7\u00f5es e condena\u00e7\u00f5es, incluindo casos ligados \u00e0 Opera\u00e7\u00e3o Lava Jato. <\/strong><\/p>\n<p style=\"text-align: justify;\">O senador mencionou decis\u00f5es monocr\u00e1ticas que resultaram, segundo ele, na anula\u00e7\u00e3o de condena\u00e7\u00f5es e na devolu\u00e7\u00e3o de valores a r\u00e9us confessos.<\/p>\n<blockquote><p><span style=\"font-size: 14pt;\"><em>\u2014 Acho que existe um consenso hoje na sociedade de que h\u00e1 alguma coisa fora do lugar, e essa coisa fora do lugar \u00e9 a falta de mecanismos de controle apropriado sobre a atua\u00e7\u00e3o dos atuais ministros do Supremo Tribunal Federal brasileiro, porque parte deles tem, infelizmente, exorbitado e cometido erros legais que n\u00e3o s\u00e3o, de qualquer maneira, justific\u00e1veis \u2014 disse.<\/em><\/span><\/p><\/blockquote>\n<p style=\"text-align: justify;\"><i><b>Continue em nossa companhia em:<\/b><\/i> <a href=\"http:\/\/www.mspontocom.com.br\/\"><span style=\"color: #0000ff;\"><span style=\"font-family: Comic Sans MS, cursive;\"><span style=\"font-size: small;\"><u>www.mspontocom.com.br<\/u><\/span><\/span><\/span><\/a><\/p>\n<p style=\"text-align: justify;\">Fonte: Ag\u00eancia Senado<\/p>\n","protected":false},"excerpt":{"rendered":"<p>O senador Sergio Moro (Uni\u00e3o-PR) declarou, em pronunciamento nesta ter\u00e7a-feira (3), apoio \u00e0 proposta apresentada pelo presidente do STF, ministro Edson Fachin, para a cria\u00e7\u00e3o de um c\u00f3digo de conduta ou c\u00f3digo de \u00e9tica para os ministros da Corte. Segundo o parlamentar, a iniciativa busca refor\u00e7ar o cumprimento de regras legais e de procedimentos no [&hellip;]<\/p>\n","protected":false},"author":2,"featured_media":206819,"comment_status":"open","ping_status":"open","sticky":false,"template":"","format":"standard","meta":{"_monsterinsights_skip_tracking":false,"_monsterinsights_sitenote_active":false,"_monsterinsights_sitenote_note":"","_monsterinsights_sitenote_category":0},"categories":[2528,12],"tags":[327,30516,44190,29635,23158,3014],"aioseo_notices":[],"_links":{"self":[{"href":"https:\/\/mspontocom.com.br\/site\/wp-json\/wp\/v2\/posts\/206817"}],"collection":[{"href":"https:\/\/mspontocom.com.br\/site\/wp-json\/wp\/v2\/posts"}],"about":[{"href":"https:\/\/mspontocom.com.br\/site\/wp-json\/wp\/v2\/types\/post"}],"author":[{"embeddable":true,"href":"https:\/\/mspontocom.com.br\/site\/wp-json\/wp\/v2\/users\/2"}],"replies":[{"embeddable":true,"href":"https:\/\/mspontocom.com.br\/site\/wp-json\/wp\/v2\/comments?post=206817"}],"version-history":[{"count":1,"href":"https:\/\/mspontocom.com.br\/site\/wp-json\/wp\/v2\/posts\/206817\/revisions"}],"predecessor-version":[{"id":206820,"href":"https:\/\/mspontocom.com.br\/site\/wp-json\/wp\/v2\/posts\/206817\/revisions\/206820"}],"wp:featuredmedia":[{"embeddable":true,"href":"https:\/\/mspontocom.com.br\/site\/wp-json\/wp\/v2\/media\/206819"}],"wp:attachment":[{"href":"https:\/\/mspontocom.com.br\/site\/wp-json\/wp\/v2\/media?parent=206817"}],"wp:term":[{"taxonomy":"category","embeddable":true,"href":"https:\/\/mspontocom.com.br\/site\/wp-json\/wp\/v2\/categories?post=206817"},{"taxonomy":"post_tag","embeddable":true,"href":"https:\/\/mspontocom.com.br\/site\/wp-json\/wp\/v2\/tags?post=206817"}],"curies":[{"name":"wp","href":"https:\/\/api.w.org\/{rel}","templated":true}]}}