{"id":206852,"date":"2026-02-06T05:23:32","date_gmt":"2026-02-06T09:23:32","guid":{"rendered":"https:\/\/mspontocom.com.br\/site\/?p=206852"},"modified":"2026-02-06T05:23:32","modified_gmt":"2026-02-06T09:23:32","slug":"a-europa-flavio-diz-que-judiciario-foi-aparelhado-por-lula","status":"publish","type":"post","link":"https:\/\/mspontocom.com.br\/site\/a-europa-flavio-diz-que-judiciario-foi-aparelhado-por-lula\/","title":{"rendered":"\u00c0 Europa, Fl\u00e1vio diz que Judici\u00e1rio foi aparelhado por Lula"},"content":{"rendered":"<div id=\"tp-post-content\">\n<div id=\"attachment_206863\" style=\"width: 1034px\" class=\"wp-caption alignnone\"><img aria-describedby=\"caption-attachment-206863\" loading=\"lazy\" class=\"size-large wp-image-206863\" src=\"http:\/\/mspontocom.com.br\/site\/wp-content\/uploads\/2026\/02\/site-a-europa-flavio-diz-que-judiciario-foi-aparelhado-por-lula-flavio-bolsonaro--1024x683.jpg\" alt=\"\" width=\"1024\" height=\"683\" srcset=\"https:\/\/mspontocom.com.br\/site\/wp-content\/uploads\/2026\/02\/site-a-europa-flavio-diz-que-judiciario-foi-aparelhado-por-lula-flavio-bolsonaro--1024x683.jpg 1024w, https:\/\/mspontocom.com.br\/site\/wp-content\/uploads\/2026\/02\/site-a-europa-flavio-diz-que-judiciario-foi-aparelhado-por-lula-flavio-bolsonaro--260x173.jpg 260w, https:\/\/mspontocom.com.br\/site\/wp-content\/uploads\/2026\/02\/site-a-europa-flavio-diz-que-judiciario-foi-aparelhado-por-lula-flavio-bolsonaro--768x512.jpg 768w, https:\/\/mspontocom.com.br\/site\/wp-content\/uploads\/2026\/02\/site-a-europa-flavio-diz-que-judiciario-foi-aparelhado-por-lula-flavio-bolsonaro-.jpg 1200w\" sizes=\"(max-width: 1024px) 100vw, 1024px\" \/><p id=\"caption-attachment-206863\" class=\"wp-caption-text\">Bras\u00edlia (DF), 11\/09\/2025 &#8211; O senador Fl\u00e1vio Bolsonaro, fala com jornalistas em frente do condom\u00ednio onde seu pai, ex presidente Jair Bolsonaro cumpri pris\u00e3o domiciliar.<br \/>Foto: Bruno Peres\/Ag\u00eancia Brasil<\/p><\/div>\n<p class=\"postParagraph_post-paragraph__juWZN postParagraph_post-paragraph-innerHtml__Q5vwc\" style=\"text-align: justify;\">O senador e pr\u00e9-candidato \u00e0 Presid\u00eancia da Rep\u00fablica Fl\u00e1vio Bolsonaro (PL-RJ) concedeu entrevista ao <strong>portal\u00a0 europeu Visegr\u00e1d<\/strong>, na qual afirmou que a alta c\u00fapula do Judici\u00e1rio brasileiro foi \u201caparelhado\u201d pelo presidente Lula por meio de indica\u00e7\u00f5es ao STF.<\/p>\n<p class=\"postParagraph_post-paragraph__juWZN postParagraph_post-paragraph-innerHtml__Q5vwc\" style=\"text-align: justify;\">Fl\u00e1vio disse que Lula indicou ao STF nomes que mantinham v\u00ednculo direto com seu governo e com sua defesa pessoal.<\/p>\n<p class=\"postParagraph_post-paragraph__juWZN postParagraph_post-paragraph-innerHtml__Q5vwc\" style=\"text-align: justify;\">Ele citou as nomea\u00e7\u00f5es do ministro Fl\u00e1vio Dino, ex-ministro da Justi\u00e7a, e de Cristiano Zanin, que foi advogado pessoal de Lula em processos judiciais anteriores.<\/p>\n<p class=\"postParagraph_post-paragraph__juWZN postParagraph_post-paragraph-innerHtml__Q5vwc\" style=\"text-align: justify;\">Na entrevista, Fl\u00e1vio Bolsonaro tamb\u00e9m mencionou o ministro Alexandre de Moraes, afirmando que o magistrado seria um \u201cinimigo declarado\u201d do ex-presidente Jair Bolsonaro.<\/p>\n<blockquote>\n<p class=\"postParagraph_post-paragraph__juWZN postParagraph_post-paragraph-innerHtml__Q5vwc\"><em>\u201cInfelizmente, a alta c\u00fapula do Judici\u00e1rio no Brasil est\u00e1 aparelhada pelo Lula. N\u00e3o apenas Fl\u00e1vio Dino, que era seu ministro da Justi\u00e7a h\u00e1 muito pouco tempo, mas tamb\u00e9m foi indicado para o Supremo o seu pr\u00f3prio advogado pessoal. Ele participou do julgamento, ou da farsa, que condenou o presidente Jair Bolsonaro, junto com Fl\u00e1vio Dino e Alexandre de Moraes, que \u00e9 um inimigo declarado do presidente Bolsonaro\u201d, disse o senador. <\/em><\/p>\n<\/blockquote>\n<p class=\"postParagraph_post-paragraph__juWZN postParagraph_post-paragraph-innerHtml__Q5vwc\" style=\"text-align: justify;\">Questionado sobre pol\u00edtica externa, Fl\u00e1vio Bolsonaro afirmou que, em um eventual governo seu, o Brasil retomaria uma rela\u00e7\u00e3o mais pr\u00f3xima com os Estados Unidos e com pa\u00edses que \u201ccompartilham valores democr\u00e1ticos e judaico-crist\u00e3os\u201d.<\/p>\n<p class=\"postParagraph_post-paragraph__juWZN postParagraph_post-paragraph-innerHtml__Q5vwc\" style=\"text-align: justify;\">Fl\u00e1vio Bolsonaro defendeu ainda, na entrevista, a ado\u00e7\u00e3o de uma pol\u00edtica mais dura contra o crime organizado.<\/p>\n<p style=\"text-align: justify;\"><i><b>Continue em nossa companhia em:<\/b><\/i> <a href=\"http:\/\/www.mspontocom.com.br\/\"><span style=\"color: #0000ff;\"><span style=\"font-family: Comic Sans MS, cursive;\"><span style=\"font-size: small;\"><u>www.mspontocom.com.br<\/u><\/span><\/span><\/span><\/a><\/p>\n<\/div>\n<p style=\"text-align: justify;\"><a href=\"https:\/\/www.gazetadopovo.com.br\/mundo\/em-entrevista-a-site-da-europa-flavio-bolsonaro-diz-que-judiciario-do-brasil-foi-aparelhado-por-lula\/\">Via Gazeta do Povo<\/a><\/p>\n","protected":false},"excerpt":{"rendered":"<p>O senador e pr\u00e9-candidato \u00e0 Presid\u00eancia da Rep\u00fablica Fl\u00e1vio Bolsonaro (PL-RJ) concedeu entrevista ao portal\u00a0 europeu Visegr\u00e1d, na qual afirmou que a alta c\u00fapula do Judici\u00e1rio brasileiro foi \u201caparelhado\u201d pelo presidente Lula por meio de indica\u00e7\u00f5es ao STF. Fl\u00e1vio disse que Lula indicou ao STF nomes que mantinham v\u00ednculo direto com seu governo e com [&hellip;]<\/p>\n","protected":false},"author":2,"featured_media":206863,"comment_status":"open","ping_status":"open","sticky":false,"template":"","format":"standard","meta":{"_monsterinsights_skip_tracking":false,"_monsterinsights_sitenote_active":false,"_monsterinsights_sitenote_note":"","_monsterinsights_sitenote_category":0},"categories":[6,30260,2528,7,30259,12],"tags":[44196,32992,3013,480],"aioseo_notices":[],"_links":{"self":[{"href":"https:\/\/mspontocom.com.br\/site\/wp-json\/wp\/v2\/posts\/206852"}],"collection":[{"href":"https:\/\/mspontocom.com.br\/site\/wp-json\/wp\/v2\/posts"}],"about":[{"href":"https:\/\/mspontocom.com.br\/site\/wp-json\/wp\/v2\/types\/post"}],"author":[{"embeddable":true,"href":"https:\/\/mspontocom.com.br\/site\/wp-json\/wp\/v2\/users\/2"}],"replies":[{"embeddable":true,"href":"https:\/\/mspontocom.com.br\/site\/wp-json\/wp\/v2\/comments?post=206852"}],"version-history":[{"count":2,"href":"https:\/\/mspontocom.com.br\/site\/wp-json\/wp\/v2\/posts\/206852\/revisions"}],"predecessor-version":[{"id":206864,"href":"https:\/\/mspontocom.com.br\/site\/wp-json\/wp\/v2\/posts\/206852\/revisions\/206864"}],"wp:featuredmedia":[{"embeddable":true,"href":"https:\/\/mspontocom.com.br\/site\/wp-json\/wp\/v2\/media\/206863"}],"wp:attachment":[{"href":"https:\/\/mspontocom.com.br\/site\/wp-json\/wp\/v2\/media?parent=206852"}],"wp:term":[{"taxonomy":"category","embeddable":true,"href":"https:\/\/mspontocom.com.br\/site\/wp-json\/wp\/v2\/categories?post=206852"},{"taxonomy":"post_tag","embeddable":true,"href":"https:\/\/mspontocom.com.br\/site\/wp-json\/wp\/v2\/tags?post=206852"}],"curies":[{"name":"wp","href":"https:\/\/api.w.org\/{rel}","templated":true}]}}