{"id":206854,"date":"2026-02-06T06:12:41","date_gmt":"2026-02-06T10:12:41","guid":{"rendered":"https:\/\/mspontocom.com.br\/site\/?p=206854"},"modified":"2026-02-06T06:12:41","modified_gmt":"2026-02-06T10:12:41","slug":"stf-aumenta-pena-para-quem-criticar-o-stf","status":"publish","type":"post","link":"https:\/\/mspontocom.com.br\/site\/stf-aumenta-pena-para-quem-criticar-o-stf\/","title":{"rendered":"STF aumenta pena para quem criticar o&#8230;STF"},"content":{"rendered":"<div id=\"tp-post-content\">\n<p class=\"postParagraph_post-paragraph__juWZN postParagraph_post-paragraph-innerHtml__Q5vwc\" style=\"text-align: justify;\"><img loading=\"lazy\" class=\"alignnone size-full wp-image-206872\" src=\"http:\/\/mspontocom.com.br\/site\/wp-content\/uploads\/2026\/02\/site-stf-aumenta-pena-para-quem-criticar-o-stf-stf-censura.jpg\" alt=\"\" width=\"686\" height=\"386\" srcset=\"https:\/\/mspontocom.com.br\/site\/wp-content\/uploads\/2026\/02\/site-stf-aumenta-pena-para-quem-criticar-o-stf-stf-censura.jpg 686w, https:\/\/mspontocom.com.br\/site\/wp-content\/uploads\/2026\/02\/site-stf-aumenta-pena-para-quem-criticar-o-stf-stf-censura-260x146.jpg 260w\" sizes=\"(max-width: 686px) 100vw, 686px\" \/><\/p>\n<p class=\"postParagraph_post-paragraph__juWZN postParagraph_post-paragraph-innerHtml__Q5vwc\" style=\"text-align: justify;\">O STF formou maioria nesta quinta-feira (5) para validar o aumento de pena por crimes contra a honra de servidores p\u00fablicos e dos presidentes do Senado, da C\u00e2mara dos Deputados e da pr\u00f3pria Corte em raz\u00e3o de suas fun\u00e7\u00f5es.<\/p>\n<p class=\"postParagraph_post-paragraph__juWZN postParagraph_post-paragraph-innerHtml__Q5vwc\" style=\"text-align: justify;\">O julgamento teve in\u00edcio em maio de 2025, sob a relatoria do ministro aposentado Lu\u00eds Roberto Barroso.<\/p>\n<p class=\"postParagraph_post-paragraph__juWZN postParagraph_post-paragraph-innerHtml__Q5vwc\" style=\"text-align: justify;\">Na ocasi\u00e3o, os ministros Alexandre de Moraes e Andr\u00e9 Mendon\u00e7a protagonizaram um bate-boca sobre os limites da liberdade de express\u00e3o em rela\u00e7\u00e3o a cr\u00edticas e ofensas contra autoridades na sess\u00e3o.<\/p>\n<p class=\"postParagraph_post-paragraph__juWZN postParagraph_post-paragraph-innerHtml__Q5vwc\" style=\"text-align: justify;\">O Partido Progressista (PP) pediu o fim da agravante, alegando\u00a0<strong>cerceamento da liberdade de express\u00e3o<\/strong>, pois a medida pode inibir cr\u00edticas de cidad\u00e3os a agentes p\u00fablicos.<\/p>\n<p class=\"postParagraph_post-paragraph__juWZN postParagraph_post-paragraph-innerHtml__Q5vwc\" style=\"text-align: justify;\">O voto divergente do ministro Fl\u00e1vio Dino prevaleceu.<\/p>\n<p class=\"postParagraph_post-paragraph__juWZN postParagraph_post-paragraph-innerHtml__Q5vwc\" style=\"text-align: justify;\">Segundo o ministro, a agravante\u00a0<strong>n\u00e3o viola a liberdade de express\u00e3o<\/strong>\u00a0e garante maior prote\u00e7\u00e3o ao servidor p\u00fablico.<\/p>\n<p class=\"postParagraph_post-paragraph__juWZN postParagraph_post-paragraph-innerHtml__Q5vwc\" style=\"text-align: justify;\">O entendimento foi seguido pelos ministros Cristiano Zanin, Alexandre de Moraes, Nunes Marques, Dias Toffoli e Gilmar Mendes.<\/p>\n<p class=\"postParagraph_post-paragraph__juWZN postParagraph_post-paragraph-innerHtml__Q5vwc\" style=\"text-align: justify;\">J\u00e1 o presidente do STF, Edson Fachin, defendeu que a a\u00e7\u00e3o do PP deveria ser integralmente aceita.<\/p>\n<p style=\"text-align: justify;\"><i><b>Continue em nossa companhia em:<\/b><\/i> <a href=\"http:\/\/www.mspontocom.com.br\/\"><span style=\"color: #0000ff;\"><span style=\"font-family: Comic Sans MS, cursive;\"><span style=\"font-size: small;\"><u>www.mspontocom.com.br<\/u><\/span><\/span><\/span><\/a><\/p>\n<\/div>\n<p style=\"text-align: justify;\"><a href=\"https:\/\/www.gazetadopovo.com.br\/vida-e-cidadania\/stf-valida-punicao-mais-severa-crimes-contra-honra-chefes-dos-poderes-e-servidores\/\">Via Gazeta do Povo<\/a><\/p>\n","protected":false},"excerpt":{"rendered":"<p>O STF formou maioria nesta quinta-feira (5) para validar o aumento de pena por crimes contra a honra de servidores p\u00fablicos e dos presidentes do Senado, da C\u00e2mara dos Deputados e da pr\u00f3pria Corte em raz\u00e3o de suas fun\u00e7\u00f5es. O julgamento teve in\u00edcio em maio de 2025, sob a relatoria do ministro aposentado Lu\u00eds Roberto [&hellip;]<\/p>\n","protected":false},"author":2,"featured_media":206873,"comment_status":"open","ping_status":"open","sticky":false,"template":"","format":"standard","meta":{"_monsterinsights_skip_tracking":false,"_monsterinsights_sitenote_active":false,"_monsterinsights_sitenote_note":"","_monsterinsights_sitenote_category":0},"categories":[2528,12],"tags":[24521,37287,25121,3014],"aioseo_notices":[],"_links":{"self":[{"href":"https:\/\/mspontocom.com.br\/site\/wp-json\/wp\/v2\/posts\/206854"}],"collection":[{"href":"https:\/\/mspontocom.com.br\/site\/wp-json\/wp\/v2\/posts"}],"about":[{"href":"https:\/\/mspontocom.com.br\/site\/wp-json\/wp\/v2\/types\/post"}],"author":[{"embeddable":true,"href":"https:\/\/mspontocom.com.br\/site\/wp-json\/wp\/v2\/users\/2"}],"replies":[{"embeddable":true,"href":"https:\/\/mspontocom.com.br\/site\/wp-json\/wp\/v2\/comments?post=206854"}],"version-history":[{"count":2,"href":"https:\/\/mspontocom.com.br\/site\/wp-json\/wp\/v2\/posts\/206854\/revisions"}],"predecessor-version":[{"id":206874,"href":"https:\/\/mspontocom.com.br\/site\/wp-json\/wp\/v2\/posts\/206854\/revisions\/206874"}],"wp:featuredmedia":[{"embeddable":true,"href":"https:\/\/mspontocom.com.br\/site\/wp-json\/wp\/v2\/media\/206873"}],"wp:attachment":[{"href":"https:\/\/mspontocom.com.br\/site\/wp-json\/wp\/v2\/media?parent=206854"}],"wp:term":[{"taxonomy":"category","embeddable":true,"href":"https:\/\/mspontocom.com.br\/site\/wp-json\/wp\/v2\/categories?post=206854"},{"taxonomy":"post_tag","embeddable":true,"href":"https:\/\/mspontocom.com.br\/site\/wp-json\/wp\/v2\/tags?post=206854"}],"curies":[{"name":"wp","href":"https:\/\/api.w.org\/{rel}","templated":true}]}}