{"id":206856,"date":"2026-02-06T06:01:34","date_gmt":"2026-02-06T10:01:34","guid":{"rendered":"https:\/\/mspontocom.com.br\/site\/?p=206856"},"modified":"2026-02-06T06:01:34","modified_gmt":"2026-02-06T10:01:34","slug":"mbl-volta-as-ruas-contra-escandalo-master-e-ministros-do-stf","status":"publish","type":"post","link":"https:\/\/mspontocom.com.br\/site\/mbl-volta-as-ruas-contra-escandalo-master-e-ministros-do-stf\/","title":{"rendered":"MBL volta \u00e0s ruas contra esc\u00e2ndalo Master e ministros do STF"},"content":{"rendered":"<p style=\"text-align: justify;\"><img loading=\"lazy\" class=\"alignnone size-full wp-image-206869\" src=\"http:\/\/mspontocom.com.br\/site\/wp-content\/uploads\/2026\/02\/site-mbl-volta-as-ruas-contra-master-e-faz-criticas-ao-stf-mbl.jpg\" alt=\"\" width=\"675\" height=\"448\" srcset=\"https:\/\/mspontocom.com.br\/site\/wp-content\/uploads\/2026\/02\/site-mbl-volta-as-ruas-contra-master-e-faz-criticas-ao-stf-mbl.jpg 675w, https:\/\/mspontocom.com.br\/site\/wp-content\/uploads\/2026\/02\/site-mbl-volta-as-ruas-contra-master-e-faz-criticas-ao-stf-mbl-260x173.jpg 260w\" sizes=\"(max-width: 675px) 100vw, 675px\" \/><\/p>\n<p style=\"text-align: justify;\">O\u00a0<strong> MBL (Movimento Brasil Livre)<\/strong>\u00a0promoveu nesta quinta-feira, 5, um segundo protesto diante da sede do\u00a0<strong>Banco Master<\/strong>, localizada na zona sul de S\u00e3o Paulo.<\/p>\n<p style=\"text-align: justify;\">A manifesta\u00e7\u00e3o\u00a0 trouxe novos elementos \u00e0 pauta, como cr\u00edticas diretas aos ministros <strong>Alexandre de Moraes<\/strong>, e <strong>Dias Toffoli<\/strong>, do STF.<\/p>\n<p style=\"text-align: justify;\">Renan Santos, um dos fundadores do MBL, declarou que a estrat\u00e9gia consiste em\u00a0<em>\u201ccolocar lenha na fogueira\u201d<\/em>\u00a0para impedir que o epis\u00f3dio saia do debate p\u00fablico.<\/p>\n<p style=\"text-align: justify;\">De acordo com Renan, a falta de puni\u00e7\u00f5es representaria o pior desfecho poss\u00edvel para o caso:<\/p>\n<p style=\"text-align: justify;\"><em>\u201c<\/em><em>A<\/em><em>\u00a0sensa\u00e7\u00e3o de impunidade aumentaria\u201d<\/em><\/p>\n<h2 id=\"h-mascaras-e-novos-alvos\" class=\"wp-block-heading\" style=\"text-align: justify;\">M\u00e1scaras e novos alvos<\/h2>\n<p style=\"text-align: justify;\">A manifesta\u00e7\u00e3o inovou ao distribuir aproximadamente\u00a0500 m\u00e1scaras estampadas com o desenho do rosto de Daniel Vorcaro.<\/p>\n<p style=\"text-align: justify;\">Cau\u00ea Del Valle, integrante do movimento, explicou que\u00a0<strong>a imagem foi criada pelo cartunista Andr\u00e9 Guedes<\/strong>\u00a0e ganhou popularidade nas redes sociais entre militantes do grupo.<\/p>\n<p style=\"text-align: justify;\">Outra mudan\u00e7a em rela\u00e7\u00e3o ao primeiro ato foi a inclus\u00e3o de Moraes entre os alvos.<\/p>\n<p style=\"text-align: justify;\">Um dos manifestantes informou que houve reclama\u00e7\u00f5es nas redes ap\u00f3s o protesto anterior pela falta de cr\u00edticas ao ministro.<\/p>\n<p style=\"text-align: justify;\">Durante a manifesta\u00e7\u00e3o, participantes entoaram: <strong><em>\u201cAlexandre, como \u00e9 que \u00e9? Explica a\u00ed os milh\u00f5es para sua mulher\u201d<\/em>.<\/strong><\/p>\n<p style=\"text-align: justify;\"><i><b>Continue em nossa companhia em:<\/b><\/i> <a href=\"http:\/\/www.mspontocom.com.br\/\"><span style=\"color: #0000ff;\"><span style=\"font-family: Comic Sans MS, cursive;\"><span style=\"font-size: small;\"><u>www.mspontocom.com.br<\/u><\/span><\/span><\/span><\/a><\/p>\n","protected":false},"excerpt":{"rendered":"<p>O\u00a0 MBL (Movimento Brasil Livre)\u00a0promoveu nesta quinta-feira, 5, um segundo protesto diante da sede do\u00a0Banco Master, localizada na zona sul de S\u00e3o Paulo. A manifesta\u00e7\u00e3o\u00a0 trouxe novos elementos \u00e0 pauta, como cr\u00edticas diretas aos ministros Alexandre de Moraes, e Dias Toffoli, do STF. Renan Santos, um dos fundadores do MBL, declarou que a estrat\u00e9gia consiste [&hellip;]<\/p>\n","protected":false},"author":2,"featured_media":206869,"comment_status":"open","ping_status":"open","sticky":false,"template":"","format":"standard","meta":{"_monsterinsights_skip_tracking":false,"_monsterinsights_sitenote_active":false,"_monsterinsights_sitenote_note":"","_monsterinsights_sitenote_category":0},"categories":[2528,12],"tags":[43906,25540,587,25322,3014],"aioseo_notices":[],"_links":{"self":[{"href":"https:\/\/mspontocom.com.br\/site\/wp-json\/wp\/v2\/posts\/206856"}],"collection":[{"href":"https:\/\/mspontocom.com.br\/site\/wp-json\/wp\/v2\/posts"}],"about":[{"href":"https:\/\/mspontocom.com.br\/site\/wp-json\/wp\/v2\/types\/post"}],"author":[{"embeddable":true,"href":"https:\/\/mspontocom.com.br\/site\/wp-json\/wp\/v2\/users\/2"}],"replies":[{"embeddable":true,"href":"https:\/\/mspontocom.com.br\/site\/wp-json\/wp\/v2\/comments?post=206856"}],"version-history":[{"count":2,"href":"https:\/\/mspontocom.com.br\/site\/wp-json\/wp\/v2\/posts\/206856\/revisions"}],"predecessor-version":[{"id":206870,"href":"https:\/\/mspontocom.com.br\/site\/wp-json\/wp\/v2\/posts\/206856\/revisions\/206870"}],"wp:featuredmedia":[{"embeddable":true,"href":"https:\/\/mspontocom.com.br\/site\/wp-json\/wp\/v2\/media\/206869"}],"wp:attachment":[{"href":"https:\/\/mspontocom.com.br\/site\/wp-json\/wp\/v2\/media?parent=206856"}],"wp:term":[{"taxonomy":"category","embeddable":true,"href":"https:\/\/mspontocom.com.br\/site\/wp-json\/wp\/v2\/categories?post=206856"},{"taxonomy":"post_tag","embeddable":true,"href":"https:\/\/mspontocom.com.br\/site\/wp-json\/wp\/v2\/tags?post=206856"}],"curies":[{"name":"wp","href":"https:\/\/api.w.org\/{rel}","templated":true}]}}