{"id":206860,"date":"2026-02-06T05:12:23","date_gmt":"2026-02-06T09:12:23","guid":{"rendered":"https:\/\/mspontocom.com.br\/site\/?p=206860"},"modified":"2026-02-06T05:12:23","modified_gmt":"2026-02-06T09:12:23","slug":"moro-comenta-prisao-de-membro-do-pcc-suspeito-de-planejar-seu-sequestro","status":"publish","type":"post","link":"https:\/\/mspontocom.com.br\/site\/moro-comenta-prisao-de-membro-do-pcc-suspeito-de-planejar-seu-sequestro\/","title":{"rendered":"Moro comenta pris\u00e3o de membro do PCC suspeito de planejar seu sequestro"},"content":{"rendered":"<p class=\"jarvics:base-text-neutral-high-400 xovem:base-text-dark-high-400 base-text-[calc(theme(fontSize.xs)_*_var(--font-size,_1))] base-font-normal base-font-primary base-text-neutral-low-500 base-text-left\" style=\"text-align: justify;\"><span class=\"b-article-body__text\"><img loading=\"lazy\" class=\"alignnone size-full wp-image-206861\" src=\"http:\/\/mspontocom.com.br\/site\/wp-content\/uploads\/2026\/02\/site-moro-comenta-prisao-de-membro-do-pcc-suspeito-de-planejar-seu-sequestro-moro-microfone.jpg\" alt=\"\" width=\"860\" height=\"570\" srcset=\"https:\/\/mspontocom.com.br\/site\/wp-content\/uploads\/2026\/02\/site-moro-comenta-prisao-de-membro-do-pcc-suspeito-de-planejar-seu-sequestro-moro-microfone.jpg 860w, https:\/\/mspontocom.com.br\/site\/wp-content\/uploads\/2026\/02\/site-moro-comenta-prisao-de-membro-do-pcc-suspeito-de-planejar-seu-sequestro-moro-microfone-260x172.jpg 260w, https:\/\/mspontocom.com.br\/site\/wp-content\/uploads\/2026\/02\/site-moro-comenta-prisao-de-membro-do-pcc-suspeito-de-planejar-seu-sequestro-moro-microfone-768x509.jpg 768w\" sizes=\"(max-width: 860px) 100vw, 860px\" \/>O senador Sergio Moro (Uni\u00e3o-PR) avaliou que a pris\u00e3o do membro do PCC (Primeiro Comando da Capital) Sidney Rodrigo Aparecido Piovesan, conhecido como \u201cEl Cid\u201d, \u00e9 uma forma de \u201cjusti\u00e7a sendo realizada\u201d.<\/span><\/p>\n<p class=\"jarvics:base-text-neutral-high-400 xovem:base-text-dark-high-400 base-text-[calc(theme(fontSize.xs)_*_var(--font-size,_1))] base-font-normal base-font-primary base-text-neutral-low-500 base-text-left\" style=\"text-align: justify;\"><span class=\"b-article-body__text\">\u201cEl Cid\u201d era apontado como mentor de um suposto plano para sequestrar Moro e outras autoridades.<\/span><\/p>\n<p class=\"jarvics:base-text-neutral-high-400 xovem:base-text-dark-high-400 base-text-[calc(theme(fontSize.xs)_*_var(--font-size,_1))] base-font-normal base-font-primary base-text-neutral-low-500 base-text-left\" style=\"text-align: justify;\"><span class=\"b-article-body__text\">O parlamentar afirmou que as a\u00e7\u00f5es planejadas contra ele seriam uma retalia\u00e7\u00e3o ao per\u00edodo em que atuou como ministro da Justi\u00e7a e Seguran\u00e7a P\u00fablica, no governo do ex-presidente Jair Bolsonaro.<\/span><\/p>\n<p class=\"jarvics:base-text-neutral-high-400 xovem:base-text-dark-high-400 base-text-[calc(theme(fontSize.xs)_*_var(--font-size,_1))] base-font-normal base-font-primary base-text-neutral-low-500 base-text-left\" style=\"text-align: justify;\"><span class=\"b-article-body__text\">\u201c\u00c9 bom saber que os envolvidos est\u00e3o caindo um a um, sendo presos. Teve alguns at\u00e9 que, infelizmente, foram mortos pelos pr\u00f3prios criminosos na pris\u00e3o. Mas, no m\u00ednimo, as pessoas t\u00eam que ser presas\u201d, disse.<\/span><\/p>\n<p style=\"text-align: justify;\"><i><b>Continue em nossa companhia em:<\/b><\/i> <a href=\"http:\/\/www.mspontocom.com.br\/\"><span style=\"color: #0000ff;\"><span style=\"font-family: Comic Sans MS, cursive;\"><span style=\"font-size: small;\"><u>www.mspontocom.com.br<\/u><\/span><\/span><\/span><\/a><\/p>\n","protected":false},"excerpt":{"rendered":"<p>O senador Sergio Moro (Uni\u00e3o-PR) avaliou que a pris\u00e3o do membro do PCC (Primeiro Comando da Capital) Sidney Rodrigo Aparecido Piovesan, conhecido como \u201cEl Cid\u201d, \u00e9 uma forma de \u201cjusti\u00e7a sendo realizada\u201d. \u201cEl Cid\u201d era apontado como mentor de um suposto plano para sequestrar Moro e outras autoridades. O parlamentar afirmou que as a\u00e7\u00f5es planejadas [&hellip;]<\/p>\n","protected":false},"author":2,"featured_media":206861,"comment_status":"open","ping_status":"open","sticky":false,"template":"","format":"standard","meta":{"_monsterinsights_skip_tracking":false,"_monsterinsights_sitenote_active":false,"_monsterinsights_sitenote_note":"","_monsterinsights_sitenote_category":0},"categories":[2528,12],"tags":[44195,23158,4275,1790,5250],"aioseo_notices":[],"_links":{"self":[{"href":"https:\/\/mspontocom.com.br\/site\/wp-json\/wp\/v2\/posts\/206860"}],"collection":[{"href":"https:\/\/mspontocom.com.br\/site\/wp-json\/wp\/v2\/posts"}],"about":[{"href":"https:\/\/mspontocom.com.br\/site\/wp-json\/wp\/v2\/types\/post"}],"author":[{"embeddable":true,"href":"https:\/\/mspontocom.com.br\/site\/wp-json\/wp\/v2\/users\/2"}],"replies":[{"embeddable":true,"href":"https:\/\/mspontocom.com.br\/site\/wp-json\/wp\/v2\/comments?post=206860"}],"version-history":[{"count":1,"href":"https:\/\/mspontocom.com.br\/site\/wp-json\/wp\/v2\/posts\/206860\/revisions"}],"predecessor-version":[{"id":206862,"href":"https:\/\/mspontocom.com.br\/site\/wp-json\/wp\/v2\/posts\/206860\/revisions\/206862"}],"wp:featuredmedia":[{"embeddable":true,"href":"https:\/\/mspontocom.com.br\/site\/wp-json\/wp\/v2\/media\/206861"}],"wp:attachment":[{"href":"https:\/\/mspontocom.com.br\/site\/wp-json\/wp\/v2\/media?parent=206860"}],"wp:term":[{"taxonomy":"category","embeddable":true,"href":"https:\/\/mspontocom.com.br\/site\/wp-json\/wp\/v2\/categories?post=206860"},{"taxonomy":"post_tag","embeddable":true,"href":"https:\/\/mspontocom.com.br\/site\/wp-json\/wp\/v2\/tags?post=206860"}],"curies":[{"name":"wp","href":"https:\/\/api.w.org\/{rel}","templated":true}]}}