{"id":206877,"date":"2026-02-06T03:27:12","date_gmt":"2026-02-06T07:27:12","guid":{"rendered":"https:\/\/mspontocom.com.br\/site\/?p=206877"},"modified":"2026-02-06T06:41:10","modified_gmt":"2026-02-06T10:41:10","slug":"tem-feira-de-adocao-de-pets-neste-sabado-em-campo-grande","status":"publish","type":"post","link":"https:\/\/mspontocom.com.br\/site\/tem-feira-de-adocao-de-pets-neste-sabado-em-campo-grande\/","title":{"rendered":"Tem feira de ado\u00e7\u00e3o de pets neste s\u00e1bado em Campo Grande"},"content":{"rendered":"<p style=\"font-weight: 400; text-align: justify;\"><img loading=\"lazy\" class=\"alignnone size-full wp-image-206879\" src=\"http:\/\/mspontocom.com.br\/site\/wp-content\/uploads\/2026\/02\/site-tem-feira-de-adocao-de-pets-neste-sabado-em-campo-grande-gato.jpg\" alt=\"\" width=\"899\" height=\"578\" srcset=\"https:\/\/mspontocom.com.br\/site\/wp-content\/uploads\/2026\/02\/site-tem-feira-de-adocao-de-pets-neste-sabado-em-campo-grande-gato.jpg 899w, https:\/\/mspontocom.com.br\/site\/wp-content\/uploads\/2026\/02\/site-tem-feira-de-adocao-de-pets-neste-sabado-em-campo-grande-gato-260x167.jpg 260w, https:\/\/mspontocom.com.br\/site\/wp-content\/uploads\/2026\/02\/site-tem-feira-de-adocao-de-pets-neste-sabado-em-campo-grande-gato-768x494.jpg 768w\" sizes=\"(max-width: 899px) 100vw, 899px\" \/>A Amicats realiza neste s\u00e1bado (07) uma feira de ado\u00e7\u00e3o de gatos e c\u00e3es filhotes.<\/p>\n<blockquote>\n<p style=\"font-weight: 400;\"><em>\u201cEssa \u00e9 uma oportunidade de oferecer um lar com amor e respeito a animais que foram abandonados e levar uma companhia e muito amor para casa\u201d, destaca Ana Cristina Castro, presidente da Amicats.<\/em><\/p>\n<\/blockquote>\n<p style=\"font-weight: 400; text-align: justify;\">A feira acontece das 9h \u00e0s 15h, na Cobasi, e \u00e9 aberta a todos que desejam transformar vidas por meio da ado\u00e7\u00e3o consciente.<\/p>\n<p style=\"font-weight: 400; text-align: justify;\"><strong>Para adotar, \u00e9 necess\u00e1rio apresentar documento com foto e comprovante de resid\u00eancia.<\/strong><\/p>\n<p style=\"font-weight: 400; text-align: justify;\">Para a ado\u00e7\u00e3o de gatos \u00e9 obrigat\u00f3rio levar (ou adquirir na loja) uma caixa de transporte e para o caso de c\u00e3es, a guia com coleira.<\/p>\n<p style=\"font-weight: 400; text-align: justify;\"><strong>Sobre a ONG<\/strong><\/p>\n<p style=\"font-weight: 400; text-align: justify;\">Com mais de 400 gatos atualmente acolhidos, a Amicats atua diariamente no resgate, cuidado e encaminhamento respons\u00e1vel de animais, al\u00e9m de apoiar pessoas que tamb\u00e9m se dedicam \u00e0 causa animal.<\/p>\n<p style=\"font-weight: 400; text-align: justify;\">As feiras de ado\u00e7\u00e3o fazem parte desse trabalho cont\u00ednuo, que depende de solidariedade, engajamento e amor coletivo.<\/p>\n<p style=\"font-weight: 400; text-align: justify;\">Quem desejar ajudar a ONG pode contribuir com doa\u00e7\u00f5es de qualquer valor via PIX: 27806981\/0001-15 (CNPJ).<\/p>\n<p style=\"font-weight: 400; text-align: justify;\">Outras informa\u00e7\u00f5es est\u00e3o dispon\u00edveis no Instagram <strong>@ongamicats.<\/strong><\/p>\n<p style=\"font-weight: 400; text-align: justify;\"><span style=\"font-size: 18pt;\"><strong>Servi\u00e7o<\/strong><\/span><\/p>\n<p style=\"font-weight: 400; text-align: justify;\">Feira de Ado\u00e7\u00e3o Amicats \u2013 c\u00e3es e gatos resgatados<\/p>\n<p style=\"font-weight: 400; text-align: justify;\">Data: 07 de fevereiro de 2026 (s\u00e1bado)<\/p>\n<p style=\"font-weight: 400; text-align: justify;\">Hor\u00e1rio: 9h \u00e0s 15h<\/p>\n<p style=\"font-weight: 400; text-align: justify;\">Local: Cobasi \u2013 Avenida Afonso Pena, 3665 \u2013 Centro<\/p>\n<p style=\"text-align: justify;\"><i><b>Continue em nossa companhia em:<\/b><\/i> <a href=\"http:\/\/www.mspontocom.com.br\/\"><span style=\"color: #0000ff;\"><span style=\"font-family: Comic Sans MS, cursive;\"><span style=\"font-size: small;\"><u>www.mspontocom.com.br<\/u><\/span><\/span><\/span><\/a><\/p>\n","protected":false},"excerpt":{"rendered":"<p>A Amicats realiza neste s\u00e1bado (07) uma feira de ado\u00e7\u00e3o de gatos e c\u00e3es filhotes. \u201cEssa \u00e9 uma oportunidade de oferecer um lar com amor e respeito a animais que foram abandonados e levar uma companhia e muito amor para casa\u201d, destaca Ana Cristina Castro, presidente da Amicats. A feira acontece das 9h \u00e0s 15h, [&hellip;]<\/p>\n","protected":false},"author":2,"featured_media":206879,"comment_status":"open","ping_status":"open","sticky":false,"template":"","format":"standard","meta":{"_monsterinsights_skip_tracking":false,"_monsterinsights_sitenote_active":false,"_monsterinsights_sitenote_note":"","_monsterinsights_sitenote_category":0},"categories":[4328],"tags":[44198,123,624,22151],"aioseo_notices":[],"_links":{"self":[{"href":"https:\/\/mspontocom.com.br\/site\/wp-json\/wp\/v2\/posts\/206877"}],"collection":[{"href":"https:\/\/mspontocom.com.br\/site\/wp-json\/wp\/v2\/posts"}],"about":[{"href":"https:\/\/mspontocom.com.br\/site\/wp-json\/wp\/v2\/types\/post"}],"author":[{"embeddable":true,"href":"https:\/\/mspontocom.com.br\/site\/wp-json\/wp\/v2\/users\/2"}],"replies":[{"embeddable":true,"href":"https:\/\/mspontocom.com.br\/site\/wp-json\/wp\/v2\/comments?post=206877"}],"version-history":[{"count":2,"href":"https:\/\/mspontocom.com.br\/site\/wp-json\/wp\/v2\/posts\/206877\/revisions"}],"predecessor-version":[{"id":206880,"href":"https:\/\/mspontocom.com.br\/site\/wp-json\/wp\/v2\/posts\/206877\/revisions\/206880"}],"wp:featuredmedia":[{"embeddable":true,"href":"https:\/\/mspontocom.com.br\/site\/wp-json\/wp\/v2\/media\/206879"}],"wp:attachment":[{"href":"https:\/\/mspontocom.com.br\/site\/wp-json\/wp\/v2\/media?parent=206877"}],"wp:term":[{"taxonomy":"category","embeddable":true,"href":"https:\/\/mspontocom.com.br\/site\/wp-json\/wp\/v2\/categories?post=206877"},{"taxonomy":"post_tag","embeddable":true,"href":"https:\/\/mspontocom.com.br\/site\/wp-json\/wp\/v2\/tags?post=206877"}],"curies":[{"name":"wp","href":"https:\/\/api.w.org\/{rel}","templated":true}]}}